{"id":2075,"date":"2026-03-24T08:04:29","date_gmt":"2026-03-24T11:04:29","guid":{"rendered":"https:\/\/grandepremio.com\/es\/2026\/03\/24\/marc-marquez-rendimiento-brasil-motogp-2026\/"},"modified":"2026-03-24T08:04:33","modified_gmt":"2026-03-24T11:04:33","slug":"marc-marquez-rendimiento-brasil-motogp-2026","status":"publish","type":"post","link":"https:\/\/grandepremio.com\/es\/motogp\/marc-marquez-rendimiento-brasil-motogp-2026\/","title":{"rendered":"Marc M\u00e1rquez destaca su rendimiento en Brasil: &#8220;Me sent\u00ed mejor&#8221;"},"content":{"rendered":"\n<p class=\"wp-block-paragraph\"><strong>Marc M\u00e1rquez <\/strong>gan\u00f3 la carrera sprint, <a href=\"https:\/\/grandepremio.com\/es\/motogp\/bezzecchi-encabeza-1-2-aprilia-gp-brasil-motogp\/\">pero no logr\u00f3 subir al podio en el<strong> Gran Premio de Brasil de MotoGP<\/strong>, celebrado este domingo en la ciudad de<strong> Goiania.<\/strong><\/a><strong> <\/strong>Aun as\u00ed, el espa\u00f1ol valor\u00f3 positivamente su rendimiento a lo largo del fin de semana, pero se\u00f1al\u00f3 en qu\u00e9 aspectos debe mejorar en las pr\u00f3ximas fechas del <strong>Campeonato del Mundo de Motociclismo.<\/strong><\/p>\n\n\n\n<p class=\"wp-block-paragraph\">\u00abEstoy perdiendo en las primeras vueltas. Solo eso. No me siento bien en ese momento inicial, y eso es lo que necesito mejorar\u00bb, expres\u00f3 durante una rueda de prensa a la que asisti\u00f3 <strong>GRANDE PR\u00caMIO<\/strong> tras la carrera.<\/p>\n\n\n\n<p class=\"wp-block-paragraph\">El catal\u00e1n larg\u00f3 desde la tercera posici\u00f3n, pero no logr\u00f3 seguir el ritmo de las <strong>Aprilia <\/strong>de <strong>Marco Bezzecchi y Jorge Mart\u00edn. <\/strong>El duelo particular del #93 fue con <strong>Fabio Di Giannantonio<\/strong>, de <strong>VR46<\/strong>. Ambos intercambiaron posiciones a lo largo de la carrera, pero, en las \u00faltimas vueltas, el italiano se impuso y se qued\u00f3 con la tercera posici\u00f3n. A\u00fan as\u00ed, para Marc, la sensaci\u00f3n positiva con la moto fue importante.<\/p>\n\n\n\n<p class=\"wp-block-paragraph\"><strong><em>\u00a1Todas las novedades te esperan en el canal de <a href=\"https:\/\/www.youtube.com\/@GrandePremioES\" target=\"_blank\" rel=\"noreferrer noopener\">YouTube<\/a> de Grande Pr\u00eamio en Espa\u00f1ol!<\/em><\/strong><br><\/p>\n\n\n\n<figure class=\"wp-block-embed is-type-video is-provider-youtube wp-block-embed-youtube wp-embed-aspect-16-9 wp-has-aspect-ratio\"><div class=\"wp-block-embed__wrapper\">\n<iframe loading=\"lazy\" title=\"LA CRISIS INTERMINABLE DE ASTON MARTIN EN LA F1 2026\" width=\"500\" height=\"281\" src=\"https:\/\/www.youtube.com\/embed\/D3-6MncspAw?feature=oembed\" frameborder=\"0\" allow=\"accelerometer; autoplay; clipboard-write; encrypted-media; gyroscope; picture-in-picture; web-share\" referrerpolicy=\"strict-origin-when-cross-origin\" allowfullscreen><\/iframe>\n<\/div><\/figure>\n\n\n\n<p class=\"wp-block-paragraph\"><strong><em>\u00a1Seguinos en redes por <a href=\"https:\/\/twitter.com\/grandepremioES\" target=\"_blank\" rel=\"noreferrer noopener\">Twitter <\/a>e <a href=\"https:\/\/www.instagram.com\/grandepremioes\/\" target=\"_blank\" rel=\"noreferrer noopener\">Instagram!<\/a><\/em><\/strong><br><strong><em>Adem\u00e1s, tenemos nuestro <a href=\"https:\/\/whatsapp.com\/channel\/0029VaDZ5zb0gcfDxuwxBM05\" target=\"_blank\" rel=\"noreferrer noopener\">canal de Whatsapp<\/a> con toda la informaci\u00f3n al instante<\/em><\/strong><\/p>\n\n\n\n<p class=\"wp-block-paragraph\">\u00abEstoy satisfecho con el rendimiento. Estaba ah\u00ed, pilotando bien, c\u00f3modo. Y es cierto que hice un fin de semana muy bueno. Estoy contento porque, en Tailandia, no me sent\u00ed tan bien. Aqu\u00ed fue mejor y espero seguir evolucionando paso a paso\u00bb, valor\u00f3 el piloto de Ducati.<\/p>\n\n\n\n<p class=\"wp-block-paragraph\">\u00abSiempre tengo en cuenta el conjunto: piloto m\u00e1s moto. No es solo el piloto, ni solo la moto. Juntos, en este momento, estamos rindiendo muy bien\u00bb, concluy\u00f3 Marc M\u00e1rquez.<\/p>\n\n\n\n<p class=\"wp-block-paragraph\"><strong>El MotoGP vuelve el pr\u00f3ximo fin de semana en Austin con el GP de las Am\u00e9ricas, en el marco de la tercera fecha de la temporada 2026.<\/strong><\/p>\n\n\n\n<p class=\"wp-block-paragraph\"><\/p>\n","protected":false},"excerpt":{"rendered":"<p>Cuarto en el GP de Brasil, Marc M\u00e1rquez dio detalles de los aspectos a mejorar de Ducati, aunque expres\u00f3 que se sinti\u00f3 m\u00e1s c\u00f3modo con la moto en la competencia disputada en Goiania.<\/p>\n","protected":false},"author":0,"featured_media":1010395005,"comment_status":"closed","ping_status":"closed","sticky":false,"template":"","format":"standard","meta":{"42wp_featured_image_caption":"","42wp_featured_image_credits":"","42wp_featured_video":"","42wp_featured_image_hidden":false,"42wp_authors_list":[],"footnotes":""},"categories":[8],"tags":[458,1392,1293,8591],"42wp_author":[14223],"class_list":["post-2075","post","type-post","status-publish","format-standard","has-post-thumbnail","hentry","category-motogp","tag-brasil","tag-marc-marquez-2","tag-motogp","tag-motogp-2026","42wp_author-esteban-nieto"],"_links":{"self":[{"href":"https:\/\/grandepremio.com\/es\/wp-json\/wp\/v2\/posts\/2075","targetHints":{"allow":["GET"]}}],"collection":[{"href":"https:\/\/grandepremio.com\/es\/wp-json\/wp\/v2\/posts"}],"about":[{"href":"https:\/\/grandepremio.com\/es\/wp-json\/wp\/v2\/types\/post"}],"replies":[{"embeddable":true,"href":"https:\/\/grandepremio.com\/es\/wp-json\/wp\/v2\/comments?post=2075"}],"version-history":[{"count":0,"href":"https:\/\/grandepremio.com\/es\/wp-json\/wp\/v2\/posts\/2075\/revisions"}],"wp:featuredmedia":[{"embeddable":true,"href":"https:\/\/grandepremio.com\/es\/wp-json\/wp\/v2\/media\/1010395005"}],"wp:attachment":[{"href":"https:\/\/grandepremio.com\/es\/wp-json\/wp\/v2\/media?parent=2075"}],"wp:term":[{"taxonomy":"category","embeddable":true,"href":"https:\/\/grandepremio.com\/es\/wp-json\/wp\/v2\/categories?post=2075"},{"taxonomy":"post_tag","embeddable":true,"href":"https:\/\/grandepremio.com\/es\/wp-json\/wp\/v2\/tags?post=2075"},{"taxonomy":"42wp_author","embeddable":true,"href":"https:\/\/grandepremio.com\/es\/wp-json\/wp\/v2\/42wp_author?post=2075"}],"curies":[{"name":"wp","href":"https:\/\/api.w.org\/{rel}","templated":true}]}}