{"id":20770,"date":"2022-11-29T15:22:29","date_gmt":"2022-11-29T18:22:29","guid":{"rendered":"https:\/\/grandepremio.com\/es\/2022\/11\/29\/aston-martin-muy-impresionado-fernando-alonso\/"},"modified":"2022-11-29T15:24:44","modified_gmt":"2022-11-29T18:24:44","slug":"aston-martin-muy-impresionado-fernando-alonso","status":"publish","type":"post","link":"https:\/\/grandepremio.com\/es\/f1\/aston-martin-muy-impresionado-fernando-alonso\/","title":{"rendered":"Aston Martin dice estar &#8220;muy impresionado&#8221; con Alonso en tests: &#8220;Encendi\u00f3 una chispa&#8221;"},"content":{"rendered":"\n<p class=\"wp-block-paragraph\"><strong>Fernando Alonso<\/strong> realiz\u00f3 su primer d\u00eda de tests en pista con <strong>Aston Martin<\/strong> en <strong>Abu Dhabi<\/strong> la semana pasada, apenas 48 horas despu\u00e9s de terminar la temporada 2022 de <strong>F\u00f3rmula 1<\/strong> para <strong>Alpine<\/strong>. Un d\u00eda de pista fue suficiente para impresionar al nuevo equipo, seg\u00fan el jefe <strong>Mike Krack<\/strong>.<\/p>\n\n\n\n<p class=\"wp-block-paragraph\"><strong><strong><strong>\u00a1Conoce el canal de Grande Pr\u00eamio en Espa\u00f1ol en\u00a0<a href=\"https:\/\/www.youtube.com\/channel\/UCDxWojGVUi9gWYhrY0pGbIQ\" target=\"_blank\" rel=\"noreferrer noopener\">YouTube<\/a>!<br>\u00a1Sigue a\u00a0Grande Pr\u00eamio en Espa\u00f1ol\u00a0en\u00a0<a href=\"https:\/\/twitter.com\/grandepremioES\" target=\"_blank\" rel=\"noreferrer noopener\">Twitter\u00a0<\/a>y en\u00a0<a href=\"https:\/\/www.instagram.com\/grandepremioes\/\" target=\"_blank\" rel=\"noreferrer noopener\">Instagram<\/a>!<\/strong><\/strong><\/strong><\/p>\n\n\n\n<p class=\"wp-block-paragraph\">Seg\u00fan Krack, Alonso demostr\u00f3 una impresionante claridad para desencadenar el equipo con comentarios sobre el coche y los neum\u00e1ticos, siempre de forma amistosa. Hizo a\u00fan m\u00e1s: mostr\u00f3 tal voluntad de competir que encendi\u00f3 el esp\u00edritu de Aston Martin.<\/p>\n\n\n\n<p class=\"wp-block-paragraph\">&#8220;Fue muy impresionante. Nos ha impresionado mucho la eficacia con la que se transmiten los mensajes: directos al grano en todo momento. Fue muy amistoso, abierto y transparente, creo que en ambas direcciones. Estamos muy contentos de c\u00f3mo ha ido la prueba&#8221;, dijo.<\/p>\n\n\n\n<figure class=\"wp-block-image size-large\"><img decoding=\"async\" src=\"https:\/\/www.grandepremio.com\/br\/wp-content\/uploads\/2022\/11\/IMG_3838_1-1024x683.jpg\" alt=\"\" class=\"wp-image-631478\"\/><figcaption>El jefe de Aston Martin, Mike Krack, elogi\u00f3 a Alonso (Foto: Rodrigo Berton\/Grande Pr\u00eamio)<\/figcaption><\/figure>\n\n\n\n<p class=\"wp-block-paragraph\"><strong>VER TAMBI\u00c9N<\/strong><br><strong><a href=\"https:\/\/grandepremio.com\/es\/\/f1\/fernando-alonso-admite-preocupacion-regreso-f1\/\">Alonso admite su preocupaci\u00f3n por el regreso a la F\u00f3rmula 1: \u00abNo se puede subestimar\u00bb<\/a><br><a href=\"https:\/\/grandepremio.com\/es\/\/f1\/esteban-ocon-falta-implicacion-fernando-alonso-alpine\/\">Ocon ve sobrecarga y falta de implicaci\u00f3n de Alonso en Alpine: \u00abHice el 98% de todo\u00bb<\/a><\/strong><\/p>\n\n\n\n<p class=\"wp-block-paragraph\">&#8220;Es un ejemplo de dedicaci\u00f3n y motivaci\u00f3n. Si alguien tiene con esa pasi\u00f3n y voluntad de ganar, repercute en el equipo. Podemos ver claramente [que es el caso de Alonso]&#8221;, sigui\u00f3.<\/p>\n\n\n\n<p class=\"wp-block-paragraph\">&#8220;Todo el mundo estaba muy contento de poner el coche en pista para los tests, as\u00ed que creo que eso encendi\u00f3 una chispa en el equipo, gracias al deseo y la pasi\u00f3n [de Alonso] por ganar&#8221;, se\u00f1al\u00f3.<\/p>\n\n\n\n<p class=\"wp-block-paragraph\">A pesar de todos los elogios, el equipo sabe que debe entregar al bicampe\u00f3n un coche m\u00e1s acorde con sus aspiraciones. Pero no cree que, sea cual sea la situaci\u00f3n, el piloto vaya a crear tensiones en el garaje.<\/p>\n\n\n\n<p class=\"wp-block-paragraph\">&#8220;Con Fernando, siempre me quedo con la imagen del <strong>GP de Ciudad de M\u00e9xico<\/strong> y su frustraci\u00f3n por acabar s\u00e9ptimo. No creo [en los problemas creados por Alonso en caso de pasar por momentos dif\u00edciles]. Y hemos empezado muy, muy bien. Realmente vamos a intentar construir algo sobre la base de este comienzo. No tengo ning\u00fan indicio de que podamos estar en el camino equivocado&#8221;, finaliz\u00f3.<\/p>\n\n\n\n<p class=\"wp-block-paragraph\">Alonso tendr\u00e1 a <strong>Lance Stroll<\/strong> como compa\u00f1ero de equipo en la temporada 2023 en Aston Martin.<\/p>\n\n\n\n<p class=\"wp-block-paragraph\"><strong>RETROSPECTIVA 2022:&nbsp;<a href=\"https:\/\/grandepremio.com\/es\/\/f1\/retrospectiva-2022-max-verstappen-sergio-perez-red-bull\/\">Verstappen y Red Bull dominan, pero encaran 2023 con desaf\u00edos<\/a><\/strong><\/p>\n","protected":false},"excerpt":{"rendered":"<p>El jefe del equipo Aston Martin, Mike Krack, dijo que el equipo estaba muy animado por el d\u00eda de pruebas de Fernando Alonso en Abu Dhabi.<\/p>\n","protected":false},"author":0,"featured_media":1010099744,"comment_status":"closed","ping_status":"closed","sticky":false,"template":"","format":"standard","meta":{"42wp_featured_image_caption":"","42wp_featured_image_credits":"","42wp_featured_video":"","42wp_featured_image_hidden":false,"42wp_authors_list":[],"footnotes":""},"categories":[5],"tags":[678,209,181,1495,1676,184,179,1488,2237,2045,4074],"42wp_author":[14234],"class_list":["post-20770","post","type-post","status-publish","format-standard","has-post-thumbnail","hentry","category-f1","tag-alpine","tag-aston-martin","tag-f1","tag-f1-2022","tag-f1-2023","tag-fernando-alonso","tag-formula-1","tag-grande-premio","tag-grandepremio","tag-mike-krack","tag-tests-de-abu-dhabi","42wp_author-douglas-rocha"],"_links":{"self":[{"href":"https:\/\/grandepremio.com\/es\/wp-json\/wp\/v2\/posts\/20770","targetHints":{"allow":["GET"]}}],"collection":[{"href":"https:\/\/grandepremio.com\/es\/wp-json\/wp\/v2\/posts"}],"about":[{"href":"https:\/\/grandepremio.com\/es\/wp-json\/wp\/v2\/types\/post"}],"replies":[{"embeddable":true,"href":"https:\/\/grandepremio.com\/es\/wp-json\/wp\/v2\/comments?post=20770"}],"version-history":[{"count":0,"href":"https:\/\/grandepremio.com\/es\/wp-json\/wp\/v2\/posts\/20770\/revisions"}],"wp:featuredmedia":[{"embeddable":true,"href":"https:\/\/grandepremio.com\/es\/wp-json\/wp\/v2\/media\/1010099744"}],"wp:attachment":[{"href":"https:\/\/grandepremio.com\/es\/wp-json\/wp\/v2\/media?parent=20770"}],"wp:term":[{"taxonomy":"category","embeddable":true,"href":"https:\/\/grandepremio.com\/es\/wp-json\/wp\/v2\/categories?post=20770"},{"taxonomy":"post_tag","embeddable":true,"href":"https:\/\/grandepremio.com\/es\/wp-json\/wp\/v2\/tags?post=20770"},{"taxonomy":"42wp_author","embeddable":true,"href":"https:\/\/grandepremio.com\/es\/wp-json\/wp\/v2\/42wp_author?post=20770"}],"curies":[{"name":"wp","href":"https:\/\/api.w.org\/{rel}","templated":true}]}}