{"id":20792,"date":"2022-11-26T14:35:51","date_gmt":"2022-11-26T17:35:51","guid":{"rendered":"https:\/\/grandepremio.com\/es\/2022\/11\/26\/daniel-ricciardo-reencontrar-amor-f1-2023\/"},"modified":"2022-11-26T14:45:17","modified_gmt":"2022-11-26T17:45:17","slug":"daniel-ricciardo-reencontrar-amor-f1-2023","status":"publish","type":"post","link":"https:\/\/grandepremio.com\/es\/f1\/daniel-ricciardo-reencontrar-amor-f1-2023\/","title":{"rendered":"Ricciardo quiere &#8220;reencontrar amor por F1&#8221; en 2023: &#8220;Necesitaba dar un paso lejos&#8221;"},"content":{"rendered":"\n<p class=\"wp-block-paragraph\"><strong>Daniel Ricciardo<\/strong> admiti\u00f3 que la consternaci\u00f3n por una muy mala segunda temporada con <strong>McLaren<\/strong> fue fundamental en su decisi\u00f3n de mantenerse fuera de las pistas en 2023: el australiano ser\u00e1 el tercer piloto de <strong>Red Bull<\/strong> a partir del pr\u00f3ximo a\u00f1o. Preocupado por perder la pasi\u00f3n por el deporte en el que se ha desplomado repentinamente, <strong>Ricciardo<\/strong> reconoci\u00f3 que la mejor opci\u00f3n ser\u00eda tomarse un descanso de la <a href=\"https:\/\/grandepremio.com\/es\/\/categoria\/f1\/\" target=\"_blank\" rel=\"noreferrer noopener\">F\u00f3rmula 1<\/a> el pr\u00f3ximo a\u00f1o.<\/p>\n\n\n\n<p class=\"wp-block-paragraph\">\u201cA medida que se desarrollaba la segunda mitad de la temporada, sent\u00ed que necesitaba alejarme dando un paso de esto [<strong>F1<\/strong>], reconstruir, reiniciar y volver a encontrar el amor por ella\u201d, dijo <strong>Ricciardo<\/strong> al portal australiano <em>Speedcafe<\/em>. \u201cPorque a este nivel, si no tienes eso, no te est\u00e1s haciendo justicia ni a ti ni a nadie a tu alrededor\u201d, lament\u00f3.<\/p>\n\n\n\n<p class=\"wp-block-paragraph\"><strong><strong>\u00a1Conoce el canal de Grande Pr\u00eamio en Espa\u00f1ol en\u00a0<a href=\"https:\/\/www.youtube.com\/channel\/UCDxWojGVUi9gWYhrY0pGbIQ\" target=\"_blank\" rel=\"noreferrer noopener\">YouTube<\/a>!<br>\u00a1Sigue a\u00a0Grande Pr\u00eamio en Espa\u00f1ol\u00a0en\u00a0<a href=\"https:\/\/twitter.com\/grandepremioES\" target=\"_blank\" rel=\"noreferrer noopener\">Twitter\u00a0<\/a>y en\u00a0<a href=\"https:\/\/www.instagram.com\/grandepremioes\/\" target=\"_blank\" rel=\"noreferrer noopener\">Instagram<\/a>!<\/strong><\/strong><\/p>\n\n\n\n<figure class=\"wp-block-image size-large\"><img decoding=\"async\" src=\"https:\/\/www.grandepremio.com\/br\/wp-content\/uploads\/2022\/11\/mclaren-danielricciardo-04-1-1024x683.jpg\" alt=\"\" class=\"wp-image-635361\"\/><figcaption>C\u00famulo de decepciones en McLaren hizo que Ricciardo sintiese la necesidad de alejarse (Foto: McLaren)<\/figcaption><\/figure>\n\n\n\n<p class=\"wp-block-paragraph\">La primera temporada de <strong>Ricciardo<\/strong> en <strong>McLaren<\/strong> estuvo por debajo de las expectativas, pero al menos su victoria en el GP de Italia de 2021 dej\u00f3 la impresi\u00f3n de que era posible tener d\u00edas mejores. Sin embargo, 2022 trajo la peor versi\u00f3n posible del piloto, que no super\u00f3 los 37 puntos en el Mundial de Constructores, con<strong> Lando Norris<\/strong>, su compa\u00f1ero de equipo, anotando 122.<\/p>\n\n\n\n<p class=\"wp-block-paragraph\">Con eso, <strong>Daniel<\/strong> fue reemplazado por la promesa <strong>Oscar Piastri<\/strong>, campe\u00f3n de <strong>F\u00f3rmula 2<\/strong> en 2021 y ex reserva de <strong>Alpine<\/strong>, quien perdi\u00f3 a su piloto ante la escuder\u00eda inglesa y fue a buscar a <strong>Pierre Gasly<\/strong> a AlphaTauri. <strong>Ricciardo<\/strong> neg\u00f3 que la pasi\u00f3n por la <strong>F\u00f3rmula 1<\/strong> haya llegado a su fin, pero admiti\u00f3 haber temido esa posibilidad tras la acumulaci\u00f3n de malos resultados. \u201cNo digo que la haya perdido, pero me tem\u00eda que lo har\u00eda\u201d, dijo.<\/p>\n\n\n\n<p class=\"wp-block-paragraph\">\u201cS\u00ed, los pilotos de F1 son realmente muy buenos en lo que hacen, pero tambi\u00e9n son humanos y los despiden, se agotan, se cansan\u201d, se\u00f1al\u00f3. \u201cY en este nivel de nuestro deporte, esto es peligroso, no se puede operar al 99%. As\u00ed que realmente sent\u00ed que ten\u00eda miedo de no estar en mi mejor momento si hac\u00eda otro a\u00f1o&#8221;, concluy\u00f3.<\/p>\n","protected":false},"excerpt":{"rendered":"<p>Daniel Ricciardo habl\u00f3 sobre la elecci\u00f3n de permanecer fuera de la competici\u00f3n en 2023 y afirm\u00f3 que la acumulaci\u00f3n de malos momentos provoc\u00f3 el temor de perder la pasi\u00f3n por la F\u00f3rmula 1.<\/p>\n","protected":false},"author":0,"featured_media":1010099205,"comment_status":"closed","ping_status":"closed","sticky":false,"template":"","format":"standard","meta":{"42wp_featured_image_caption":"","42wp_featured_image_credits":"","42wp_featured_video":"","42wp_featured_image_hidden":false,"42wp_authors_list":[],"footnotes":""},"categories":[5],"tags":[365,181,1495,1676,179,2236,3438,2237,269,2858,1138,206],"42wp_author":[14233],"class_list":["post-20792","post","type-post","status-publish","format-standard","has-post-thumbnail","hentry","category-f1","tag-daniel-ricciardo","tag-f1","tag-f1-2022","tag-f1-2023","tag-formula-1","tag-grande-premio-2","tag-grande-premio-en-espanol","tag-grandepremio","tag-mclaren","tag-mercado-de-pilotos","tag-piloto-reserva","tag-red-bull","42wp_author-eric-calduch"],"_links":{"self":[{"href":"https:\/\/grandepremio.com\/es\/wp-json\/wp\/v2\/posts\/20792","targetHints":{"allow":["GET"]}}],"collection":[{"href":"https:\/\/grandepremio.com\/es\/wp-json\/wp\/v2\/posts"}],"about":[{"href":"https:\/\/grandepremio.com\/es\/wp-json\/wp\/v2\/types\/post"}],"replies":[{"embeddable":true,"href":"https:\/\/grandepremio.com\/es\/wp-json\/wp\/v2\/comments?post=20792"}],"version-history":[{"count":0,"href":"https:\/\/grandepremio.com\/es\/wp-json\/wp\/v2\/posts\/20792\/revisions"}],"wp:featuredmedia":[{"embeddable":true,"href":"https:\/\/grandepremio.com\/es\/wp-json\/wp\/v2\/media\/1010099205"}],"wp:attachment":[{"href":"https:\/\/grandepremio.com\/es\/wp-json\/wp\/v2\/media?parent=20792"}],"wp:term":[{"taxonomy":"category","embeddable":true,"href":"https:\/\/grandepremio.com\/es\/wp-json\/wp\/v2\/categories?post=20792"},{"taxonomy":"post_tag","embeddable":true,"href":"https:\/\/grandepremio.com\/es\/wp-json\/wp\/v2\/tags?post=20792"},{"taxonomy":"42wp_author","embeddable":true,"href":"https:\/\/grandepremio.com\/es\/wp-json\/wp\/v2\/42wp_author?post=20792"}],"curies":[{"name":"wp","href":"https:\/\/api.w.org\/{rel}","templated":true}]}}