{"id":2084,"date":"2026-03-23T11:39:47","date_gmt":"2026-03-23T14:39:47","guid":{"rendered":"https:\/\/grandepremio.com\/es\/2026\/03\/23\/franco-colapinto-alpine-previa-gp-japon-suzuka-f1-2026\/"},"modified":"2026-03-23T13:03:06","modified_gmt":"2026-03-23T16:03:06","slug":"franco-colapinto-alpine-previa-gp-japon-suzuka-f1-2026","status":"publish","type":"post","link":"https:\/\/grandepremio.com\/es\/f1\/franco-colapinto-alpine-previa-gp-japon-suzuka-f1-2026\/","title":{"rendered":"Colapinto celebra evoluci\u00f3n de Alpine en F1 2026 y espera un &#8220;desafiante&#8221; GP de Jap\u00f3n"},"content":{"rendered":"\n<p class=\"wp-block-paragraph\"><strong>Franco Colapinto<\/strong> se prepara para afrontar un nuevo desaf\u00edo en la <strong>F\u00f3rmula 1<\/strong>. El piloto argentino, que sum\u00f3 su primer punto con <strong>Alpine <\/strong>en el <strong>GP de China<\/strong>, se muestra expectante por el <strong>GP de Jap\u00f3n<\/strong>, tercera fecha de la temporada, y destaca el progreso del equipo franc\u00e9s en las primeras competencias de 2026.<\/p>\n\n\n\n<p class=\"wp-block-paragraph\">\ud83d\udfe5&nbsp;<strong><em>\u00a1Todas las novedades te esperan en el canal de&nbsp;<\/em><\/strong><a href=\"https:\/\/www.youtube.com\/@GrandePremioES\"><em>YouTube<\/em><\/a><strong><em>&nbsp;de Grande Pr\u00eamio en&nbsp;<a>Espa\u00f1ol<\/a><\/em><\/strong>! \ud83d\udfe8<a><\/a><\/p>\n\n\n\n<p class=\"wp-block-paragraph\">Luego de un inicio complicado en <strong>Australia<\/strong>, donde qued\u00f3 fuera del top-10 tras una sanci\u00f3n y finaliz\u00f3 decimocuarto, <strong>Colapinto <\/strong>se recuper\u00f3 en <strong>China<\/strong>, clasific\u00f3 duod\u00e9cimo el s\u00e1bado y finaliz\u00f3 d\u00e9cimo en la carrera principal del domingo. <\/p>\n\n\n\n<p class=\"wp-block-paragraph\">Tras avanzar seis posiciones en el inicio de la carrera en <strong>Shangh\u00e1i<\/strong>, lleg\u00f3 a ubicarse segundo, detr\u00e1s del l\u00edder y posterior vencedor, <strong>Andrea Kimi Antonelli<\/strong>, y protagoniz\u00f3 duelos con <strong>Lewis Hamilton, Oliver Bearman<\/strong> y <strong>Esteban Ocon<\/strong>. A pesar de sufrir da\u00f1os en el coche por un golpe del piloto franc\u00e9s de Haas en la vuelta 33, pudo completar la carrera y sum\u00f3 su primer punto con Alpine, equipo con el que disput\u00f3 20 competencias hasta el momento. <\/p>\n\n\n\n<p class=\"wp-block-paragraph\">Al analizar su desempe\u00f1o en la segunda fecha de 2026, <strong>Franco <\/strong>celebr\u00f3 el buen resultado obtenido en <strong>China <\/strong>y destac\u00f3 la evoluci\u00f3n del <strong>A526<\/strong> en el inicio del campeonato y el trabajo realizado en la sede de Enstone para mejorar las prestaciones del monoplaza, aunque lament\u00f3 no haber obtenido un mejor resultado final. <\/p>\n\n\n\n<p class=\"wp-block-paragraph\">&#8220;Me alegr\u00e9 al irme de <strong>Shangh\u00e1i <\/strong>con mi primer punto para el equipo, sobre todo tras unos duelos en pista muy intensos a lo largo de toda la carrera. Sin embargo, fue una pena que no pudi\u00e9ramos conseguir a\u00fan m\u00e1s, ya que el potencial estaba ah\u00ed, pero varias cosas durante la carrera no nos salieron como esper\u00e1bamos&#8221;, declar\u00f3.<\/p>\n\n\n\n<p class=\"wp-block-paragraph\">\u23e9&nbsp;<strong><em>\u00a1Seguinos en redes por&nbsp;<\/em><\/strong><a href=\"https:\/\/twitter.com\/grandepremioES\"><em>Twitter&nbsp;<\/em><\/a><strong><em>e&nbsp;<\/em><\/strong><a href=\"https:\/\/www.instagram.com\/grandepremioes\/\"><em>Instagram!<br><\/em><\/a>\u23e9&nbsp;<strong><em>Adem\u00e1s, tenemos nuestro&nbsp;<\/em><\/strong><a href=\"https:\/\/whatsapp.com\/channel\/0029VaDZ5zb0gcfDxuwxBM05\"><em>canal de Whatsapp<\/em><\/a><strong><em>&nbsp;con toda la informaci\u00f3n al instante<\/em><\/strong>&nbsp;\ud83c\udfc1<\/p>\n\n\n\n<figure class=\"wp-block-image size-large\"><img decoding=\"async\" src=\"https:\/\/grandepremio.com\/es\/wp-content\/uploads\/2026\/03\/c172a6228b725b6be780067897c8aac1-l.jpg-1024x682.webp\" alt=\"\" class=\"wp-image-396203\"\/><figcaption class=\"wp-element-caption\">Franco Colapinto espera mantener el buen rendimiento en su primera participaci\u00f3n en el GP de Jap\u00f3n (Foto: Alpine)<\/figcaption><\/figure>\n\n\n\n<p class=\"wp-block-paragraph\">&#8220;Estoy realmente impresionado con la evoluci\u00f3n del equipo en este comienzo de temporada; la diferencia entre <strong>Melbourne<\/strong> y <strong>Shangh\u00e1i <\/strong>es muy evidente. La semana pasada estuve en <strong>Enstone <\/strong>y pas\u00e9 un rato con el equipo y en el simulador. Fue genial disfrutar de este resultado con ellos, sobre todo despu\u00e9s del gran esfuerzo que hicieron durante estos meses. Demostramos lo que somos capaces de hacer y nuestro objetivo es seguir mejorando de cara a <strong>Suzuka <\/strong>este fin de semana, que supondr\u00e1 otro nuevo desaf\u00edo&#8221;, a\u00f1adi\u00f3.<\/p>\n\n\n\n<p class=\"wp-block-paragraph\">Pensando en el <strong>GP de Jap\u00f3n, Colapinto<\/strong> se muestra expectante por su primera experiencia en el pa\u00eds oriental, y reconoce que deber\u00e1 trabajar mucho para encontrar la configuraci\u00f3n ideal en el circuito de <strong>Suzuka<\/strong>. No obstante, conf\u00eda en mantener la tendencia positiva mostrada en <strong>China <\/strong>y lograr un buen resultado.  <\/p>\n\n\n\n<p class=\"wp-block-paragraph\">&#8220;Estoy muy emocionado por correr en <strong>Jap\u00f3n<\/strong> por primera vez en mi carrera; es un pa\u00eds incre\u00edble y estoy deseando disfrutar el fin de semana en este famoso circuito. Si nos basamos en las primeras carreras del a\u00f1o, tendremos que trabajar mucho para poner a punto el coche, pero lo afronto con ganas y estoy listo para aprovechar nuestro buen resultado de la \u00faltima carrera antes del breve par\u00f3n del mes que viene&#8221;, concluy\u00f3.<\/p>\n\n\n\n<p class=\"wp-block-paragraph\">La&nbsp;<strong>F\u00f3rmula 1<\/strong>&nbsp;volver\u00e1 a la acci\u00f3n entre el 27 y 29 de marzo con el&nbsp;<strong>GP de Jap\u00f3n<\/strong>, tercera fecha de la temporada 2026. GRANDE PREMIO en ESPA\u00d1OL realizar\u00e1 una cobertura completa del evento.<\/p>\n\n\n\n<figure class=\"wp-block-embed is-type-video is-provider-youtube wp-block-embed-youtube wp-embed-aspect-16-9 wp-has-aspect-ratio\"><div class=\"wp-block-embed__wrapper\">\n<iframe loading=\"lazy\" title=\"LA CRISIS INTERMINABLE DE ASTON MARTIN EN LA F1 2026\" width=\"500\" height=\"281\" src=\"https:\/\/www.youtube.com\/embed\/D3-6MncspAw?feature=oembed\" frameborder=\"0\" allow=\"accelerometer; autoplay; clipboard-write; encrypted-media; gyroscope; picture-in-picture; web-share\" referrerpolicy=\"strict-origin-when-cross-origin\" allowfullscreen><\/iframe>\n<\/div><\/figure>\n","protected":false},"excerpt":{"rendered":"<p>Franco Colapinto destaca la &#8220;evoluci\u00f3n impresionante&#8221; de Alpine en las primeras fechas de la temporada 2026 de F1, y se muestra expectante por su primera participaci\u00f3n en el GP de Jap\u00f3n <\/p>\n","protected":false},"author":0,"featured_media":1010396202,"comment_status":"closed","ping_status":"closed","sticky":false,"template":"","format":"standard","meta":{"42wp_featured_image_caption":"","42wp_featured_image_credits":"","42wp_featured_video":"","42wp_featured_image_hidden":false,"42wp_authors_list":[],"footnotes":""},"categories":[5],"tags":[678,181,1680,179,2429,814,13903,13947,1488,4010],"42wp_author":[14239],"class_list":["post-2084","post","type-post","status-publish","format-standard","has-post-thumbnail","hentry","category-f1","tag-alpine","tag-f1","tag-f1-2026","tag-formula-1","tag-formula-1-2026","tag-franco-colapinto","tag-gp-de-china-2026","tag-gp-de-japon-2026","tag-grande-premio","tag-temporada-2026-f1","42wp_author-jp-otrosky"],"_links":{"self":[{"href":"https:\/\/grandepremio.com\/es\/wp-json\/wp\/v2\/posts\/2084","targetHints":{"allow":["GET"]}}],"collection":[{"href":"https:\/\/grandepremio.com\/es\/wp-json\/wp\/v2\/posts"}],"about":[{"href":"https:\/\/grandepremio.com\/es\/wp-json\/wp\/v2\/types\/post"}],"replies":[{"embeddable":true,"href":"https:\/\/grandepremio.com\/es\/wp-json\/wp\/v2\/comments?post=2084"}],"version-history":[{"count":0,"href":"https:\/\/grandepremio.com\/es\/wp-json\/wp\/v2\/posts\/2084\/revisions"}],"wp:featuredmedia":[{"embeddable":true,"href":"https:\/\/grandepremio.com\/es\/wp-json\/wp\/v2\/media\/1010396202"}],"wp:attachment":[{"href":"https:\/\/grandepremio.com\/es\/wp-json\/wp\/v2\/media?parent=2084"}],"wp:term":[{"taxonomy":"category","embeddable":true,"href":"https:\/\/grandepremio.com\/es\/wp-json\/wp\/v2\/categories?post=2084"},{"taxonomy":"post_tag","embeddable":true,"href":"https:\/\/grandepremio.com\/es\/wp-json\/wp\/v2\/tags?post=2084"},{"taxonomy":"42wp_author","embeddable":true,"href":"https:\/\/grandepremio.com\/es\/wp-json\/wp\/v2\/42wp_author?post=2084"}],"curies":[{"name":"wp","href":"https:\/\/api.w.org\/{rel}","templated":true}]}}