{"id":20844,"date":"2022-11-20T16:14:12","date_gmt":"2022-11-20T19:14:12","guid":{"rendered":"https:\/\/grandepremio.com\/es\/2022\/11\/20\/lewis-hamilton-lamenta-danos-suelo-abu-dhabi\/"},"modified":"2022-11-20T16:14:14","modified_gmt":"2022-11-20T19:14:14","slug":"lewis-hamilton-lamenta-danos-suelo-abu-dhabi","status":"publish","type":"post","link":"https:\/\/grandepremio.com\/es\/f1\/lewis-hamilton-lamenta-danos-suelo-abu-dhabi\/","title":{"rendered":"Hamilton lamenta da\u00f1os en el suelo de su auto, pero dice estar &#8220;orgulloso&#8221; de Mercedes"},"content":{"rendered":"\n<p class=\"wp-block-paragraph\">La temporada 2022 de <strong>Lewis Hamilton<\/strong> lleg\u00f3 a su fin este domingo en el <strong><a href=\"https:\/\/grandepremio.com\/es\/\/f1\/max-verstappen-abu-dhabi-leclerc-subcampeon-formula-1\/\">GP de Abu Dhabi<\/a><\/strong> como <a href=\"https:\/\/grandepremio.com\/es\/\/f1\/lewis-hamilton-temporada-sin-victorias-formula-1\/\">la primera de su trayectoria en la que no logra ganar una carrera<\/a>. Y todav\u00eda fue de forma dram\u00e1tica, este domingo, en el circuito de <strong>Yas Marina<\/strong>, cuando abandon\u00f3 cerca del final de la carrera despu\u00e9s de sufrir casi toda la carrera con problemas. El heptacampe\u00f3n aprovech\u00f3 para elogiar el trabajo de <strong>Mercedes<\/strong> a lo largo del a\u00f1o.<\/p>\n\n\n\n<p class=\"wp-block-paragraph\"><strong><strong><strong>\u00a1Conoce el canal de Grande Pr\u00eamio en Espa\u00f1ol en\u00a0<a href=\"https:\/\/www.youtube.com\/channel\/UCDxWojGVUi9gWYhrY0pGbIQ\" target=\"_blank\" rel=\"noreferrer noopener\">YouTube<\/a>!<br>\u00a1Sigue a\u00a0Grande Pr\u00eamio en Espa\u00f1ol\u00a0en\u00a0<a href=\"https:\/\/twitter.com\/grandepremioES\" target=\"_blank\" rel=\"noreferrer noopener\">Twitter\u00a0<\/a>y en\u00a0<a href=\"https:\/\/www.instagram.com\/grandepremioes\/\" target=\"_blank\" rel=\"noreferrer noopener\">Instagram<\/a>!<\/strong><\/strong><\/strong><\/p>\n\n\n\n<p class=\"wp-block-paragraph\">Hamilton se vio envuelto en una batalla por la posici\u00f3n con <strong>Carlos Sainz<\/strong> en los primeros metros de la carrera y en un momento dado se sali\u00f3 de la pista y pas\u00f3 todo su coche por encima de la cebra a gran velocidad. Da\u00f1\u00f3 la tabla del suelo, algo que le perjudic\u00f3 durante mucho tiempo. Al final, el problema mec\u00e1nico oblig\u00f3 al brit\u00e1nico a retirarse en la quinta posici\u00f3n.<\/p>\n\n\n\n<p class=\"wp-block-paragraph\">&#8220;Hab\u00eda algo bajo el asiento. El piso recibi\u00f3 un golpe y creo que algo fue empujado hacia atr\u00e1s. Cuando eso ocurre, se pierde rendimiento. B\u00e1sicamente, perd\u00ed el equilibrio y eso desequilibr\u00f3 las cosas hacia la parte delantera del coche. Parec\u00eda que ten\u00edamos demasiado ala delantera&#8221;, coment\u00f3.<\/p>\n\n\n\n<figure class=\"wp-block-image size-large\"><img decoding=\"async\" src=\"https:\/\/www.grandepremio.com\/br\/wp-content\/uploads\/2022\/11\/mercedes-lewishamilton-03-8-1024x683.jpg\" alt=\"\" class=\"wp-image-635377\"\/><figcaption>Lewis Hamilton no sum\u00f3 puntos (Foto: Mercedes)<\/figcaption><\/figure>\n\n\n\n<p class=\"wp-block-paragraph\">&#8220;Tuve que esperar hasta la parada para quitar el aler\u00f3n delantero, y el coche pareci\u00f3 mejorar despu\u00e9s. Al final, empezamos con un coche que no quer\u00edamos y terminamos con un coche que no quer\u00edamos, pero nos quedamos con \u00e9l&#8221;, continu\u00f3.<\/p>\n\n\n\n<p class=\"wp-block-paragraph\">En un repaso a la temporada 2022, Hamilton admiti\u00f3 las dificultades, pero termin\u00f3 ensalzando a Mercedes.<\/p>\n\n\n\n<p class=\"wp-block-paragraph\">&#8220;Tuvimos que seguir trabajando y mejorando. Las cosas fundamentales segu\u00edan ah\u00ed, pero de todos modos, fue un a\u00f1o de construcci\u00f3n de equipo y termino orgulloso de todos. Tendremos estas pr\u00f3ximas semanas todav\u00eda para ir a la f\u00e1brica y ver a todo el mundo. No celebramos un campeonato, sino el trabajo y el esfuerzo. Espero que las dificultades de este a\u00f1o nos den fuerzas para luchar por los t\u00edtulos en el futuro&#8221;, concluy\u00f3.<\/p>\n\n\n\n<p class=\"wp-block-paragraph\">Antes de dar por concluido el trabajo de este a\u00f1o, la F1 a\u00fan tiene el test de novatos en el mismo circuito de Abu Dhabi esta semana. Despu\u00e9s, s\u00f3lo en 2023.<\/p>\n","protected":false},"excerpt":{"rendered":"<p>Lewis Hamilton abandon\u00f3 la \u00faltima carrera de la temporada 2022 debido a los da\u00f1os que se iniciaron tras su disputa con Carlos Sainz en la salida de Abu Dhabi.<\/p>\n","protected":false},"author":0,"featured_media":1010098179,"comment_status":"closed","ping_status":"closed","sticky":false,"template":"","format":"standard","meta":{"42wp_featured_image_caption":"","42wp_featured_image_credits":"","42wp_featured_video":"","42wp_featured_image_hidden":false,"42wp_authors_list":[],"footnotes":""},"categories":[5],"tags":[302,1519,181,1495,1676,2358,179,2369,1884,1488,2237,199,197,1184],"42wp_author":[14234],"class_list":["post-20844","post","type-post","status-publish","format-standard","has-post-thumbnail","hentry","category-f1","tag-carlos-sainz","tag-clasificacion-f1","tag-f1","tag-f1-2022","tag-f1-2023","tag-f1-hoy","tag-formula-1","tag-formula-1-hoy","tag-gp-de-abu-dhabi","tag-grande-premio","tag-grandepremio","tag-lewis-hamilton","tag-mercedes","tag-yas-marina","42wp_author-douglas-rocha"],"_links":{"self":[{"href":"https:\/\/grandepremio.com\/es\/wp-json\/wp\/v2\/posts\/20844","targetHints":{"allow":["GET"]}}],"collection":[{"href":"https:\/\/grandepremio.com\/es\/wp-json\/wp\/v2\/posts"}],"about":[{"href":"https:\/\/grandepremio.com\/es\/wp-json\/wp\/v2\/types\/post"}],"replies":[{"embeddable":true,"href":"https:\/\/grandepremio.com\/es\/wp-json\/wp\/v2\/comments?post=20844"}],"version-history":[{"count":0,"href":"https:\/\/grandepremio.com\/es\/wp-json\/wp\/v2\/posts\/20844\/revisions"}],"wp:featuredmedia":[{"embeddable":true,"href":"https:\/\/grandepremio.com\/es\/wp-json\/wp\/v2\/media\/1010098179"}],"wp:attachment":[{"href":"https:\/\/grandepremio.com\/es\/wp-json\/wp\/v2\/media?parent=20844"}],"wp:term":[{"taxonomy":"category","embeddable":true,"href":"https:\/\/grandepremio.com\/es\/wp-json\/wp\/v2\/categories?post=20844"},{"taxonomy":"post_tag","embeddable":true,"href":"https:\/\/grandepremio.com\/es\/wp-json\/wp\/v2\/tags?post=20844"},{"taxonomy":"42wp_author","embeddable":true,"href":"https:\/\/grandepremio.com\/es\/wp-json\/wp\/v2\/42wp_author?post=20844"}],"curies":[{"name":"wp","href":"https:\/\/api.w.org\/{rel}","templated":true}]}}