{"id":20848,"date":"2022-11-20T14:19:13","date_gmt":"2022-11-20T17:19:13","guid":{"rendered":"https:\/\/grandepremio.com\/es\/2022\/11\/20\/charles-leclerc-celebra-subcampeonato-abu-dhabi\/"},"modified":"2022-11-20T14:19:16","modified_gmt":"2022-11-20T17:19:16","slug":"charles-leclerc-celebra-subcampeonato-abu-dhabi","status":"publish","type":"post","link":"https:\/\/grandepremio.com\/es\/f1\/charles-leclerc-celebra-subcampeonato-abu-dhabi\/","title":{"rendered":"Leclerc celebra su subcampeonato en Abu Dhabi: &#8220;Di el 110% desde la primera vuelta&#8221;"},"content":{"rendered":"\n<p class=\"wp-block-paragraph\"><strong>Charles Leclerc<\/strong> es el subcampe\u00f3n del mundo de <strong>F\u00f3rmula 1<\/strong> de 2022 tras terminar segundo en el <strong><a href=\"https:\/\/grandepremio.com\/es\/\/f1\/max-verstappen-abu-dhabi-leclerc-subcampeon-formula-1\/\">GP de Abu Dhabi<\/a><\/strong> este domingo. El monegasco se mantuvo por delante de su rival de <strong>Red Bull<\/strong>, <strong>Sergio P\u00e9rez<\/strong>, para alcanzar los 308 puntos y completar la mejor temporada de su corta carrera en la F\u00f3rmula 1, aunque no pudo desafiar a <strong>Max Verstappen<\/strong> por el t\u00edtulo.<\/p>\n\n\n\n<p class=\"wp-block-paragraph\">En la entrevista posterior a la carrera, concedida al ex piloto y campe\u00f3n mundial <strong>Jenson Button<\/strong>, Leclerc habl\u00f3 del inmenso esfuerzo realizado desde el principio de la carrera para superar a P\u00e9rez en la estrategia. Fue el d\u00e9cimo podio del monegasco en la temporada 2022.<\/p>\n\n\n\n<p class=\"wp-block-paragraph\">&#8220;He dado el 110% desde la primera vuelta. Hoy hemos tenido el gui\u00f3n perfecto, no ten\u00edamos nada m\u00e1s que hacer. Sab\u00edamos que la \u00fanica posibilidad de vencer a &#8216;<strong>Checo<\/strong>&#8216; hoy era con una estrategia diferente y utilizando la gesti\u00f3n de los neum\u00e1ticos, algo que hemos hecho bien hoy. He conseguido que la estrategia de una sola parada funcione, y estoy contento&#8221;, dijo Charles.<\/p>\n\n\n\n<p class=\"wp-block-paragraph\"><strong><strong><strong>\u00a1Conoce el canal de Grande Pr\u00eamio en Espa\u00f1ol en&nbsp;<a href=\"https:\/\/www.youtube.com\/channel\/UCDxWojGVUi9gWYhrY0pGbIQ\" target=\"_blank\" rel=\"noreferrer noopener\">YouTube<\/a>!<br>\u00a1Sigue a&nbsp;Grande Pr\u00eamio en Espa\u00f1ol&nbsp;en&nbsp;<a href=\"https:\/\/twitter.com\/grandepremioES\" target=\"_blank\" rel=\"noreferrer noopener\">Twitter&nbsp;<\/a>y en&nbsp;<a href=\"https:\/\/www.instagram.com\/grandepremioes\/\" target=\"_blank\" rel=\"noreferrer noopener\">Instagram<\/a>!<\/strong><\/strong><\/strong><\/p>\n\n\n\n<figure class=\"wp-block-image size-large\"><img decoding=\"async\" src=\"https:\/\/www.grandepremio.com\/br\/wp-content\/uploads\/2022\/11\/ferrari-charlesleclerc-afp-02-3-1024x683.jpg\" alt=\"\" class=\"wp-image-635415\"\/><figcaption>Charles Leclerc es el subcampe\u00f3n de 2022 tras el GP de Abu Dhabi (Foto: AFP)<\/figcaption><\/figure>\n\n\n\n<p class=\"wp-block-paragraph\">A pesar de terminar muy lejos de Verstappen, Leclerc celebr\u00f3 los pasos dados con Ferrari en 2022. Esta temporada, el equipo rompi\u00f3 una racha sin victorias que duraba desde 2019, y Charles volvi\u00f3 a lo m\u00e1s alto del podio con triunfos en <strong>Bahrein<\/strong>, <strong>Australia<\/strong> y <strong>Austria<\/strong>.<\/p>\n\n\n\n<p class=\"wp-block-paragraph\"><strong>VER TAMBI\u00c9N<br><a href=\"https:\/\/grandepremio.com\/es\/\/f1\/max-verstappen-ano-increible-cuidado-neumaticos-abu-dhabi\/\">Verstappen celebra \u00aba\u00f1o incre\u00edble\u00bb y dice que cuidado de gomas fue crucial en Abu Dhabi<\/a><br><a href=\"https:\/\/grandepremio.com\/es\/\/f1\/fia-distribucion-medallas-ganadores-f1\/\">FIA crea distribuci\u00f3n de medallas para ganadores en F1 a partir del GP de Abu Dhabi<\/a><\/strong><\/p>\n\n\n\n<p class=\"wp-block-paragraph\">&#8220;Espero que el a\u00f1o que viene podamos dar un paso adelante y luchar por el t\u00edtulo. Pero teniendo en cuenta lo que ten\u00edamos el a\u00f1o pasado, es un gran paso adelante. Hemos mejorado al final de la temporada en t\u00e9rminos de estrategia, todav\u00eda tenemos que trabajar en el ritmo de carrera porque nos cuesta el domingo, pero trabajaremos duro durante las vacaciones de invierno para ponernos al d\u00eda&#8221;, a\u00f1adi\u00f3.<\/p>\n\n\n\n<p class=\"wp-block-paragraph\">La F\u00f3rmula 1 regresa oficialmente el 5 de marzo de 2023, con la apertura de la pr\u00f3xima temporada en Bahrein. Antes de eso, la categor\u00eda a\u00fan celebra el test de novatos y tambi\u00e9n el de neum\u00e1ticos en Abu Dhabi.<\/p>\n","protected":false},"excerpt":{"rendered":"<p>Charles Leclerc habl\u00f3 de su entrega f\u00edsica en el GP de Abu Dhabi y valor\u00f3 el salto de Ferrari respecto a 2021 pese a terminar la temporada lejos de Max Verstappen.<\/p>\n","protected":false},"author":0,"featured_media":1010098075,"comment_status":"closed","ping_status":"closed","sticky":false,"template":"","format":"standard","meta":{"42wp_featured_image_caption":"","42wp_featured_image_credits":"","42wp_featured_video":"","42wp_featured_image_hidden":false,"42wp_authors_list":[],"footnotes":""},"categories":[5],"tags":[247,1519,181,1495,185,179,2369,1884,1488,2237,249,206,1184],"42wp_author":[14234],"class_list":["post-20848","post","type-post","status-publish","format-standard","has-post-thumbnail","hentry","category-f1","tag-charles-leclerc","tag-clasificacion-f1","tag-f1","tag-f1-2022","tag-ferrari","tag-formula-1","tag-formula-1-hoy","tag-gp-de-abu-dhabi","tag-grande-premio","tag-grandepremio","tag-max-verstappen","tag-red-bull","tag-yas-marina","42wp_author-douglas-rocha"],"_links":{"self":[{"href":"https:\/\/grandepremio.com\/es\/wp-json\/wp\/v2\/posts\/20848","targetHints":{"allow":["GET"]}}],"collection":[{"href":"https:\/\/grandepremio.com\/es\/wp-json\/wp\/v2\/posts"}],"about":[{"href":"https:\/\/grandepremio.com\/es\/wp-json\/wp\/v2\/types\/post"}],"replies":[{"embeddable":true,"href":"https:\/\/grandepremio.com\/es\/wp-json\/wp\/v2\/comments?post=20848"}],"version-history":[{"count":0,"href":"https:\/\/grandepremio.com\/es\/wp-json\/wp\/v2\/posts\/20848\/revisions"}],"wp:featuredmedia":[{"embeddable":true,"href":"https:\/\/grandepremio.com\/es\/wp-json\/wp\/v2\/media\/1010098075"}],"wp:attachment":[{"href":"https:\/\/grandepremio.com\/es\/wp-json\/wp\/v2\/media?parent=20848"}],"wp:term":[{"taxonomy":"category","embeddable":true,"href":"https:\/\/grandepremio.com\/es\/wp-json\/wp\/v2\/categories?post=20848"},{"taxonomy":"post_tag","embeddable":true,"href":"https:\/\/grandepremio.com\/es\/wp-json\/wp\/v2\/tags?post=20848"},{"taxonomy":"42wp_author","embeddable":true,"href":"https:\/\/grandepremio.com\/es\/wp-json\/wp\/v2\/42wp_author?post=20848"}],"curies":[{"name":"wp","href":"https:\/\/api.w.org\/{rel}","templated":true}]}}