{"id":20863,"date":"2022-11-19T14:02:26","date_gmt":"2022-11-19T17:02:26","guid":{"rendered":"https:\/\/grandepremio.com\/es\/2022\/11\/19\/sergio-perez-agradece-max-verstappen-abu-dhabi\/"},"modified":"2022-11-19T14:02:27","modified_gmt":"2022-11-19T17:02:27","slug":"sergio-perez-agradece-max-verstappen-abu-dhabi","status":"publish","type":"post","link":"https:\/\/grandepremio.com\/es\/f1\/sergio-perez-agradece-max-verstappen-abu-dhabi\/","title":{"rendered":"P\u00e9rez agradece a Verstappen y dice que le falt\u00f3 &#8220;el \u00faltimo paso&#8221; para la pole en Abu Dhabi"},"content":{"rendered":"\n<p class=\"wp-block-paragraph\"><strong>Sergio P\u00e9rez<\/strong> saldr\u00e1 desde la primera fila en el <strong>GP de Abu Dhabi<\/strong>. El piloto mexicano de <strong>Red Bull<\/strong> fue superado por su compa\u00f1ero de equipo <strong>Max Verstappen<\/strong> en <a href=\"https:\/\/grandepremio.com\/es\/\/f1\/max-verstappen-clasificacion-abu-dhabi-formula-1\/\">la qualy de este s\u00e1bado<\/a>, pero a\u00fan est\u00e1 en una buena posici\u00f3n para reclamar el subcampeonato de pilotos de 2022, ya que su rival de <strong>Ferrari<\/strong>, <strong>Charles Leclerc<\/strong>, parte desde la tercera posici\u00f3n.<\/p>\n\n\n\n<p class=\"wp-block-paragraph\">Despu\u00e9s de una semana agitada en Red Bull tras el desencuentro entre P\u00e9rez y Verstappen en el <strong>GP de Sao Paulo<\/strong>, cuando el bicampe\u00f3n mundial se neg\u00f3 a ceder la posici\u00f3n al mexicano, &#8216;<strong>Checo<\/strong>&#8216; agradeci\u00f3 a Max su ayuda durante la clasificaci\u00f3n. Los pilotos terminaron separados por 0s228.<\/p>\n\n\n\n<p class=\"wp-block-paragraph\">&#8220;Es un buen comienzo. No creo que hayamos sido capaces de dar ese paso final en la Q3, y nuestra primera vuelta tampoco fue buena, as\u00ed que nos quedamos un poco atr\u00e1s, pero es bueno. Es bueno cerrar la primera fila ma\u00f1ana, Max tambi\u00e9n hizo un gran trabajo para m\u00ed, fuimos muy fuertes en esta \u00faltima vuelta. Estoy deseando que llegue ma\u00f1ana, que es el d\u00eda que importa&#8221;, dijo Sergio en una entrevista con el ex piloto <strong>David Coulthard<\/strong> poco despu\u00e9s de la clasificaci\u00f3n.<\/p>\n\n\n\n<p class=\"wp-block-paragraph\"><strong>\u00a1Conoce el canal de Grande Pr\u00eamio en Espa\u00f1ol en&nbsp;<a href=\"https:\/\/www.youtube.com\/channel\/UCDxWojGVUi9gWYhrY0pGbIQ\" target=\"_blank\" rel=\"noreferrer noopener\">YouTube<\/a>!<br>\u00a1Sigue a&nbsp;Grande Pr\u00eamio en Espa\u00f1ol&nbsp;en&nbsp;<a href=\"https:\/\/twitter.com\/grandepremioES\" target=\"_blank\" rel=\"noreferrer noopener\">Twitter&nbsp;<\/a>y en&nbsp;<a href=\"https:\/\/www.instagram.com\/grandepremioes\/\" target=\"_blank\" rel=\"noreferrer noopener\">Instagram<\/a>!<\/strong><\/p>\n\n\n\n<figure class=\"wp-block-image size-large\"><img decoding=\"async\" src=\"https:\/\/www.grandepremio.com\/br\/wp-content\/uploads\/2022\/11\/redbull-sergioperez-04-9-1024x683.jpg\" alt=\"\" class=\"wp-image-635062\"\/><figcaption>Sergio P\u00e9rez sale segundo en Abu Dhabi (Foto: Red Bull Content Pool)<\/figcaption><\/figure>\n\n\n\n<p class=\"wp-block-paragraph\">Con mucho apoyo del p\u00fablico de Yas Marina, P\u00e9rez tambi\u00e9n llam\u00f3 la atenci\u00f3n sobre las actuaciones de Ferrari y <strong>Mercedes<\/strong>. Charles Leclerc y <strong>Carlos Sainz <\/strong>formaron la segunda fila, \u00edntegramente del equipo italiano, mientras que los brit\u00e1nicos <strong>Lewis Hamilton<\/strong> y <strong>George Russell<\/strong> se situaron justo detr\u00e1s.<\/p>\n\n\n\n<p class=\"wp-block-paragraph\"><strong>VER TAMBI\u00c9N<br><a href=\"https:\/\/grandepremio.com\/es\/\/f1\/rivales-red-bull-por-que-negaron-protestar-sergio-perez-monaco\/\">Jefes rivales explican por qu\u00e9 se negaron a protestar por choque de P\u00e9rez en M\u00f3naco<\/a><br><a href=\"https:\/\/grandepremio.com\/es\/\/f1\/mattia-binotto-tranquilo-posibilidad-dimision-ferrari\/\">Binotto dice estar \u00abtranquilo\u00bb ante posibilidad de dimisi\u00f3n: \u00abNo soy yo quien decide\u00bb<\/a><\/strong><\/p>\n\n\n\n<p class=\"wp-block-paragraph\">&#8220;Creo que ser\u00e1 muy interesante, dado lo fuertes que son Ferrari y Mercedes. Ma\u00f1ana ser\u00e1 interesante&#8221;, a\u00f1adi\u00f3.<\/p>\n\n\n\n<p class=\"wp-block-paragraph\"><strong>GRANDE PR\u00caMIO<\/strong> sigue todas las actividades del fin de semana del GP de Abu Dhabi de F\u00f3rmula 1. El domingo, la salida est\u00e1 prevista para las 17:00 horas [local, GMT+4].<\/p>\n\n\n\n<p class=\"wp-block-paragraph\"><a href=\"https:\/\/grandepremio.com\/es\/\/f1\/horarios-gp-abu-dhabi-formula-1-2022\/\"><strong>\u00bfA qu\u00e9 hora se corre el GP de Abu Dhabi de la F\u00f3rmula 1 2022?<\/strong><\/a><\/p>\n","protected":false},"excerpt":{"rendered":"<p>Sergio P\u00e9rez ha dejado atr\u00e1s la pol\u00e9mica generada en el GP de Sao Paulo y ha agradecido a Max Verstappen su ayuda en la clasificaci\u00f3n de Abu Dhabi. Los pilotos de Red Bull dominan la primera fila, con el bicampe\u00f3n mundial a la cabeza.<\/p>\n","protected":false},"author":0,"featured_media":1010097360,"comment_status":"closed","ping_status":"closed","sticky":false,"template":"","format":"standard","meta":{"42wp_featured_image_caption":"","42wp_featured_image_credits":"","42wp_featured_video":"","42wp_featured_image_hidden":false,"42wp_authors_list":[],"footnotes":""},"categories":[5],"tags":[1519,181,1495,2358,179,2369,1884,1488,2237,249,206,294,1184],"42wp_author":[14234],"class_list":["post-20863","post","type-post","status-publish","format-standard","has-post-thumbnail","hentry","category-f1","tag-clasificacion-f1","tag-f1","tag-f1-2022","tag-f1-hoy","tag-formula-1","tag-formula-1-hoy","tag-gp-de-abu-dhabi","tag-grande-premio","tag-grandepremio","tag-max-verstappen","tag-red-bull","tag-sergio-perez","tag-yas-marina","42wp_author-douglas-rocha"],"_links":{"self":[{"href":"https:\/\/grandepremio.com\/es\/wp-json\/wp\/v2\/posts\/20863","targetHints":{"allow":["GET"]}}],"collection":[{"href":"https:\/\/grandepremio.com\/es\/wp-json\/wp\/v2\/posts"}],"about":[{"href":"https:\/\/grandepremio.com\/es\/wp-json\/wp\/v2\/types\/post"}],"replies":[{"embeddable":true,"href":"https:\/\/grandepremio.com\/es\/wp-json\/wp\/v2\/comments?post=20863"}],"version-history":[{"count":0,"href":"https:\/\/grandepremio.com\/es\/wp-json\/wp\/v2\/posts\/20863\/revisions"}],"wp:featuredmedia":[{"embeddable":true,"href":"https:\/\/grandepremio.com\/es\/wp-json\/wp\/v2\/media\/1010097360"}],"wp:attachment":[{"href":"https:\/\/grandepremio.com\/es\/wp-json\/wp\/v2\/media?parent=20863"}],"wp:term":[{"taxonomy":"category","embeddable":true,"href":"https:\/\/grandepremio.com\/es\/wp-json\/wp\/v2\/categories?post=20863"},{"taxonomy":"post_tag","embeddable":true,"href":"https:\/\/grandepremio.com\/es\/wp-json\/wp\/v2\/tags?post=20863"},{"taxonomy":"42wp_author","embeddable":true,"href":"https:\/\/grandepremio.com\/es\/wp-json\/wp\/v2\/42wp_author?post=20863"}],"curies":[{"name":"wp","href":"https:\/\/api.w.org\/{rel}","templated":true}]}}