{"id":20874,"date":"2022-11-18T18:16:07","date_gmt":"2022-11-18T21:16:07","guid":{"rendered":"https:\/\/grandepremio.com\/es\/2022\/11\/18\/haas-saca-mick-schumacher-rescata-nico-hulkenberg-formula-1-2023\/"},"modified":"2022-11-18T18:25:48","modified_gmt":"2022-11-18T21:25:48","slug":"haas-saca-mick-schumacher-rescata-nico-hulkenberg-formula-1-2023","status":"publish","type":"post","link":"https:\/\/grandepremio.com\/es\/f1\/haas-saca-mick-schumacher-rescata-nico-hulkenberg-formula-1-2023\/","title":{"rendered":"Haas saca a Schumacher, rescata a H\u00fclkenberg y completa parrilla de la F\u00f3rmula 1 2023"},"content":{"rendered":"\n<p class=\"wp-block-paragraph\">La parrilla de la <strong>F\u00f3rmula 1<\/strong> para la pr\u00f3xima temporada estaba casi completa: a\u00fan faltaba el compa\u00f1ero de <strong>Kevin Magnussen<\/strong> en <strong>Haas<\/strong>. El misterio termin\u00f3 esta semana, cuando la escuder\u00eda americana anunci\u00f3 <a href=\"https:\/\/grandepremio.com\/es\/\/f1\/haas-salida-mick-schumacher-formula-1-2023\/\">la salida de <strong>Mick Schumacher<\/strong><\/a>, cuyo contrato expira a finales de este a\u00f1o, y <a href=\"https:\/\/grandepremio.com\/es\/\/f1\/haas-nico-hulkenberg-magnussen-formula-1-2023\/\">la llegada de <strong>Nico H\u00fclkenberg<\/strong><\/a>.<\/p>\n\n\n\n<p class=\"wp-block-paragraph\">H\u00fclk no ha sido titular de un equipo desde su paso por <strong>Renault<\/strong> en 2019. Schumacher, en cambio, tuvo dos a\u00f1os para convencer a <strong>Gene Haas<\/strong> y <strong>Guenther Steiner<\/strong>, pero s\u00f3lo puntu\u00f3 en dos carreras.<\/p>\n\n\n\n<p class=\"wp-block-paragraph\"><strong>\u00a1Conoce el canal de Grande Pr\u00eamio en Espa\u00f1ol en&nbsp;<a href=\"https:\/\/www.youtube.com\/channel\/UCDxWojGVUi9gWYhrY0pGbIQ\" target=\"_blank\" rel=\"noreferrer noopener\">YouTube<\/a>!<br>\u00a1Sigue a&nbsp;Grande Pr\u00eamio en Espa\u00f1ol&nbsp;en&nbsp;<a href=\"https:\/\/twitter.com\/grandepremioES\" target=\"_blank\" rel=\"noreferrer noopener\">Twitter&nbsp;<\/a>y en&nbsp;<a href=\"https:\/\/www.instagram.com\/grandepremioes\/\" target=\"_blank\" rel=\"noreferrer noopener\">Instagram<\/a>!<\/strong><\/p>\n\n\n\n<p class=\"wp-block-paragraph\">En este v\u00eddeo, <strong>Douglas Rocha<\/strong> analiza estos y otros factores que han llevado a la elecci\u00f3n de Haas y tambi\u00e9n comenta otros cambios que se producir\u00e1n en la parrilla de la pr\u00f3xima temporada de F1. Hay cuatro llegadas, cuatro salidas y un peque\u00f1o baile de sillas.<\/p>\n\n\n\n<figure class=\"wp-block-embed is-type-video is-provider-youtube wp-block-embed-youtube wp-embed-aspect-16-9 wp-has-aspect-ratio\"><div class=\"wp-block-embed__wrapper\">\n<iframe loading=\"lazy\" title=\"HAAS SACA A SCHUMACHER, RESCATA A H\u00dcLKENBERG Y COMPLETA LA PARRILLA DE LA F\u00d3RMULA 1 2023\" width=\"500\" height=\"281\" src=\"https:\/\/www.youtube.com\/embed\/OAy3wAG_eBY?feature=oembed\" frameborder=\"0\" allow=\"accelerometer; autoplay; clipboard-write; encrypted-media; gyroscope; picture-in-picture; web-share\" referrerpolicy=\"strict-origin-when-cross-origin\" allowfullscreen><\/iframe>\n<\/div><\/figure>\n","protected":false},"excerpt":{"rendered":"<p>Douglas Rocha analiza en este nuevo v\u00eddeo de GRANDE PR\u00caMIO la parrilla de la F\u00f3rmula 1 2023 y las razones de Haas para cambiar a Mick Schumacher por Nico H\u00fclkenberg.<\/p>\n","protected":false},"author":0,"featured_media":1010097086,"comment_status":"closed","ping_status":"closed","sticky":false,"template":"","format":"standard","meta":{"42wp_featured_image_caption":"","42wp_featured_image_credits":"","42wp_featured_video":"","42wp_featured_image_hidden":false,"42wp_authors_list":[],"footnotes":""},"categories":[5],"tags":[508,678,209,365,181,1495,1676,184,179,1488,2237,414,285,269,371,422,486,1540,278,427,208,204],"42wp_author":[14234],"class_list":["post-20874","post","type-post","status-publish","format-standard","has-post-thumbnail","hentry","category-f1","tag-alphatauri","tag-alpine","tag-aston-martin","tag-daniel-ricciardo","tag-f1","tag-f1-2022","tag-f1-2023","tag-fernando-alonso","tag-formula-1","tag-grande-premio","tag-grandepremio","tag-haas","tag-logan-sargeant","tag-mclaren","tag-mick-schumacher","tag-nicholas-latifi","tag-nico-hulkenberg","tag-nyck-de-vries","tag-oscar-piastri","tag-pierre-gasly","tag-sebastian-vettel","tag-williams","42wp_author-douglas-rocha"],"_links":{"self":[{"href":"https:\/\/grandepremio.com\/es\/wp-json\/wp\/v2\/posts\/20874","targetHints":{"allow":["GET"]}}],"collection":[{"href":"https:\/\/grandepremio.com\/es\/wp-json\/wp\/v2\/posts"}],"about":[{"href":"https:\/\/grandepremio.com\/es\/wp-json\/wp\/v2\/types\/post"}],"replies":[{"embeddable":true,"href":"https:\/\/grandepremio.com\/es\/wp-json\/wp\/v2\/comments?post=20874"}],"version-history":[{"count":0,"href":"https:\/\/grandepremio.com\/es\/wp-json\/wp\/v2\/posts\/20874\/revisions"}],"wp:featuredmedia":[{"embeddable":true,"href":"https:\/\/grandepremio.com\/es\/wp-json\/wp\/v2\/media\/1010097086"}],"wp:attachment":[{"href":"https:\/\/grandepremio.com\/es\/wp-json\/wp\/v2\/media?parent=20874"}],"wp:term":[{"taxonomy":"category","embeddable":true,"href":"https:\/\/grandepremio.com\/es\/wp-json\/wp\/v2\/categories?post=20874"},{"taxonomy":"post_tag","embeddable":true,"href":"https:\/\/grandepremio.com\/es\/wp-json\/wp\/v2\/tags?post=20874"},{"taxonomy":"42wp_author","embeddable":true,"href":"https:\/\/grandepremio.com\/es\/wp-json\/wp\/v2\/42wp_author?post=20874"}],"curies":[{"name":"wp","href":"https:\/\/api.w.org\/{rel}","templated":true}]}}