{"id":20876,"date":"2022-11-18T16:43:21","date_gmt":"2022-11-18T19:43:21","guid":{"rendered":"https:\/\/grandepremio.com\/es\/2022\/11\/18\/mercedes-falta-ritmo-abu-dhabi-neumaticos-mayor-preocupacion\/"},"modified":"2022-11-18T16:43:23","modified_gmt":"2022-11-18T19:43:23","slug":"mercedes-falta-ritmo-abu-dhabi-neumaticos-mayor-preocupacion","status":"publish","type":"post","link":"https:\/\/grandepremio.com\/es\/f1\/mercedes-falta-ritmo-abu-dhabi-neumaticos-mayor-preocupacion\/","title":{"rendered":"Mercedes ve falta de ritmo en Abu Dhabi y neum\u00e1ticos como &#8220;la mayor preocupaci\u00f3n&#8221;"},"content":{"rendered":"\n<p class=\"wp-block-paragraph\"><strong>Mercedes<\/strong> sigue buscando el escenario ideal para, qui\u00e9n sabe, terminar la temporada 2022 con el subcampeonato de constructores. <a href=\"https:\/\/grandepremio.com\/es\/\/f1\/max-verstappen-entrenamiento-abu-dhabi-formula-1\/\">El segundo puesto de <strong>George Russell<\/strong> y la cuarta posici\u00f3n de <strong>Lewis Hamilton<\/strong> este viernes<\/a> en <strong>Abu Dhabi<\/strong> animan, pero el equipo siente que necesita algo m\u00e1s.<\/p>\n\n\n\n<p class=\"wp-block-paragraph\">Al menos, esa es la opini\u00f3n de <strong>Andrew Shovlin<\/strong>, director de ingenier\u00eda de la escuder\u00eda alemana, que alab\u00f3 la intensa jornada de trabajo en <strong>Yas Marina<\/strong>, pero tambi\u00e9n destac\u00f3 el cambio de trazado realizado entre las sesiones de entrenamientos.<\/p>\n\n\n\n<p class=\"wp-block-paragraph\">&#8220;Hicimos algunas pruebas r\u00e1pidas de nuevos elementos en el TL1, pero eso no significa que hayamos perdido la concentraci\u00f3n para la preparaci\u00f3n de la carrera. Ese trabajo cambi\u00f3 por la tarde y, aunque vimos fiabilidad e hicimos algunos buenos tiempos, todav\u00eda nos falta ritmo, tanto en la vuelta r\u00e1pida como en los tramos altos&#8221;, coment\u00f3 Shovlin.<\/p>\n\n\n\n<figure class=\"wp-block-image size-large\"><img decoding=\"async\" src=\"https:\/\/www.grandepremio.com\/br\/wp-content\/uploads\/2022\/11\/mercedes-georgerussell-afp-01-2-1024x683.jpg\" alt=\"\" class=\"wp-image-634668\"\/><figcaption>Mercedes quiere hacer frente a la degradaci\u00f3n de los neum\u00e1ticos en Abu Dhabi (Foto: AFP)<\/figcaption><\/figure>\n\n\n\n<p class=\"wp-block-paragraph\">Sin embargo, el brit\u00e1nico vio que el desgaste de los neum\u00e1ticos de Mercedes era mayor que el de sus rivales y eso hizo saltar la se\u00f1al de alarma. &#8220;Investigaremos este problema para averiguar la causa, es nuestra mayor preocupaci\u00f3n ahora&#8221;, report\u00f3.<\/p>\n\n\n\n<p class=\"wp-block-paragraph\"><strong>\u00a1Conoce el canal de Grande Pr\u00eamio en Espa\u00f1ol en&nbsp;<a href=\"https:\/\/www.youtube.com\/channel\/UCDxWojGVUi9gWYhrY0pGbIQ\" target=\"_blank\" rel=\"noreferrer noopener\">YouTube<\/a>!<br>\u00a1Sigue a&nbsp;Grande Pr\u00eamio en Espa\u00f1ol&nbsp;en&nbsp;<a href=\"https:\/\/twitter.com\/grandepremioES\" target=\"_blank\" rel=\"noreferrer noopener\">Twitter&nbsp;<\/a>y en&nbsp;<a href=\"https:\/\/www.instagram.com\/grandepremioes\/\" target=\"_blank\" rel=\"noreferrer noopener\">Instagram<\/a>!<\/strong><\/p>\n\n\n\n<p class=\"wp-block-paragraph\">Por \u00faltimo, Shovlin cree que hay trabajo por hacer, pero que las diferencias entre los equipos de punta no parecen tan grandes. &#8220;Esperamos meternos en esa carrera, pero tenemos que avanzar en la direcci\u00f3n correcta en Yas Marina&#8221;, concluy\u00f3.<\/p>\n\n\n\n<p class=\"wp-block-paragraph\"><strong>GRANDE PR\u00caMIO<\/strong>&nbsp;sigue todas las actividades del fin de semana del GP de Abu Dhabi de&nbsp;<a href=\"https:\/\/grandepremio.com\/es\/\/f1\/\" target=\"_blank\" rel=\"noreferrer noopener\">F\u00f3rmula 1<\/a>. El s\u00e1bado, el FP3 est\u00e1 programada para las 14:30 horas [local, GMT+3], mientras que la clasificaci\u00f3n comienza a las 18:00 horas.<\/p>\n","protected":false},"excerpt":{"rendered":"<p>El director de ingenier\u00eda de Mercedes, Andrew Shovlin, ha dado la voz de alarma por el preocupante desgaste de los neum\u00e1ticos del W13 en Yas Marina, aunque cree que est\u00e1 cerca de sus rivales Red Bull y Ferrari este fin de semana.<\/p>\n","protected":false},"author":0,"featured_media":1010097029,"comment_status":"closed","ping_status":"closed","sticky":false,"template":"","format":"standard","meta":{"42wp_featured_image_caption":"","42wp_featured_image_credits":"","42wp_featured_video":"","42wp_featured_image_hidden":false,"42wp_authors_list":[],"footnotes":""},"categories":[5],"tags":[1411,181,1495,179,253,1884,1488,2237,199,197,1948,1184],"42wp_author":[14234],"class_list":["post-20876","post","type-post","status-publish","format-standard","has-post-thumbnail","hentry","category-f1","tag-andrew-shovlin","tag-f1","tag-f1-2022","tag-formula-1","tag-george-russell","tag-gp-de-abu-dhabi","tag-grande-premio","tag-grandepremio","tag-lewis-hamilton","tag-mercedes","tag-w13","tag-yas-marina","42wp_author-douglas-rocha"],"_links":{"self":[{"href":"https:\/\/grandepremio.com\/es\/wp-json\/wp\/v2\/posts\/20876","targetHints":{"allow":["GET"]}}],"collection":[{"href":"https:\/\/grandepremio.com\/es\/wp-json\/wp\/v2\/posts"}],"about":[{"href":"https:\/\/grandepremio.com\/es\/wp-json\/wp\/v2\/types\/post"}],"replies":[{"embeddable":true,"href":"https:\/\/grandepremio.com\/es\/wp-json\/wp\/v2\/comments?post=20876"}],"version-history":[{"count":0,"href":"https:\/\/grandepremio.com\/es\/wp-json\/wp\/v2\/posts\/20876\/revisions"}],"wp:featuredmedia":[{"embeddable":true,"href":"https:\/\/grandepremio.com\/es\/wp-json\/wp\/v2\/media\/1010097029"}],"wp:attachment":[{"href":"https:\/\/grandepremio.com\/es\/wp-json\/wp\/v2\/media?parent=20876"}],"wp:term":[{"taxonomy":"category","embeddable":true,"href":"https:\/\/grandepremio.com\/es\/wp-json\/wp\/v2\/categories?post=20876"},{"taxonomy":"post_tag","embeddable":true,"href":"https:\/\/grandepremio.com\/es\/wp-json\/wp\/v2\/tags?post=20876"},{"taxonomy":"42wp_author","embeddable":true,"href":"https:\/\/grandepremio.com\/es\/wp-json\/wp\/v2\/42wp_author?post=20876"}],"curies":[{"name":"wp","href":"https:\/\/api.w.org\/{rel}","templated":true}]}}