{"id":20894,"date":"2022-11-18T05:00:00","date_gmt":"2022-11-18T08:00:00","guid":{"rendered":"https:\/\/grandepremio.com\/es\/2022\/11\/18\/horarios-gp-abu-dhabi-formula-1-2022\/"},"modified":"2023-03-01T20:22:39","modified_gmt":"2023-03-01T23:22:39","slug":"horarios-gp-abu-dhabi-formula-1-2022","status":"publish","type":"post","link":"https:\/\/grandepremio.com\/es\/f1\/horarios-gp-abu-dhabi-formula-1-2022\/","title":{"rendered":"\u00bfA qu\u00e9 hora se corre el GP de Abu Dhabi de la F\u00f3rmula 1 2022?"},"content":{"rendered":"\n<p class=\"wp-block-paragraph\">La&nbsp;<strong><a href=\"https:\/\/grandepremio.com\/es\/\/f1\/\" target=\"_blank\" rel=\"noreferrer noopener\"><\/a><a href=\"https:\/\/grandepremio.com\/es\/\/f1\/\" target=\"_blank\" rel=\"noreferrer noopener\"><\/a><a href=\"https:\/\/grandepremio.com\/es\/\/f1\/\" target=\"_blank\" rel=\"noreferrer noopener\"><\/a><a href=\"https:\/\/grandepremio.com\/es\/\/f1\/\" target=\"_blank\" rel=\"noreferrer noopener\">F\u00f3rmula 1<\/a><\/strong>&nbsp;llega al circuito de&nbsp;<strong>Yas Marina<\/strong>, en el que disputar\u00e1 su 22\u00b0 -y \u00faltima- fecha del calendario 2022 con el&nbsp;<strong>GP de Abu Dhabi<\/strong>.&nbsp;<a href=\"https:\/\/grandepremio.com\/es\/\/f1\/max-verstappen-campeon-formula-1-gp-japon\/\" target=\"_blank\" rel=\"noreferrer noopener\">Consagrado como bicampe\u00f3n en el pasado GP de Jap\u00f3n<\/a>,&nbsp;<strong>Max Verstappen<\/strong>&nbsp;aparece como favorito con&nbsp;<strong>Red Bull<\/strong>, equipo que tambi\u00e9n ya conquist\u00f3 el Mundial de Constructores&nbsp;<a href=\"https:\/\/grandepremio.com\/es\/\/f1\/max-verstappen-red-bull-austin-formula-1\/\" target=\"_blank\" rel=\"noreferrer noopener\">tras el&nbsp;<strong>GP de Estados Unidos<\/strong><\/a>.<\/p>\n\n\n\n<p class=\"wp-block-paragraph\">Por otra parte, la lucha por el segundo puesto en el campeonato sigue firme entre Sergio P\u00e9rez y Charles Leclerc, en una disputa en la que ambos pilotos est\u00e1n empatados en 290 puntos. Adem\u00e1s, tras <a href=\"https:\/\/grandepremio.com\/es\/\/f1\/george-russell-victoria-sao-paulo-formula-1\/\" target=\"_blank\" rel=\"noreferrer noopener\">su auspiciosa victoria en el <strong>GP de Sao Paulo<\/strong><\/a>,<strong>&nbsp;Mercedes<\/strong>&nbsp;aspira a obtener su segunda victoria en la temporada 2022.<\/p>\n\n\n\n<p class=\"wp-block-paragraph\"><strong>Para no perderse nada de la actividad en el GP de Abu Dhabi,<\/strong>&nbsp;<strong>estos son los horarios del fin de semana para Am\u00e9rica y Espa\u00f1a:<\/strong><\/p>\n\n\n\n<p class=\"wp-block-paragraph\"><strong>\u00a1Conoce el canal de Grande Pr\u00eamio en Espa\u00f1ol en\u00a0<a href=\"https:\/\/www.youtube.com\/channel\/UCDxWojGVUi9gWYhrY0pGbIQ\" target=\"_blank\" rel=\"noreferrer noopener\">YouTube<\/a>!<br>\u00a1Sigue a\u00a0Grande Pr\u00eamio en Espa\u00f1ol\u00a0en\u00a0<a href=\"https:\/\/twitter.com\/grandepremioES\" target=\"_blank\" rel=\"noreferrer noopener\">Twitter\u00a0<\/a>y en\u00a0<a href=\"https:\/\/www.instagram.com\/grandepremioes\/\" target=\"_blank\" rel=\"noreferrer noopener\">Instagram<\/a>!<\/strong><\/p>\n\n\n\n<figure class=\"wp-block-table\"><table><tbody><tr><td>PA\u00cdS<\/td><td>FP1<\/td><td>FP2<\/td><td>FP3<\/td><td>QUALY<\/td><td>GP<\/td><\/tr><tr><td>CRC\/HON\/ESA\/MEX<\/td><td>04:00<\/td><td>07:00<\/td><td>04:30<\/td><td>08:00<\/td><td>07:00<\/td><\/tr><tr><td>COL\/PER\/ECU\/EUA (MIAMI)<\/td><td>05:00<\/td><td>08:00<\/td><td>05:30<\/td><td>09:00<\/td><td>08:00<\/td><\/tr><tr><td>VEN\/BOL<\/td><td>06:00<\/td><td>09:00<\/td><td>06:30<\/td><td>10:00<\/td><td>09:00<\/td><\/tr><tr><td>ARG\/URU\/CHI<\/td><td>07:00<\/td><td>10:00<\/td><td>07:30<\/td><td>11:00<\/td><td>10:00<\/td><\/tr><tr><td>ESP<\/td><td>11:00<\/td><td>14:00<\/td><td>11:30<\/td><td>15:00<\/td><td>14:00<\/td><\/tr><\/tbody><\/table><\/figure>\n","protected":false},"excerpt":{"rendered":"<p>Todos los horarios para Am\u00e9rica y Espa\u00f1a del GP de Abu Dhabi de la F\u00f3rmula 1 2022<\/p>\n","protected":false},"author":0,"featured_media":1010096449,"comment_status":"closed","ping_status":"closed","sticky":false,"template":"","format":"standard","meta":{"42wp_featured_image_caption":"","42wp_featured_image_credits":"","42wp_featured_video":"","42wp_featured_image_hidden":false,"42wp_authors_list":[],"footnotes":""},"categories":[5],"tags":[3935,3281,181,1495,1439,1884,3934,3933,3932],"42wp_author":[14223],"class_list":["post-20894","post","type-post","status-publish","format-standard","has-post-thumbnail","hentry","category-f1","tag-a-que-hora-corre-la-formula-1","tag-a-que-hora-se-corre-la-f1","tag-f1","tag-f1-2022","tag-formula-1-2022","tag-gp-de-abu-dhabi","tag-horarios-de-la-f1-en-abu-dhabi","tag-horarios-de-la-formula-1-en-abu-dhabi","tag-horarios-del-gp-de-abu-dhabi","42wp_author-esteban-nieto"],"_links":{"self":[{"href":"https:\/\/grandepremio.com\/es\/wp-json\/wp\/v2\/posts\/20894","targetHints":{"allow":["GET"]}}],"collection":[{"href":"https:\/\/grandepremio.com\/es\/wp-json\/wp\/v2\/posts"}],"about":[{"href":"https:\/\/grandepremio.com\/es\/wp-json\/wp\/v2\/types\/post"}],"replies":[{"embeddable":true,"href":"https:\/\/grandepremio.com\/es\/wp-json\/wp\/v2\/comments?post=20894"}],"version-history":[{"count":0,"href":"https:\/\/grandepremio.com\/es\/wp-json\/wp\/v2\/posts\/20894\/revisions"}],"wp:featuredmedia":[{"embeddable":true,"href":"https:\/\/grandepremio.com\/es\/wp-json\/wp\/v2\/media\/1010096449"}],"wp:attachment":[{"href":"https:\/\/grandepremio.com\/es\/wp-json\/wp\/v2\/media?parent=20894"}],"wp:term":[{"taxonomy":"category","embeddable":true,"href":"https:\/\/grandepremio.com\/es\/wp-json\/wp\/v2\/categories?post=20894"},{"taxonomy":"post_tag","embeddable":true,"href":"https:\/\/grandepremio.com\/es\/wp-json\/wp\/v2\/tags?post=20894"},{"taxonomy":"42wp_author","embeddable":true,"href":"https:\/\/grandepremio.com\/es\/wp-json\/wp\/v2\/42wp_author?post=20894"}],"curies":[{"name":"wp","href":"https:\/\/api.w.org\/{rel}","templated":true}]}}