{"id":20899,"date":"2022-11-17T13:46:34","date_gmt":"2022-11-17T16:46:34","guid":{"rendered":"https:\/\/grandepremio.com\/es\/2022\/11\/17\/mick-schumacher-haas-luchar-volver-f1\/"},"modified":"2022-11-17T14:20:14","modified_gmt":"2022-11-17T17:20:14","slug":"mick-schumacher-haas-luchar-volver-f1","status":"publish","type":"post","link":"https:\/\/grandepremio.com\/es\/f1\/mick-schumacher-haas-luchar-volver-f1\/","title":{"rendered":"Schumacher cierra el asunto Haas y garantiza que &#8220;luchar\u00e1 mucho para volver a F1&#8221;"},"content":{"rendered":"\n<p class=\"wp-block-paragraph\"><strong>Mick Schumacher<\/strong> har\u00e1 en <strong>Abu Dhabi<\/strong> su \u00faltima carrera con <strong>Haas<\/strong> y, hasta el momento, la \u00faltima tambi\u00e9n en <a href=\"https:\/\/grandepremio.com\/es\/\/categoria\/f1\/\" target=\"_blank\" rel=\"noreferrer noopener\">F\u00f3rmula 1<\/a>. Despu\u00e9s de semanas de especulaciones, el equipo americano anunci\u00f3 este jueves el fin del v\u00ednculo con el joven alem\u00e1n, que no escondi\u00f3 la tristeza al comentar la decisi\u00f3n del equipo, pero prometi\u00f3 que har\u00e1 todo lo posible para volver a la parrilla. <\/p>\n\n\n\n<p class=\"wp-block-paragraph\">En la temporada 2022, <strong>Mick<\/strong> marc\u00f3 sus primeros puntos en la temporada durante el GP de Inglaterra al terminar en el octavo lugar. Despu\u00e9s, volvi\u00f3 a la zona de puntuaci\u00f3n en la prueba siguiente, en Austria, al ser el sexto clasificado. Son solo 12 puntos en la Clasificaci\u00f3n de Pilotos, mientras que <strong>Kevin Magnussen<\/strong> tiene m\u00e1s del doble, 25. <\/p>\n\n\n\n<p class=\"wp-block-paragraph\"><strong><strong>\u00a1Conoce el canal de Grande Pr\u00eamio en Espa\u00f1ol en\u00a0<a href=\"https:\/\/www.youtube.com\/channel\/UCDxWojGVUi9gWYhrY0pGbIQ\" target=\"_blank\" rel=\"noreferrer noopener\">YouTube<\/a>!<br>\u00a1Sigue a\u00a0Grande Pr\u00eamio en Espa\u00f1ol\u00a0en\u00a0<a href=\"https:\/\/twitter.com\/grandepremioES\" target=\"_blank\" rel=\"noreferrer noopener\">Twitter\u00a0<\/a>y en\u00a0<a href=\"https:\/\/www.instagram.com\/grandepremioes\/\" target=\"_blank\" rel=\"noreferrer noopener\">Instagram<\/a>!<\/strong><\/strong><\/p>\n\n\n\n<figure class=\"wp-block-image size-large\"><img decoding=\"async\" src=\"https:\/\/www.grandepremio.com\/br\/wp-content\/uploads\/2022\/11\/mickschumacher-1024x683.jpg\" alt=\"\" class=\"wp-image-633656\"\/><figcaption>Mick Schumacher a\u00fan tiene esperanzas de volver a la F1 (Foto: Rodrigo Berton\/Grande Pr\u00eamio)<\/figcaption><\/figure>\n\n\n\n<p class=\"wp-block-paragraph\">&#8220;Esta ser mi \u00faltima carrera con <strong>Haas<\/strong>&#8220;, empez\u00f3 <strong>Schumacher<\/strong> en el comunicado divulgado en sus redes sociales. &#8220;No quiero esconder el hecho de que estoy muy decepcionado con la decisi\u00f3n de no renovar nuestro contrato. Pero quiero agradecer tanto a <strong>Haas<\/strong> como a <strong>Ferrari<\/strong> por darme esta oportunidad&#8221;, agreg\u00f3. <\/p>\n\n\n\n<p class=\"wp-block-paragraph\">&#8220;Estos a\u00f1os juntos me ayudaron a madurar tanto t\u00e9cnica como personalmente. Y especialmente cuando las cosas se pusieron dif\u00edciles, percib\u00ed lo mucho que amo este deporte&#8221;, continu\u00f3 el #47, que fue sincero al hacer un breve autoan\u00e1lisis, diciendo que &#8220;algunas veces fui err\u00e1tico&#8221;, pero que el aprendizaje carrera a carrera demuestran que su camino en la <strong>F1<\/strong> a\u00fan no termin\u00f3. <\/p>\n\n\n\n<p class=\"wp-block-paragraph\">&#8220;Algunas veces estuve err\u00e1tico, pero mejor\u00e9 constantemente, aprend\u00ed mucho y ahora s\u00e9e que merezco un lugar en la <strong>F\u00f3rmula 1.<\/strong> El asunto est\u00e1 terminado para m\u00ed. Los reveses solo te dejan m\u00e1s fuerte. Mi fuego quema por la <strong>F\u00f3rmula 1<\/strong> y voy a luchar mucho para volver a la parrilla&#8221;, finaliz\u00f3 <strong>Mick<\/strong>.<\/p>\n\n\n\n<p class=\"wp-block-paragraph\"><strong>Nico H\u00fclkenberg<\/strong> formar\u00e1 pareja con <strong>Magnussen<\/strong> en la parrilla de la F1 2023. Sin <strong>Haas<\/strong>, la prensa extranjera apunta que <strong>Schumacher<\/strong> podr\u00eda estar negociando con <strong>Mercedes<\/strong> un lugar como piloto reserva. <\/p>\n","protected":false},"excerpt":{"rendered":"<p>Mick Schumacher no ocult\u00f3 su frustraci\u00f3n por no haber renovado su contrato con Haas, pero asegur\u00f3 que &#8220;los reveses te hacen m\u00e1s fuerte&#8221; y que luchar\u00e1 por volver pronto a la parrilla de F1.<\/p>\n","protected":false},"author":0,"featured_media":1010096530,"comment_status":"closed","ping_status":"closed","sticky":false,"template":"","format":"standard","meta":{"42wp_featured_image_caption":"","42wp_featured_image_credits":"","42wp_featured_video":"","42wp_featured_image_hidden":false,"42wp_authors_list":[],"footnotes":""},"categories":[5],"tags":[181,1495,1676,179,1468,2236,3438,2237,414,2858,371,2388],"42wp_author":[14233],"class_list":["post-20899","post","type-post","status-publish","format-standard","has-post-thumbnail","hentry","category-f1","tag-f1","tag-f1-2022","tag-f1-2023","tag-formula-1","tag-gp-de-sao-paulo","tag-grande-premio-2","tag-grande-premio-en-espanol","tag-grandepremio","tag-haas","tag-mercado-de-pilotos","tag-mick-schumacher","tag-nico-hulkenberg-2","42wp_author-eric-calduch"],"_links":{"self":[{"href":"https:\/\/grandepremio.com\/es\/wp-json\/wp\/v2\/posts\/20899","targetHints":{"allow":["GET"]}}],"collection":[{"href":"https:\/\/grandepremio.com\/es\/wp-json\/wp\/v2\/posts"}],"about":[{"href":"https:\/\/grandepremio.com\/es\/wp-json\/wp\/v2\/types\/post"}],"replies":[{"embeddable":true,"href":"https:\/\/grandepremio.com\/es\/wp-json\/wp\/v2\/comments?post=20899"}],"version-history":[{"count":0,"href":"https:\/\/grandepremio.com\/es\/wp-json\/wp\/v2\/posts\/20899\/revisions"}],"wp:featuredmedia":[{"embeddable":true,"href":"https:\/\/grandepremio.com\/es\/wp-json\/wp\/v2\/media\/1010096530"}],"wp:attachment":[{"href":"https:\/\/grandepremio.com\/es\/wp-json\/wp\/v2\/media?parent=20899"}],"wp:term":[{"taxonomy":"category","embeddable":true,"href":"https:\/\/grandepremio.com\/es\/wp-json\/wp\/v2\/categories?post=20899"},{"taxonomy":"post_tag","embeddable":true,"href":"https:\/\/grandepremio.com\/es\/wp-json\/wp\/v2\/tags?post=20899"},{"taxonomy":"42wp_author","embeddable":true,"href":"https:\/\/grandepremio.com\/es\/wp-json\/wp\/v2\/42wp_author?post=20899"}],"curies":[{"name":"wp","href":"https:\/\/api.w.org\/{rel}","templated":true}]}}