{"id":20900,"date":"2022-11-17T12:32:06","date_gmt":"2022-11-17T15:32:06","guid":{"rendered":"https:\/\/grandepremio.com\/es\/2022\/11\/17\/max-verstappen-abuso-online-sergio-perez\/"},"modified":"2022-11-17T13:31:07","modified_gmt":"2022-11-17T16:31:07","slug":"max-verstappen-abuso-online-sergio-perez","status":"publish","type":"post","link":"https:\/\/grandepremio.com\/es\/f1\/max-verstappen-abuso-online-sergio-perez\/","title":{"rendered":"Verstappen se queja de abuso online tras crisis con P\u00e9rez: \u201cAtacaron a mi familia\u201d"},"content":{"rendered":"\n<p class=\"wp-block-paragraph\"><strong>Max Verstappen<\/strong> aprovech\u00f3 el primer d\u00eda de trabajo previo al <strong>GP de Abu Dhabi<\/strong> para quejarse del abuso online que recibi\u00f3 tras la pol\u00e9mica con <strong>Sergio P\u00e9rez <\/strong>en el <strong>GP de S\u00e3o Paulo.<\/strong> El bicampe\u00f3n de la <a href=\"https:\/\/grandepremio.com\/es\/\/categoria\/f1\/\" target=\"_blank\" rel=\"noreferrer noopener\">F\u00f3rmula 1<\/a> cont\u00f3 que ley\u00f3 cosas &#8220;bien asquerosas&#8221; y que la familia pas\u00f3 a ser objetivo de amenazas. <\/p>\n\n\n\n<p class=\"wp-block-paragraph\">En la carrera de Interlagos, <strong>Verstappen<\/strong> se neg\u00f3 a ceder la posici\u00f3n a <strong>P\u00e9rez<\/strong> a pesar de la orden de<strong> Red Bull.<\/strong> El piloto dej\u00f3 claro que algo del pasado era el motivo de la desobediencia, pero no expl\u00edcitamente cual era ese motivo. El mexicano, por su lado, trat\u00f3 de aliviar la insatisfacci\u00f3n con la postura del compa\u00f1ero de equipo y lleg\u00f3 a decir que si <strong>Max<\/strong> tiene dos t\u00edtulos en <strong>F1<\/strong>, se lo tiene que agradecer a \u00e9l.<\/p>\n\n\n\n<p class=\"wp-block-paragraph\"><strong><strong>\u00a1Conoce el canal de Grande Pr\u00eamio en Espa\u00f1ol en\u00a0<a href=\"https:\/\/www.youtube.com\/channel\/UCDxWojGVUi9gWYhrY0pGbIQ\" target=\"_blank\" rel=\"noreferrer noopener\">YouTube<\/a>!<br>\u00a1Sigue a\u00a0Grande Pr\u00eamio en Espa\u00f1ol\u00a0en\u00a0<a href=\"https:\/\/twitter.com\/grandepremioES\" target=\"_blank\" rel=\"noreferrer noopener\">Twitter\u00a0<\/a>y en\u00a0<a href=\"https:\/\/www.instagram.com\/grandepremioes\/\" target=\"_blank\" rel=\"noreferrer noopener\">Instagram<\/a>!<\/strong><\/strong><\/p>\n\n\n\n<figure class=\"wp-block-image size-large\"><img decoding=\"async\" src=\"https:\/\/www.grandepremio.com\/br\/wp-content\/uploads\/2022\/11\/SI202211170580_hires_jpeg_24bit_rgb-1024x682.jpg\" alt=\"\" class=\"wp-image-634296\"\/><figcaption>Max Verstappen cont\u00f3 que la familia recibi\u00f3 amenazas tras la pol\u00e9mica con P\u00e9rez en Interlagos (Foto: Bryn Lennon\/Getty Images) <\/figcaption><\/figure>\n\n\n\n<p class=\"wp-block-paragraph\">El equipo de bebidas energ\u00e9ticas intent\u00f3 inmediatamente relajar la situaci\u00f3n y asegur\u00f3 que <strong>Verstappen<\/strong> har\u00e1 todo lo que pueda para ayudar a <strong>P\u00e9rez<\/strong> a conquistar el subcampeonato en la \u00faltima prueba de <strong>F1<\/strong> este fin de semana. Este jueves, no obstante, <strong>Red Bull<\/strong> se volvi\u00f3 a pronunciar, esta vez saliendo en defensa de <strong>Max<\/strong>.<\/p>\n\n\n\n<p class=\"wp-block-paragraph\">El equipo comandado por<strong> Christian Horner<\/strong> dijo entender la posici\u00f3n del holand\u00e9s y conden\u00f3 los ataques recibidos no solo a \u00e9l, sino tambi\u00e9n a <strong>P\u00e9rez<\/strong> y a todo todo el equipo.<\/p>\n\n\n\n<p class=\"wp-block-paragraph\">Hablando a la prensa durante una rueda de prensa, <strong>Max<\/strong> cont\u00f3 que los familiares fueron objetivo de ataques online y analiz\u00f3 que es &#8220;enfermizo&#8221; hacer parte de este ambiente.<\/p>\n\n\n\n<p class=\"wp-block-paragraph\">&#8220;Todas las cosas que le\u00ed son bien asquerosas&#8221;, dijo <strong>Verstappen<\/strong>. &#8220;Pero m\u00e1s que eso, empezaron a atacar a mi familia. Estaban amenazando a mi hermana, a mi madre, a mi novia, a mi padre. Para mi, eso va demasiado lejos&#8221;, apunt\u00f3.<\/p>\n\n\n\n<p class=\"wp-block-paragraph\">&#8220;Uno no sabe la historia real, entones no necesitas escribir al respecto&#8221;, dispar\u00f3. &#8220;Estoy un poco harto de toda esta tonter\u00eda todo el rato. Para ser sincero, es muy enfermizo formar parte de todo esto&#8221;, termin\u00f3. <\/p>\n","protected":false},"excerpt":{"rendered":"<p>Max Verstappen dijo que ley\u00f3 &#8220;cosas muy asquerosas&#8221; y evalu\u00f3 que la pol\u00e9mica fue &#8220;demasiado lejos&#8221;. El holand\u00e9s dice que est\u00e1 &#8220;harto de todas estas tonter\u00edas&#8221;<\/p>\n","protected":false},"author":0,"featured_media":1010096532,"comment_status":"closed","ping_status":"closed","sticky":false,"template":"","format":"standard","meta":{"42wp_featured_image_caption":"","42wp_featured_image_credits":"","42wp_featured_video":"","42wp_featured_image_hidden":false,"42wp_authors_list":[],"footnotes":""},"categories":[5],"tags":[3828,181,1495,185,179,1468,2236,3438,2237,249,2794,206,294],"42wp_author":[14233],"class_list":["post-20900","post","type-post","status-publish","format-standard","has-post-thumbnail","hentry","category-f1","tag-abuso-online","tag-f1","tag-f1-2022","tag-ferrari","tag-formula-1","tag-gp-de-sao-paulo","tag-grande-premio-2","tag-grande-premio-en-espanol","tag-grandepremio","tag-max-verstappen","tag-ordenes-de-equipo","tag-red-bull","tag-sergio-perez","42wp_author-eric-calduch"],"_links":{"self":[{"href":"https:\/\/grandepremio.com\/es\/wp-json\/wp\/v2\/posts\/20900","targetHints":{"allow":["GET"]}}],"collection":[{"href":"https:\/\/grandepremio.com\/es\/wp-json\/wp\/v2\/posts"}],"about":[{"href":"https:\/\/grandepremio.com\/es\/wp-json\/wp\/v2\/types\/post"}],"replies":[{"embeddable":true,"href":"https:\/\/grandepremio.com\/es\/wp-json\/wp\/v2\/comments?post=20900"}],"version-history":[{"count":0,"href":"https:\/\/grandepremio.com\/es\/wp-json\/wp\/v2\/posts\/20900\/revisions"}],"wp:featuredmedia":[{"embeddable":true,"href":"https:\/\/grandepremio.com\/es\/wp-json\/wp\/v2\/media\/1010096532"}],"wp:attachment":[{"href":"https:\/\/grandepremio.com\/es\/wp-json\/wp\/v2\/media?parent=20900"}],"wp:term":[{"taxonomy":"category","embeddable":true,"href":"https:\/\/grandepremio.com\/es\/wp-json\/wp\/v2\/categories?post=20900"},{"taxonomy":"post_tag","embeddable":true,"href":"https:\/\/grandepremio.com\/es\/wp-json\/wp\/v2\/tags?post=20900"},{"taxonomy":"42wp_author","embeddable":true,"href":"https:\/\/grandepremio.com\/es\/wp-json\/wp\/v2\/42wp_author?post=20900"}],"curies":[{"name":"wp","href":"https:\/\/api.w.org\/{rel}","templated":true}]}}