{"id":20903,"date":"2022-11-17T08:35:50","date_gmt":"2022-11-17T11:35:50","guid":{"rendered":"https:\/\/grandepremio.com\/es\/2022\/11\/17\/haas-nico-hulkenberg-magnussen-formula-1-2023\/"},"modified":"2022-11-17T11:33:05","modified_gmt":"2022-11-17T14:33:05","slug":"haas-nico-hulkenberg-magnussen-formula-1-2023","status":"publish","type":"post","link":"https:\/\/grandepremio.com\/es\/f1\/haas-nico-hulkenberg-magnussen-formula-1-2023\/","title":{"rendered":"Haas ficha a H\u00fclkenberg y cierra alineaci\u00f3n con Magnussen para la F\u00f3rmula 1 2023"},"content":{"rendered":"\n<p class=\"wp-block-paragraph\">La parrilla de <a href=\"https:\/\/grandepremio.com\/es\/\/categoria\/f1\/\" target=\"_blank\" rel=\"noreferrer noopener\">F\u00f3rmula 1 2023<\/a> est\u00e1 cerrada. Haas oficializ\u00f3 este jueves la contrataci\u00f3n del piloto alem\u00e1n <strong>Nico H\u00fclkenberg<\/strong> como titular del equipo. Reemplazar\u00e1 a su compatriota <strong>Mick Schumacher<\/strong> y formar\u00e1 equipo con el dan\u00e9s <strong>Kevin Magnussen<\/strong>. El alem\u00e1n ser\u00e1 piloto titular de <strong>F1<\/strong> por primera vez desde 2019.<\/p>\n\n\n\n<p class=\"wp-block-paragraph\"><strong>Haas<\/strong> resolvi\u00f3 el problema en media hora. De madrugada europea emiti\u00f3 un comunicado en el que confirmaba la salida de <strong>Schumacher<\/strong>, quien no recibi\u00f3 bien la noticia y dijo estar muy decepcionado; media hora despu\u00e9s, revel\u00f3 que <strong>H\u00fclkenberg<\/strong> se convertir\u00e1 en titular en 2023. El acuerdo es v\u00e1lido, por ahora, solo para esta temporada.<\/p>\n\n\n\n<p class=\"wp-block-paragraph\">El piloto que se ha convertido en los \u00faltimos a\u00f1os en sin\u00f3nimo de reemplazo de urgencia gana as\u00ed una nueva oportunidad en la categor\u00eda. \u201cEstoy encantado de conseguir un asiento de carreras a tiempo completo con <strong>Haas<\/strong> en 2023\u201d, afirm\u00f3 <strong>Nico H\u00fclkenberg<\/strong>. \u201cSiento que nunca dej\u00e9 la <strong>F\u00f3rmula 1<\/strong>. Estoy emocionado de tener la oportunidad de hacer lo que m\u00e1s amo nuevamente y quiero agradecer a <strong>Gene Haas<\/strong> y <strong>Guenther Steiner<\/strong> por su confianza. Tenemos trabajo por delante para poder competir con todos los dem\u00e1s equipos en el pelot\u00f3n y no veo la hora de volver a entrar en esa batalla&#8221;, complet\u00f3 el piloto. <\/p>\n\n\n\n<p class=\"wp-block-paragraph\"><strong><strong>\u00a1Conoce el canal de Grande Pr\u00eamio en Espa\u00f1ol en\u00a0<a href=\"https:\/\/www.youtube.com\/channel\/UCDxWojGVUi9gWYhrY0pGbIQ\" target=\"_blank\" rel=\"noreferrer noopener\">YouTube<\/a>!<br>\u00a1Sigue a\u00a0Grande Pr\u00eamio en Espa\u00f1ol\u00a0en\u00a0<a href=\"https:\/\/twitter.com\/grandepremioES\" target=\"_blank\" rel=\"noreferrer noopener\">Twitter\u00a0<\/a>y en\u00a0<a href=\"https:\/\/www.instagram.com\/grandepremioes\/\" target=\"_blank\" rel=\"noreferrer noopener\">Instagram<\/a>!<\/strong><\/strong><\/p>\n\n\n\n<figure class=\"wp-block-image size-full\"><img decoding=\"async\" src=\"https:\/\/grandepremio.com\/es\/\/wp-content\/uploads\/2022\/11\/astonmartin-nikohulkenberg-01-1-1024x682-2.jpg\" alt=\"\" class=\"wp-image-96502\"\/><figcaption>Nico H\u00fclkenberg disput\u00f3 las dos primeras carreras de 2022 con Aston Martin (Foto: Aston Martin)<\/figcaption><\/figure>\n\n\n\n<p class=\"wp-block-paragraph\">A la edad de 35 a\u00f1os, <strong>H\u00fclkenberg<\/strong> hizo su debut en la <strong>F\u00f3rmula 1<\/strong> en 2010 con <strong>Williams<\/strong>. Tras un a\u00f1o de par\u00f3n, volvi\u00f3 en 2012 y pas\u00f3 por <strong>Force India, Sauber y Renault<\/strong>, consolid\u00e1ndose como uno de los grandes de la tabla media de la categor\u00eda. En 2020 fue sustituido por <strong>Esteban Ocon,<\/strong> pero a\u00fan as\u00ed sigui\u00f3 en la parrilla como suplente de pilotos contagiados de Covid-19.<\/p>\n\n\n\n<p class=\"wp-block-paragraph\">En la temporada 2022, hizo las dos primeras carreras del campeonato para <strong>Aston Martin<\/strong>, reemplazando a <strong>Sebastian Vettel<\/strong>. Su mejor resultado fue el 12\u00ba puesto en el GP de Arabia Saudita.<\/p>\n\n\n\n<p class=\"wp-block-paragraph\"><strong>Steiner<\/strong> no ocult\u00f3 su satisfacci\u00f3n por poder contar con <strong>H\u00fclkenberg<\/strong>. \u201cLa experiencia y la base de conocimientos que <strong>Nico<\/strong> aporta al equipo es evidente, con casi 200 carreras en la <strong>F\u00f3rmula 1<\/strong> y la reputaci\u00f3n de ser un gran clasificador y un piloto s\u00f3lido y fiable\u201d, dijo el directivo.<\/p>\n\n\n\n<p class=\"wp-block-paragraph\">\u201cEstos son atributos que, cuando se combinan con la experiencia de <strong>Kevin Magnussen<\/strong>, nos brindan una alineaci\u00f3n de pilotos muy fiable y experimentada que creemos que ayudar\u00e1 a impulsar al equipo hacia adelante en la parrilla. Obviamente, ese es el objetivo y fue esta ambici\u00f3n la que motiv\u00f3 el regreso de <strong>Nico<\/strong> a la <strong>F\u00f3rmula 1<\/strong>: comparte nuestra visi\u00f3n y puede ser un jugador clave junto con el resto del equipo en la construcci\u00f3n de los cimientos que hemos establecido este a\u00f1o con nuestro regreso a la <strong>F\u00f3rmula 1<\/strong> para luchar por los puntos\u201d, complet\u00f3.<\/p>\n\n\n\n<p class=\"wp-block-paragraph\"><strong>H\u00fclkenberg<\/strong> participar\u00e1 en los test de F1 tras el <strong>GP de Abu Dhabi<\/strong>, pilotando el monoplaza de <strong>Haas<\/strong> junto a <strong>Pietro Fittipaldi.<\/strong><\/p>\n","protected":false},"excerpt":{"rendered":"<p>Haas confirm\u00f3 las expectativas y anunci\u00f3 a Nico H\u00fclkenberg como titular para 2023. El alem\u00e1n vuelve a la parrilla tras ser reserva las \u00faltimas tres temporadas.<\/p>\n","protected":false},"author":0,"featured_media":1010096500,"comment_status":"closed","ping_status":"closed","sticky":false,"template":"","format":"standard","meta":{"42wp_featured_image_caption":"","42wp_featured_image_credits":"","42wp_featured_video":"","42wp_featured_image_hidden":false,"42wp_authors_list":[],"footnotes":""},"categories":[5],"tags":[181,1495,1676,179,1468,2236,3438,2237,414,430,2858,371,2388],"42wp_author":[14233],"class_list":["post-20903","post","type-post","status-publish","format-standard","has-post-thumbnail","hentry","category-f1","tag-f1","tag-f1-2022","tag-f1-2023","tag-formula-1","tag-gp-de-sao-paulo","tag-grande-premio-2","tag-grande-premio-en-espanol","tag-grandepremio","tag-haas","tag-kevin-magnussen","tag-mercado-de-pilotos","tag-mick-schumacher","tag-nico-hulkenberg-2","42wp_author-eric-calduch"],"_links":{"self":[{"href":"https:\/\/grandepremio.com\/es\/wp-json\/wp\/v2\/posts\/20903","targetHints":{"allow":["GET"]}}],"collection":[{"href":"https:\/\/grandepremio.com\/es\/wp-json\/wp\/v2\/posts"}],"about":[{"href":"https:\/\/grandepremio.com\/es\/wp-json\/wp\/v2\/types\/post"}],"replies":[{"embeddable":true,"href":"https:\/\/grandepremio.com\/es\/wp-json\/wp\/v2\/comments?post=20903"}],"version-history":[{"count":0,"href":"https:\/\/grandepremio.com\/es\/wp-json\/wp\/v2\/posts\/20903\/revisions"}],"wp:featuredmedia":[{"embeddable":true,"href":"https:\/\/grandepremio.com\/es\/wp-json\/wp\/v2\/media\/1010096500"}],"wp:attachment":[{"href":"https:\/\/grandepremio.com\/es\/wp-json\/wp\/v2\/media?parent=20903"}],"wp:term":[{"taxonomy":"category","embeddable":true,"href":"https:\/\/grandepremio.com\/es\/wp-json\/wp\/v2\/categories?post=20903"},{"taxonomy":"post_tag","embeddable":true,"href":"https:\/\/grandepremio.com\/es\/wp-json\/wp\/v2\/tags?post=20903"},{"taxonomy":"42wp_author","embeddable":true,"href":"https:\/\/grandepremio.com\/es\/wp-json\/wp\/v2\/42wp_author?post=20903"}],"curies":[{"name":"wp","href":"https:\/\/api.w.org\/{rel}","templated":true}]}}