{"id":20922,"date":"2022-11-15T09:18:26","date_gmt":"2022-11-15T12:18:26","guid":{"rendered":"https:\/\/grandepremio.com\/es\/2022\/11\/15\/mercedes-paquete-brasil-abu-dhabi-formula-1\/"},"modified":"2022-11-15T09:19:20","modified_gmt":"2022-11-15T12:19:20","slug":"mercedes-paquete-brasil-abu-dhabi-formula-1","status":"publish","type":"post","link":"https:\/\/grandepremio.com\/es\/f1\/mercedes-paquete-brasil-abu-dhabi-formula-1\/","title":{"rendered":"Mercedes admite que tuvo &#8220;mejor paquete&#8221; en Brasil, pero no sabe explicar c\u00f3mo"},"content":{"rendered":"\n<p class=\"wp-block-paragraph\"><a href=\"https:\/\/grandepremio.com\/es\/\/f1\/george-russell-victoria-sao-paulo-formula-1\/\" target=\"_blank\" rel=\"noreferrer noopener\"><strong>Mercedes<\/strong> consigui\u00f3 finalmente su primera victoria en la <strong>F\u00f3rmula 1 en 2022<\/strong>, con <strong>George Russell<\/strong> en el<strong> GP de Sao Paulo<\/strong><\/a>. Y como si fuera la cereza del pastel, la escuder\u00eda alemana hizo doblete, con <strong>Lewis Hamilton <\/strong>en segunda posici\u00f3n. Sin embargo, ni siquiera <strong>Toto Wolff<\/strong>, jefe del equipo, puede encontrarle una explicaci\u00f3n a semejante salto en el rendimiento en el <strong>W13<\/strong> con respecto a los monoplazas rivales.<\/p>\n\n\n\n<p class=\"wp-block-paragraph\">&#8220;Hemos tenido el paquete m\u00e1s r\u00e1pido durante todo el fin de semana. Creo que es la suma de las piezas de desarrollo que se han aportado al auto, el buen trabajo que se ha hecho a lo largo de la temporada en la parte de la unidad de potencia y todos nosotros juntos. Hemos visto la tendencia positiva en las tres \u00faltimas carreras. \u00bfVolvemos a ser dominantes? No, no lo hemos hecho&#8221;, analiz\u00f3 Wolff.<\/p>\n\n\n\n<p class=\"wp-block-paragraph\">&#8220;Creo que Abu Dhabi ser\u00e1 mucho m\u00e1s dif\u00edcil para nosotros, porque tenemos mucha resistencia aerodin\u00e1mica y sabemos por qu\u00e9. Sabemos por qu\u00e9 somos mejores, pero si sabemos por qu\u00e9 est\u00e1bamos tan por delante de los dem\u00e1s este fin de semana\u2026 No lo sabemos&#8221;, revel\u00f3 el jefe de Mercedes.<\/p>\n\n\n\n<p class=\"wp-block-paragraph\"><strong><strong>\u00a1Conoce el canal de Grande Pr\u00eamio en Espa\u00f1ol en\u00a0<a href=\"https:\/\/www.youtube.com\/channel\/UCDxWojGVUi9gWYhrY0pGbIQ\" target=\"_blank\" rel=\"noreferrer noopener\">YouTube<\/a>!<br>\u00a1Sigue a\u00a0Grande Pr\u00eamio en Espa\u00f1ol\u00a0en\u00a0<a href=\"https:\/\/twitter.com\/grandepremioES\" target=\"_blank\" rel=\"noreferrer noopener\">Twitter\u00a0<\/a>y en\u00a0<a href=\"https:\/\/www.instagram.com\/grandepremioes\/\" target=\"_blank\" rel=\"noreferrer noopener\">Instagram<\/a>!<\/strong><\/strong><\/p>\n\n\n\n<figure class=\"wp-block-image size-large\"><img decoding=\"async\" src=\"https:\/\/www.grandepremio.com\/br\/wp-content\/uploads\/2022\/11\/georgerussel-9-1024x683.jpg\" alt=\"\" class=\"wp-image-633607\"\/><figcaption>George Russell conquist\u00f3 su primera victoria en Interlagos (Foto: Rodrigo Berton\/Grande Pr\u00eamio)<\/figcaption><\/figure>\n\n\n\n<p class=\"wp-block-paragraph\">Despu\u00e9s de un comienzo de temporada muy complicado, con mucho efecto rebote y muchas inc\u00f3gnitas en relaci\u00f3n al desarrollo del W13, las \u00faltimas actualizaciones del auto en Austin confirmaron que el equipo est\u00e1 en el buen camino. Toto alab\u00f3 la dedicaci\u00f3n del equipo para superar el dif\u00edcil per\u00edodo y terminar el a\u00f1o con una perspectiva positiva para 2023.<\/p>\n\n\n\n<p class=\"wp-block-paragraph\">&#8220;Tuvimos situaciones en las que sentimos que nos entend\u00edamos y hubo contratiempos y, obviamente, fines de semana que fueron tremendamente dif\u00edciles, como el de Spa. Pero el equipo nunca dej\u00f3 de creer que \u00edbamos por el buen camino, sin dejar de reconocer que no siempre lo entend\u00edamos todo. Muestra la mentalidad y los valores del equipo, y me siento muy orgulloso de lo que hemos conseguido&#8221;, concluy\u00f3 Wolff.<\/p>\n\n\n\n<p class=\"wp-block-paragraph\">Mercedes vuelve a la pista el pr\u00f3ximo fin de semana para el <strong>GP de Abu Dhabi,<\/strong> que cierra la temporada 2022 de F\u00f3rmula 1, con la cobertura completa de<strong> GRANDE PR\u00caMIO en Espa\u00f1ol.<\/strong><\/p>\n","protected":false},"excerpt":{"rendered":"<p>Toto Wolff, jefe de Mercedes,  revel\u00f3 que el equipo a\u00fan no encuentra una explicaci\u00f3n de por qu\u00e9 fueron tan dominantes frente a Red Bull y Ferrari en el GP de Sao Paulo. <\/p>\n","protected":false},"author":0,"featured_media":1000633443,"comment_status":"closed","ping_status":"closed","sticky":false,"template":"","format":"standard","meta":{"42wp_featured_image_caption":"","42wp_featured_image_credits":"","42wp_featured_video":"","42wp_featured_image_hidden":false,"42wp_authors_list":[],"footnotes":""},"categories":[5],"tags":[181,1495,185,179,253,1884,1491,3703,1488,2237,199,249,197,206,569],"42wp_author":[14223],"class_list":["post-20922","post","type-post","status-publish","format-standard","has-post-thumbnail","hentry","category-f1","tag-f1","tag-f1-2022","tag-ferrari","tag-formula-1","tag-george-russell","tag-gp-de-abu-dhabi","tag-gp-de-sao-paulo-2","tag-gp-de-sao-paulo-2022","tag-grande-premio","tag-grandepremio","tag-lewis-hamilton","tag-max-verstappen","tag-mercedes","tag-red-bull","tag-toto-wolff","42wp_author-esteban-nieto"],"_links":{"self":[{"href":"https:\/\/grandepremio.com\/es\/wp-json\/wp\/v2\/posts\/20922","targetHints":{"allow":["GET"]}}],"collection":[{"href":"https:\/\/grandepremio.com\/es\/wp-json\/wp\/v2\/posts"}],"about":[{"href":"https:\/\/grandepremio.com\/es\/wp-json\/wp\/v2\/types\/post"}],"replies":[{"embeddable":true,"href":"https:\/\/grandepremio.com\/es\/wp-json\/wp\/v2\/comments?post=20922"}],"version-history":[{"count":0,"href":"https:\/\/grandepremio.com\/es\/wp-json\/wp\/v2\/posts\/20922\/revisions"}],"wp:featuredmedia":[{"embeddable":true,"href":"https:\/\/grandepremio.com\/es\/wp-json\/wp\/v2\/media\/1000633443"}],"wp:attachment":[{"href":"https:\/\/grandepremio.com\/es\/wp-json\/wp\/v2\/media?parent=20922"}],"wp:term":[{"taxonomy":"category","embeddable":true,"href":"https:\/\/grandepremio.com\/es\/wp-json\/wp\/v2\/categories?post=20922"},{"taxonomy":"post_tag","embeddable":true,"href":"https:\/\/grandepremio.com\/es\/wp-json\/wp\/v2\/tags?post=20922"},{"taxonomy":"42wp_author","embeddable":true,"href":"https:\/\/grandepremio.com\/es\/wp-json\/wp\/v2\/42wp_author?post=20922"}],"curies":[{"name":"wp","href":"https:\/\/api.w.org\/{rel}","templated":true}]}}