{"id":2093,"date":"2026-03-22T16:33:11","date_gmt":"2026-03-22T19:33:11","guid":{"rendered":"https:\/\/grandepremio.com\/es\/2026\/03\/22\/mercedes-admite-error-descalificacion-verstappen\/"},"modified":"2026-03-22T16:33:14","modified_gmt":"2026-03-22T19:33:14","slug":"mercedes-admite-error-descalificacion-verstappen","status":"publish","type":"post","link":"https:\/\/grandepremio.com\/es\/resistencia\/mercedes-admite-error-descalificacion-verstappen\/","title":{"rendered":"Mercedes admite su error por la descalificaci\u00f3n de Verstappen en Alemania"},"content":{"rendered":"\n<p class=\"wp-block-paragraph\">Tras la victoria en pista de ayer de <strong>Max Verstappen<\/strong> en el inicio de la temporada 2026 de la <strong>NLS<\/strong>, la categor\u00eda comunic\u00f3 que el auto del neerland\u00e9s, que comparti\u00f3 un <strong>Mercedes <\/strong>junto a <strong>Jules Gounon<\/strong> y <strong>Dani Juncadella<\/strong>, debido a que utilizaron siete juegos de gomas en lugar de los seis permitidos por reglamento.<\/p>\n\n\n\n<p class=\"wp-block-paragraph\">\ud83d\udfe5&nbsp;<strong><em>\u00a1Todas las novedades te esperan en el canal de&nbsp;<\/em><\/strong><a href=\"https:\/\/www.youtube.com\/@GrandePremioES\"><em>YouTube<\/em><\/a><strong><em>&nbsp;de Grande Pr\u00eamio en Espa\u00f1ol!<\/em><\/strong>&nbsp;\ud83d\udfe8<\/p>\n\n\n\n<p class=\"wp-block-paragraph\">La exclusi\u00f3n anul\u00f3 una tremenda victoria en la pista, que hab\u00eda sido de 59 segundos, sobre el resto de los participantes de la categor\u00eda que compite habitualmente en el <em>\u201cinfierno verde\u201d<\/em>. <strong>Stefan Wendl<\/strong>, jefe de la divisi\u00f3n de equipos clientes de Mercedes, brind\u00f3 su opini\u00f3n mediante un comunicado.<\/p>\n\n\n\n<p class=\"wp-block-paragraph\"><strong>\u201cEl fin de semana de la NLS quedar\u00e1 grabado en nuestra memoria durante mucho tiempo. Vimos carreras de verdad en pista y vivimos un d\u00eda extraordinario en cuanto al ambiente. Terminamos la carrera muy contentos con la supuesta victoria. La decepci\u00f3n fue a\u00fan mayor cuando nos dimos cuenta de que hab\u00edamos cometido un error entre bastidores durante la ma\u00f1ana, lo que oblig\u00f3 a los organizadores a descalificar al coche ganador. Esto duele y, naturalmente, todos los implicados estamos muy decepcionados\u201d<\/strong>, dijo Wendl.<\/p>\n\n\n\n<figure class=\"wp-block-embed is-type-video is-provider-youtube wp-block-embed-youtube wp-embed-aspect-16-9 wp-has-aspect-ratio\"><div class=\"wp-block-embed__wrapper\">\n<iframe loading=\"lazy\" title=\"COLAPINTO Y UN GP DE CHINA QUE MARCA EL RUMBO A SEGUIR\" width=\"500\" height=\"281\" src=\"https:\/\/www.youtube.com\/embed\/JdvsuC5bR6M?feature=oembed\" frameborder=\"0\" allow=\"accelerometer; autoplay; clipboard-write; encrypted-media; gyroscope; picture-in-picture; web-share\" referrerpolicy=\"strict-origin-when-cross-origin\" allowfullscreen><\/iframe>\n<\/div><\/figure>\n\n\n\n<p class=\"wp-block-paragraph\">Para el directivo, lo m\u00e1s importante es aprender de los errores de cara a las pr\u00f3ximas carreras del certamen: <strong>\u201cEsto demuestra una vez m\u00e1s que solo se gana en el Nordschleife si todo sale bien. Winward, que logr\u00f3 alinear dos coches de alto rendimiento, compet\u00eda por primera vez con esta configuraci\u00f3n en la NLS. Ahora, debemos analizar los errores, extraer las lecciones positivas del fin de semana y centrarnos en las carreras preparatorias, as\u00ed como en las 24 Horas de N\u00fcrburgring\u201d.<\/strong><\/p>\n\n\n\n<p class=\"wp-block-paragraph\">A su vez, el <strong>Verstappen Racing<\/strong>, cuyo auto es atendido por el <strong>Winward Racing<\/strong> en la pista, tambi\u00e9n emiti\u00f3 un comunicado por lo sucedido ayer: <strong>\u201cUn resultado duro, pero seguimos adelante. Hay mucho que aprender del fin de semana y mucho que esperar con ilusi\u00f3n\u201d.<\/strong><\/p>\n\n\n\n<p class=\"wp-block-paragraph\">\u23e9&nbsp;<strong><em>\u00a1Seguinos en redes por&nbsp;<\/em><\/strong><a href=\"https:\/\/twitter.com\/grandepremioES\"><em>Twitter&nbsp;<\/em><\/a><strong><em>e&nbsp;<\/em><\/strong><a href=\"https:\/\/www.instagram.com\/grandepremioes\/\"><em>Instagram!<br><\/em><\/a>\u23e9&nbsp;<strong><em>Adem\u00e1s, tenemos nuestro&nbsp;<\/em><\/strong><a href=\"https:\/\/whatsapp.com\/channel\/0029VaDZ5zb0gcfDxuwxBM05\"><em>canal de Whatsapp<\/em><\/a><strong><em>&nbsp;con toda la informaci\u00f3n al instante<\/em><\/strong>&nbsp;\ud83c\udfc1<\/p>\n\n\n\n<p class=\"wp-block-paragraph\">Verstappen ya hab\u00eda anunciado que competir\u00e1 en las 24 horas de N\u00fcrburgring a disputarse en el mes de mayo y desliz\u00f3 que podr\u00eda volver para la NLS3 en el mes de abril, por las postergaciones de la F\u00f3rmula 1 de los GP de Bahrein y Arabia Saudita.<\/p>\n","protected":false},"excerpt":{"rendered":"<p>En un comunicado de prensa, Stefan Wendl, director de la divisi\u00f3n de clientes de Mercedes, admiti\u00f3 el error que anul\u00f3 la contundente victoria de Max Verstappen en la carrera de la NLS que se disput\u00f3 ayer en el Nordschleife.<\/p>\n","protected":false},"author":0,"featured_media":1010396149,"comment_status":"closed","ping_status":"closed","sticky":false,"template":"","format":"standard","meta":{"42wp_featured_image_caption":"","42wp_featured_image_credits":"","42wp_featured_video":"","42wp_featured_image_hidden":false,"42wp_authors_list":[],"footnotes":""},"categories":[19],"tags":[11096,3138,249,197,10150,10511,13476,11598],"42wp_author":[14237],"class_list":["post-2093","post","type-post","status-publish","format-standard","has-post-thumbnail","hentry","category-resistencia","tag-dani-juncadella","tag-jules-gounon","tag-max-verstappen","tag-mercedes","tag-nls","tag-stefan-wendl","tag-verstappen-racing","tag-winward-racing","42wp_author-gabriel-garcia"],"_links":{"self":[{"href":"https:\/\/grandepremio.com\/es\/wp-json\/wp\/v2\/posts\/2093","targetHints":{"allow":["GET"]}}],"collection":[{"href":"https:\/\/grandepremio.com\/es\/wp-json\/wp\/v2\/posts"}],"about":[{"href":"https:\/\/grandepremio.com\/es\/wp-json\/wp\/v2\/types\/post"}],"replies":[{"embeddable":true,"href":"https:\/\/grandepremio.com\/es\/wp-json\/wp\/v2\/comments?post=2093"}],"version-history":[{"count":0,"href":"https:\/\/grandepremio.com\/es\/wp-json\/wp\/v2\/posts\/2093\/revisions"}],"wp:featuredmedia":[{"embeddable":true,"href":"https:\/\/grandepremio.com\/es\/wp-json\/wp\/v2\/media\/1010396149"}],"wp:attachment":[{"href":"https:\/\/grandepremio.com\/es\/wp-json\/wp\/v2\/media?parent=2093"}],"wp:term":[{"taxonomy":"category","embeddable":true,"href":"https:\/\/grandepremio.com\/es\/wp-json\/wp\/v2\/categories?post=2093"},{"taxonomy":"post_tag","embeddable":true,"href":"https:\/\/grandepremio.com\/es\/wp-json\/wp\/v2\/tags?post=2093"},{"taxonomy":"42wp_author","embeddable":true,"href":"https:\/\/grandepremio.com\/es\/wp-json\/wp\/v2\/42wp_author?post=2093"}],"curies":[{"name":"wp","href":"https:\/\/api.w.org\/{rel}","templated":true}]}}