{"id":20936,"date":"2022-11-13T23:10:39","date_gmt":"2022-11-14T02:10:39","guid":{"rendered":"https:\/\/grandepremio.com\/es\/2022\/11\/13\/ferrari-recuperacion-leclerc-sainz-formula-1\/"},"modified":"2022-11-13T23:10:41","modified_gmt":"2022-11-14T02:10:41","slug":"ferrari-recuperacion-leclerc-sainz-formula-1","status":"publish","type":"post","link":"https:\/\/grandepremio.com\/es\/f1\/ferrari-recuperacion-leclerc-sainz-formula-1\/","title":{"rendered":"Ferrari elogia recuperaci\u00f3n de Leclerc y de Sainz en Interlagos: &#8220;Atacamos todo el tiempo&#8221;"},"content":{"rendered":"\n<p class=\"wp-block-paragraph\"><a href=\"https:\/\/grandepremio.com\/es\/\/f1\/george-russell-victoria-sao-paulo-formula-1\/\" target=\"_blank\" rel=\"noreferrer noopener\">Incluso con el doblete de <strong>Mercedes <\/strong>en el <strong>GP de S\u00e3o Paulo de F\u00f3rmula 1<\/strong><\/a>, <strong>Ferrari<\/strong> puede irse satisfecho de <strong>Interlagos<\/strong>, seg\u00fan el jefe del equipo <strong>Mattia Binotto<\/strong>. El italiano se refiri\u00f3 a las circunstancias de la carrera para expresar su satisfacci\u00f3n con el rendimiento de la escuder\u00eda de Maranello.<\/p>\n\n\n\n<p class=\"wp-block-paragraph\">En Interlagos, Leclerc recibi\u00f3 un toque por parte de <strong>Lando Norris<\/strong> en la s\u00e9ptima vuelta, luego de la reanudaci\u00f3n <a href=\"https:\/\/grandepremio.com\/es\/\/f1\/daniel-ricciardo-sancionado-toque-kevin-magnussen\/\" target=\"_blank\" rel=\"noreferrer noopener\">tras un incidente entre <strong>Daniel Ricciardo y Kevin Magnussen<\/strong><\/a>. Charles iba por afuera en la curva Ferradura cuando el brit\u00e1nico de McLaren buscaba mantener la cuerda por adentro. Sin embargo, Norris cambi\u00f3 su trayectoria y mediante un toque, provoc\u00f3 el despiste y el impacto contra el muro de la Ferrari #16. A pesar del incidente, ambos lograron mantenerse en carrera, pero el piloto de McLaren abandon\u00f3 poco antes del final.<\/p>\n\n\n\n<p class=\"wp-block-paragraph\"><strong><strong>\u00a1Conoce el canal de Grande Pr\u00eamio en Espa\u00f1ol en\u00a0<a href=\"https:\/\/www.youtube.com\/channel\/UCDxWojGVUi9gWYhrY0pGbIQ\" target=\"_blank\" rel=\"noreferrer noopener\">YouTube<\/a>!<br>\u00a1Sigue a\u00a0Grande Pr\u00eamio en Espa\u00f1ol\u00a0en\u00a0<a href=\"https:\/\/twitter.com\/grandepremioES\" target=\"_blank\" rel=\"noreferrer noopener\">Twitter\u00a0<\/a>y en\u00a0<a href=\"https:\/\/www.instagram.com\/grandepremioes\/\" target=\"_blank\" rel=\"noreferrer noopener\">Instagram<\/a>!<\/strong><\/strong><\/p>\n\n\n\n<figure class=\"wp-block-video\"><video class=\"video-js vjs-big-play-centered\" data-gp-vjs=\"1\" controls src=\"https:\/\/grandepremio.com\/es\/\/wp-content\/uploads\/2022\/11\/2022_11_13_Leclerc_Norris.mp4\"><\/video><figcaption>Lando Norris y Charles Leclerc protagonizaron un incidente durante el GP de Sao Paulo. (Video: F1)<\/figcaption><\/figure>\n\n\n\n<p class=\"wp-block-paragraph\">Leclerc cay\u00f3 al \u00faltimo lugar, pero escal\u00f3 posiciones y termin\u00f3 la carrera en cuarta posici\u00f3n. Por otro lado, Binotto tambi\u00e9n revel\u00f3 que Carlos Sainz tuvo problemas en el inicio de la carrera en Sao Paulo.<\/p>\n\n\n\n<p class=\"wp-block-paragraph\">&#8220;Nuestra carrera se complic\u00f3 inmediatamente desde el principio por el incidente de Charles (Leclerc). En el caso de Carlos (Sainz), el visor se atasc\u00f3 en un conducto de los frenos de su coche, y tuvimos que adelantar su primera parada en boxes mientras los mec\u00e1nicos se ocupaban del problema&#8221;, coment\u00f3 el jefe de Ferrari.<\/p>\n\n\n\n<p class=\"wp-block-paragraph\">&#8220;A partir de ah\u00ed se trataba de atacar todo el tiempo y, gracias a una estrategia agresiva y a un gran trabajo de todo el equipo, conseguimos terminar 3\u00ba y 4\u00ba, sumando muchos puntos en el campeonato, lo que puede ser vital de cara a la \u00faltima prueba en Abu Dhabi&#8221;, sigui\u00f3.<\/p>\n\n\n\n<figure class=\"wp-block-image size-large\"><img decoding=\"async\" src=\"https:\/\/www.grandepremio.com\/br\/wp-content\/uploads\/2022\/07\/000_32FD7AN-1024x683.jpg\" alt=\"\" class=\"wp-image-600810\"\/><figcaption>Mattia Binotto analiz\u00f3 la carrera de Ferrari en S\u00e3o Paulo (Foto: Eric Gaillard\/AFP)<\/figcaption><\/figure>\n\n\n\n<p class=\"wp-block-paragraph\">Al llegar a la \u00faltima ronda del campeonato, Ferrari tiene 524 puntos en el Campeonato Mundial de Constructores, 19 por delante de Mercedes.<\/p>\n\n\n\n<p class=\"wp-block-paragraph\">&#8220;Ahora nos concentramos en asegurarnos de estar lo mejor preparados para esta \u00faltima carrera decisiva. Mis felicitaciones a <strong>George Russell <\/strong>por su primera victoria&#8221;, finaliz\u00f3 Binotto.<\/p>\n\n\n\n<p class=\"wp-block-paragraph\">La acci\u00f3n continuar\u00e1 el pr\u00f3ximo domingo, cuando se dispute el\u00a0<strong>GP de Abu Dhab<\/strong>i.\u00a0<strong>Grande Pr\u00eamio en Espa\u00f1ol<\/strong>\u00a0sigue\u00a0<strong>EN VIVO Y EN TIEMPO REAL<\/strong>\u00a0todas las actividades del Mundial de\u00a0<a href=\"https:\/\/grandepremio.com\/es\/\/f1\/\" target=\"_blank\" rel=\"noreferrer noopener\"><\/a><a href=\"https:\/\/grandepremio.com\/es\/\/f1\/\" target=\"_blank\" rel=\"noreferrer noopener\"><\/a><a href=\"https:\/\/grandepremio.com\/es\/\/f1\/\" target=\"_blank\" rel=\"noreferrer noopener\"><\/a><a href=\"https:\/\/grandepremio.com\/es\/\/f1\/\" target=\"_blank\" rel=\"noreferrer noopener\">F\u00f3rmula 1<\/a>.<\/p>\n","protected":false},"excerpt":{"rendered":"<p>A pesar de que tanto Charles Leclerc como Carlos Sainz tuvieron problemas a lo largo del GP de Sao Paulo, el jefe de Ferrari, Mattia Binotto, termin\u00f3 satisfecho con el desempe\u00f1o de la escuder\u00eda en Interlagos.<\/p>\n","protected":false},"author":0,"featured_media":1000633582,"comment_status":"closed","ping_status":"closed","sticky":false,"template":"","format":"standard","meta":{"42wp_featured_image_caption":"","42wp_featured_image_credits":"","42wp_featured_video":"","42wp_featured_image_hidden":false,"42wp_authors_list":[],"footnotes":""},"categories":[5],"tags":[302,247,181,1495,185,179,253,1491,3765,1488,2237,199,249,197,206],"42wp_author":[14232],"class_list":["post-20936","post","type-post","status-publish","format-standard","has-post-thumbnail","hentry","category-f1","tag-carlos-sainz","tag-charles-leclerc","tag-f1","tag-f1-2022","tag-ferrari","tag-formula-1","tag-george-russell","tag-gp-de-sao-paulo-2","tag-gp-de-sao-paulo-de-formula-1-2022","tag-grande-premio","tag-grandepremio","tag-lewis-hamilton","tag-max-verstappen","tag-mercedes","tag-red-bull","42wp_author-redacao-gpes"],"_links":{"self":[{"href":"https:\/\/grandepremio.com\/es\/wp-json\/wp\/v2\/posts\/20936","targetHints":{"allow":["GET"]}}],"collection":[{"href":"https:\/\/grandepremio.com\/es\/wp-json\/wp\/v2\/posts"}],"about":[{"href":"https:\/\/grandepremio.com\/es\/wp-json\/wp\/v2\/types\/post"}],"replies":[{"embeddable":true,"href":"https:\/\/grandepremio.com\/es\/wp-json\/wp\/v2\/comments?post=20936"}],"version-history":[{"count":0,"href":"https:\/\/grandepremio.com\/es\/wp-json\/wp\/v2\/posts\/20936\/revisions"}],"wp:featuredmedia":[{"embeddable":true,"href":"https:\/\/grandepremio.com\/es\/wp-json\/wp\/v2\/media\/1000633582"}],"wp:attachment":[{"href":"https:\/\/grandepremio.com\/es\/wp-json\/wp\/v2\/media?parent=20936"}],"wp:term":[{"taxonomy":"category","embeddable":true,"href":"https:\/\/grandepremio.com\/es\/wp-json\/wp\/v2\/categories?post=20936"},{"taxonomy":"post_tag","embeddable":true,"href":"https:\/\/grandepremio.com\/es\/wp-json\/wp\/v2\/tags?post=20936"},{"taxonomy":"42wp_author","embeddable":true,"href":"https:\/\/grandepremio.com\/es\/wp-json\/wp\/v2\/42wp_author?post=20936"}],"curies":[{"name":"wp","href":"https:\/\/api.w.org\/{rel}","templated":true}]}}