{"id":20939,"date":"2022-11-13T22:05:01","date_gmt":"2022-11-14T01:05:01","guid":{"rendered":"https:\/\/grandepremio.com\/es\/2022\/11\/13\/daniel-ricciardo-sancionado-toque-kevin-magnussen\/"},"modified":"2022-11-13T22:16:37","modified_gmt":"2022-11-14T01:16:37","slug":"daniel-ricciardo-sancionado-toque-kevin-magnussen","status":"publish","type":"post","link":"https:\/\/grandepremio.com\/es\/f1\/daniel-ricciardo-sancionado-toque-kevin-magnussen\/","title":{"rendered":"Ricciardo es sancionado para Abu Dhabi por el toque con Magnussen"},"content":{"rendered":"\n<p class=\"wp-block-paragraph\">La despedida de <strong>Daniel Ricciardo<\/strong> de <strong>McLaren<\/strong> ser\u00e1 pagando penalizaci\u00f3n. La <strong>FIA<\/strong> juzg\u00f3 al piloto australiano como el culpable por el accidente con <strong>Kevin Magnussen<\/strong>, de <strong>Haas<\/strong>, que termin\u00f3 con el abandono de ambos pilotos del <a href=\"https:\/\/grandepremio.com\/es\/\/categoria\/f1\/\" target=\"_blank\" rel=\"noreferrer noopener\">GP de S\u00e3o Paulo<\/a>. De esta forma, Ricciardo sufrir\u00e1 una p\u00e9rdida de tres posiciones para la parrilla de salida del <strong>GP de Abu Dhabi<\/strong>. <\/p>\n\n\n\n<p class=\"wp-block-paragraph\"><strong>Ricciardo<\/strong> sali\u00f3 en 11\u00aa posici\u00f3n, mientras que <strong>Magnussen<\/strong> part\u00eda octavo. El australiano toc\u00f3 la parte trasera del dan\u00e9s en la curva 8, <strong>Kevin<\/strong> trompe\u00f3 y al intentar volver a la direcci\u00f3n correcta acab\u00f3 golpeando a <strong>Daniel<\/strong>. Este hecho acab\u00f3 causando el abandono prematuro de ambos pilotos en la primera vuelta. <\/p>\n\n\n\n<p class=\"wp-block-paragraph\"><strong><strong>\u00a1Conoce el canal de Grande Pr\u00eamio en Espa\u00f1ol en\u00a0<a href=\"https:\/\/www.youtube.com\/channel\/UCDxWojGVUi9gWYhrY0pGbIQ\" target=\"_blank\" rel=\"noreferrer noopener\">YouTube<\/a>!<br>\u00a1Sigue a\u00a0Grande Pr\u00eamio en Espa\u00f1ol\u00a0en\u00a0<a href=\"https:\/\/twitter.com\/grandepremioES\" target=\"_blank\" rel=\"noreferrer noopener\">Twitter\u00a0<\/a>y en\u00a0<a href=\"https:\/\/www.instagram.com\/grandepremioes\/\" target=\"_blank\" rel=\"noreferrer noopener\">Instagram<\/a>!<\/strong><\/strong><\/p>\n\n\n\n<figure class=\"wp-block-image size-large\"><img decoding=\"async\" src=\"https:\/\/www.grandepremio.com\/br\/wp-content\/uploads\/2022\/11\/mclaren-danielricciardo-1024x683.jpg\" alt=\"\" class=\"wp-image-632670\"\/><figcaption>Daniel Ricciardo caus\u00f3 un accidente en la salida (Foto: Rodrigo Berton\/Grande Pr\u00eamio)<\/figcaption><\/figure>\n\n\n\n<p class=\"wp-block-paragraph\">Direcci\u00f3n de carrera entendi\u00f3 que <strong>Ricciardo<\/strong> era el \u00fanico responsable por el accidente, afirmando que <strong>Magnussen<\/strong> pilotaba de forma normal, y que el choque no tuvo influencia de otros coches de alrededor. El veredicto fue la sanci\u00f3n de tres posiciones para la parrilla del <strong>GP de Abu Dhabi<\/strong>, que se disputar\u00e1 la pr\u00f3xima semana. Adem\u00e1s, <strong>Daniel<\/strong> tambi\u00e9n recibi\u00f3 dos puntos en el carn\u00e9 de puntos, que ahora ya acumula ocho en los \u00faltimos 12 meses.<\/p>\n\n\n\n<p class=\"wp-block-paragraph\"><strong>Ricciardo<\/strong> est\u00e1 en 12\u00ba lugar en el Mundial de Pilotos, con 35 puntos, mientras que <strong>Magnussen<\/strong> aparece por detr\u00e1s, con 25. El <strong>GP de Abu Dhabi<\/strong> marca la salida del australiano de <strong>McLaren<\/strong>, despu\u00e9s de terminar anticipadamente el contrato que les un\u00eda. <\/p>\n","protected":false},"excerpt":{"rendered":"<p>Daniel Ricciardo se despedir\u00e1 de McLaren con una sanci\u00f3n. El piloto australiano perder\u00e1 tres puestos en la parrilla de Abu Dabi por provocar un accidente con Kevin Magnussen en Brasil<\/p>\n","protected":false},"author":0,"featured_media":1000633200,"comment_status":"closed","ping_status":"closed","sticky":false,"template":"","format":"standard","meta":{"42wp_featured_image_caption":"","42wp_featured_image_credits":"","42wp_featured_video":"","42wp_featured_image_hidden":false,"42wp_authors_list":[],"footnotes":""},"categories":[5],"tags":[458,365,181,1495,179,1884,1468,2236,414,474,430,269,547],"42wp_author":[14233],"class_list":["post-20939","post","type-post","status-publish","format-standard","has-post-thumbnail","hentry","category-f1","tag-brasil","tag-daniel-ricciardo","tag-f1","tag-f1-2022","tag-formula-1","tag-gp-de-abu-dhabi","tag-gp-de-sao-paulo","tag-grande-premio-2","tag-haas","tag-interlagos","tag-kevin-magnussen","tag-mclaren","tag-sancion","42wp_author-eric-calduch"],"_links":{"self":[{"href":"https:\/\/grandepremio.com\/es\/wp-json\/wp\/v2\/posts\/20939","targetHints":{"allow":["GET"]}}],"collection":[{"href":"https:\/\/grandepremio.com\/es\/wp-json\/wp\/v2\/posts"}],"about":[{"href":"https:\/\/grandepremio.com\/es\/wp-json\/wp\/v2\/types\/post"}],"replies":[{"embeddable":true,"href":"https:\/\/grandepremio.com\/es\/wp-json\/wp\/v2\/comments?post=20939"}],"version-history":[{"count":0,"href":"https:\/\/grandepremio.com\/es\/wp-json\/wp\/v2\/posts\/20939\/revisions"}],"wp:featuredmedia":[{"embeddable":true,"href":"https:\/\/grandepremio.com\/es\/wp-json\/wp\/v2\/media\/1000633200"}],"wp:attachment":[{"href":"https:\/\/grandepremio.com\/es\/wp-json\/wp\/v2\/media?parent=20939"}],"wp:term":[{"taxonomy":"category","embeddable":true,"href":"https:\/\/grandepremio.com\/es\/wp-json\/wp\/v2\/categories?post=20939"},{"taxonomy":"post_tag","embeddable":true,"href":"https:\/\/grandepremio.com\/es\/wp-json\/wp\/v2\/tags?post=20939"},{"taxonomy":"42wp_author","embeddable":true,"href":"https:\/\/grandepremio.com\/es\/wp-json\/wp\/v2\/42wp_author?post=20939"}],"curies":[{"name":"wp","href":"https:\/\/api.w.org\/{rel}","templated":true}]}}