{"id":20940,"date":"2022-11-13T21:59:14","date_gmt":"2022-11-14T00:59:14","guid":{"rendered":"https:\/\/grandepremio.com\/es\/2022\/11\/13\/fernando-alonso-ritmo-brasil-formula-1\/"},"modified":"2022-11-13T22:06:44","modified_gmt":"2022-11-14T01:06:44","slug":"fernando-alonso-ritmo-brasil-formula-1","status":"publish","type":"post","link":"https:\/\/grandepremio.com\/es\/f1\/fernando-alonso-ritmo-brasil-formula-1\/","title":{"rendered":"Alonso elogia ritmo y estrategia de Alpine en Interlagos: &#8220;70 vueltas de clasificaci\u00f3n&#8221;"},"content":{"rendered":"\n<p class=\"wp-block-paragraph\"><strong>Fernando Alonso <\/strong>mostr\u00f3 un ritmo incre\u00edble con <strong>Alpine <\/strong>en el <strong>GP de S\u00e3o Paulo<\/strong> de <strong>F\u00f3rmula 1<\/strong>. <a href=\"https:\/\/grandepremio.com\/es\/\/f1\/fernando-alonso-sancionado-toque-esteban-ocon\/\" target=\"_blank\" rel=\"noreferrer noopener\">Tras haber sido sancionado en la carrera sprint por un incidente con su compa\u00f1ero <strong>Esteban Ocon<\/strong><\/a>, el asturiano larg\u00f3 17\u00b0 para terminar quinto en la carrera, con una gran remontada. Y en su balance, el bicampe\u00f3n explic\u00f3 que la estrategia de tres paradas dio sus frutos tras la segunda entrada del auto de seguridad, provocada por el abandono de <strong>Lando Norris<\/strong>.<\/p>\n\n\n\n<p class=\"wp-block-paragraph\">&#8220;Fueron setenta vueltas de clasificaci\u00f3n. Elegimos una estrategia de tres paradas. Al final del segundo auto de seguridad, corrimos un poco m\u00e1s, ten\u00edamos neum\u00e1ticos m\u00e1s nuevos y consegu\u00ed superar a <strong>Sergio P\u00e9rez<\/strong>. Los puntos de hoy son para los mec\u00e1nicos y para todo Alpine&#8221;, declar\u00f3 Alonso.<\/p>\n\n\n\n<p class=\"wp-block-paragraph\"><strong><strong>\u00a1Conoce el canal de Grande Pr\u00eamio en Espa\u00f1ol en&nbsp;<a href=\"https:\/\/www.youtube.com\/channel\/UCDxWojGVUi9gWYhrY0pGbIQ\" target=\"_blank\" rel=\"noreferrer noopener\">YouTube<\/a>!<br>\u00a1Sigue a&nbsp;Grande Pr\u00eamio en Espa\u00f1ol&nbsp;en&nbsp;<a href=\"https:\/\/twitter.com\/grandepremioES\" target=\"_blank\" rel=\"noreferrer noopener\">Twitter&nbsp;<\/a>y en&nbsp;<a href=\"https:\/\/www.instagram.com\/grandepremioes\/\" target=\"_blank\" rel=\"noreferrer noopener\">Instagram<\/a>!<\/strong><\/strong><\/p>\n\n\n\n<figure class=\"wp-block-image size-large\"><img decoding=\"async\" src=\"https:\/\/www.grandepremio.com\/br\/wp-content\/uploads\/2022\/11\/alpine-fernandoalonso-01-7-1024x682.jpg\" alt=\"\" class=\"wp-image-633263\"\/><figcaption>Fernando Alonso termin\u00f3 quino en el GP de Sao Paulo. (Foto: Alpine)<\/figcaption><\/figure>\n\n\n\n<p class=\"wp-block-paragraph\">Con el octavo puesto de Ocon, ambos autos del equipo terminaron en los puntos, y de esta manera los  franceses pudieron extender su ventaja por delante de McLaren por el cuarto puesto en el Campeonato del Mundo de Constructores. Ahora, la distancia entre ambas escuder\u00edas es de 19 puntos de ventaja.<\/p>\n\n\n\n<p class=\"wp-block-paragraph\">&#8220;Creo que nuestro principal objetivo es arreglar nuestros puntos d\u00e9biles. Si s\u00f3lo est\u00e1s cinco o seis puntos por delante de McLaren, puede pasar cualquier cosa si no terminas la carrera. Ahora tenemos una mayor diferencia con ellos, pero a\u00fan nos queda la carrera de Abu Dhabi e intentaremos terminar la temporada por delante de ellos&#8221;, cerr\u00f3 el espa\u00f1ol.<\/p>\n\n\n\n<p class=\"wp-block-paragraph\">La acci\u00f3n continuar\u00e1 el pr\u00f3ximo domingo, cuando se dispute el&nbsp;<strong>GP de Abu Dhab<\/strong>i.&nbsp;<strong>Grande Pr\u00eamio en Espa\u00f1ol<\/strong>&nbsp;sigue&nbsp;<strong>EN VIVO Y EN TIEMPO REAL<\/strong>&nbsp;todas las actividades del Mundial de&nbsp;<a href=\"https:\/\/grandepremio.com\/es\/\/f1\/\" target=\"_blank\" rel=\"noreferrer noopener\"><\/a><a href=\"https:\/\/grandepremio.com\/es\/\/f1\/\" target=\"_blank\" rel=\"noreferrer noopener\"><\/a><a href=\"https:\/\/grandepremio.com\/es\/\/f1\/\" target=\"_blank\" rel=\"noreferrer noopener\"><\/a><a href=\"https:\/\/grandepremio.com\/es\/\/f1\/\" target=\"_blank\" rel=\"noreferrer noopener\">F\u00f3rmula 1<\/a>.<\/p>\n","protected":false},"excerpt":{"rendered":"<p>Fernando Alonso se mostr\u00f3 muy conforme con el ritmo de Alpine en el GP de S\u00e3o Paulo y plante\u00f3 que derrotar a McLaren en el Mundial de Constructores es el objetivo para Abu Dhabi.  <\/p>\n","protected":false},"author":0,"featured_media":1000632951,"comment_status":"closed","ping_status":"closed","sticky":false,"template":"","format":"standard","meta":{"42wp_featured_image_caption":"","42wp_featured_image_credits":"","42wp_featured_video":"","42wp_featured_image_hidden":false,"42wp_authors_list":[],"footnotes":""},"categories":[5],"tags":[678,362,181,1495,184,185,179,1468,268,269,197,206,294],"42wp_author":[14223],"class_list":["post-20940","post","type-post","status-publish","format-standard","has-post-thumbnail","hentry","category-f1","tag-alpine","tag-esteban-ocon","tag-f1","tag-f1-2022","tag-fernando-alonso","tag-ferrari","tag-formula-1","tag-gp-de-sao-paulo","tag-lando-norris","tag-mclaren","tag-mercedes","tag-red-bull","tag-sergio-perez","42wp_author-esteban-nieto"],"_links":{"self":[{"href":"https:\/\/grandepremio.com\/es\/wp-json\/wp\/v2\/posts\/20940","targetHints":{"allow":["GET"]}}],"collection":[{"href":"https:\/\/grandepremio.com\/es\/wp-json\/wp\/v2\/posts"}],"about":[{"href":"https:\/\/grandepremio.com\/es\/wp-json\/wp\/v2\/types\/post"}],"replies":[{"embeddable":true,"href":"https:\/\/grandepremio.com\/es\/wp-json\/wp\/v2\/comments?post=20940"}],"version-history":[{"count":0,"href":"https:\/\/grandepremio.com\/es\/wp-json\/wp\/v2\/posts\/20940\/revisions"}],"wp:featuredmedia":[{"embeddable":true,"href":"https:\/\/grandepremio.com\/es\/wp-json\/wp\/v2\/media\/1000632951"}],"wp:attachment":[{"href":"https:\/\/grandepremio.com\/es\/wp-json\/wp\/v2\/media?parent=20940"}],"wp:term":[{"taxonomy":"category","embeddable":true,"href":"https:\/\/grandepremio.com\/es\/wp-json\/wp\/v2\/categories?post=20940"},{"taxonomy":"post_tag","embeddable":true,"href":"https:\/\/grandepremio.com\/es\/wp-json\/wp\/v2\/tags?post=20940"},{"taxonomy":"42wp_author","embeddable":true,"href":"https:\/\/grandepremio.com\/es\/wp-json\/wp\/v2\/42wp_author?post=20940"}],"curies":[{"name":"wp","href":"https:\/\/api.w.org\/{rel}","templated":true}]}}