{"id":20942,"date":"2022-11-13T20:48:22","date_gmt":"2022-11-13T23:48:22","guid":{"rendered":"https:\/\/grandepremio.com\/es\/2022\/11\/13\/red-bull-conflicto-verstappen-perez-formula-1\/"},"modified":"2022-11-13T23:38:33","modified_gmt":"2022-11-14T02:38:33","slug":"red-bull-conflicto-verstappen-perez-formula-1","status":"publish","type":"post","link":"https:\/\/grandepremio.com\/es\/f1\/red-bull-conflicto-verstappen-perez-formula-1\/","title":{"rendered":"Red Bull cierra conflicto y dice que Verstappen &#8220;apoyar\u00e1 totalmente&#8221; a P\u00e9rez en Abu Dhabi"},"content":{"rendered":"\n<p class=\"wp-block-paragraph\">No pasaron muchas horas para que <strong>Red Bull <\/strong>pusiera la casa en orden luego de que haya estallado un conflicto entre <strong>Max Verstappen<\/strong> y <strong>Sergio P\u00e9rez<\/strong> en el <strong>GP de Sao Paulo<\/strong>. El jefe de la estructura, <strong>Christian Horner <\/strong>declar\u00f3 que habl\u00f3 con ambos pilotos y asegur\u00f3 que el bicampe\u00f3n se comprometi\u00f3 a &#8220;hacer todo lo posible&#8221; para que el mexicano logre el objetivo del <strong>subcampeonato en la temporada 2022 de la F1<\/strong>. <\/p>\n\n\n\n<p class=\"wp-block-paragraph\">En el GP de Sao Paulo del domingo, en la parte final de la carrera, Red Bull le pidi\u00f3 a Verstappen que superara a P\u00e9rez para que intentase atacar a <strong>Fernando Alonso,<\/strong> sin embargo no logr\u00f3 su cometido. Ya en la \u00faltima vuelta, el pedido fue al rev\u00e9s: si no pod\u00eda pasar al espa\u00f1ol, Max deber\u00eda devolver la posici\u00f3n a su compa\u00f1ero de equipo. Sin embargo, el holand\u00e9s adujo que no lo har\u00eda y que el equipo no deb\u00eda &#8220;preguntar de nuevo&#8221; un pedido semejante porque &#8220;ya hab\u00eda dado las razones&#8221;.<\/p>\n\n\n\n<p class=\"wp-block-paragraph\">P\u00e9rez, que lucha por el subcampeonato en la temporada 2022 con <strong>Charles Leclerc<\/strong>, fue informado por radio de la negativa de su compa\u00f1ero cuando cruz\u00f3 la bandera a cuadros, y respondi\u00f3: &#8220;Gracias, chicos. Eso demuestra qui\u00e9n es realmente. Fuera del coche, continu\u00f3 con su ataque: &#8220;Creo que si tiene dos t\u00edtulos, es gracias a m\u00ed&#8221;, y a\u00f1adi\u00f3 que &#8220;despu\u00e9s de todo lo que he hecho por \u00e9l, estoy un poco decepcionado&#8221;.<\/p>\n\n\n\n<p class=\"wp-block-paragraph\"><strong><strong>\u00a1Conoce el canal de Grande Pr\u00eamio en Espa\u00f1ol en\u00a0<a href=\"https:\/\/www.youtube.com\/channel\/UCDxWojGVUi9gWYhrY0pGbIQ\" target=\"_blank\" rel=\"noreferrer noopener\">YouTube<\/a>!<br>\u00a1Sigue a\u00a0Grande Pr\u00eamio en Espa\u00f1ol\u00a0en\u00a0<a href=\"https:\/\/twitter.com\/grandepremioES\" target=\"_blank\" rel=\"noreferrer noopener\">Twitter\u00a0<\/a>y en\u00a0<a href=\"https:\/\/www.instagram.com\/grandepremioes\/\" target=\"_blank\" rel=\"noreferrer noopener\">Instagram<\/a>!<\/strong><\/strong><\/p>\n\n\n\n<figure class=\"wp-block-image size-large\"><img decoding=\"async\" src=\"https:\/\/www.grandepremio.com\/br\/wp-content\/uploads\/2022\/11\/redbull-sergioperez-03-7-1024x576.jpg\" alt=\"\" class=\"wp-image-633282\"\/><figcaption>Sergio P\u00e9rez ligou a metralhadora para cima de Max Verstappen (Foto: Red Bull Content Pool)<\/figcaption><\/figure>\n\n\n\n<p class=\"wp-block-paragraph\">Horner fue bastante directo cuando se le pregunt\u00f3 sobre la aparente guerra declarada, diciendo que esos asuntos se discut\u00edan internamente. &#8220;Los pilotos han sido muy, muy claros, y para nosotros, Checo est\u00e1 ahora empatado con Charles, Ferrari no cambi\u00f3 las posiciones de sus autos y vamos a Abu Dhabi mejor como equipo para que Checo consiga el segundo puesto&#8221;.<\/p>\n\n\n\n<p class=\"wp-block-paragraph\">&#8220;Max lo apoyar\u00e1 plenamente&#8221;, asegur\u00f3 el jefe de los austr\u00edacos. &#8220;Los pilotos han hablado de ello, se han dado la mano y estamos centrados en la pr\u00f3xima carrera. Trabajamos como un equipo, corremos como un equipo y nuestro objetivo y prioridad es hacer que Checo termine segundo en el campeonato&#8221;, a\u00f1adi\u00f3, se\u00f1alando que un 1-2 en el Mundial de Pilotos es una haza\u00f1a que a\u00fan no se ha logrado en el equipo de Milton Keynes. &#8220;Max se ha comprometido a hacer lo mejor posible en Abu Dhabi para que podamos conseguirlo&#8221;, continu\u00f3 Horner.<\/p>\n\n\n\n<figure class=\"wp-block-image size-large\"><img decoding=\"async\" src=\"https:\/\/grandepremio.com\/es\/\/wp-content\/uploads\/2022\/11\/SI202211130579-1024x683.jpg\" alt=\"\" class=\"wp-image-95585\"\/><figcaption>Max Verstappen se rebel\u00f3 contra Red Bull tras incumplir \u00f3rdenes de equipo. (Foto: Red Bull)<\/figcaption><\/figure>\n\n\n\n<p class=\"wp-block-paragraph\">&#8220;Es una lucha directa entre Checo y Charles, y si Max puede ayudar de alguna manera, lo har\u00e1&#8221;, sigui\u00f3 el dirigente brit\u00e1nico, quien destac\u00f3 que el #11 merece el segundo puesto en el campeonato.<\/p>\n\n\n\n<p class=\"wp-block-paragraph\">Por \u00faltimo, al comentar la falta de ritmo de Red Bull en la carrera de Interlagos, Horner declar\u00f3 que la cuesti\u00f3n se abordar\u00eda en la reuni\u00f3n con el equipo para entender la poca competitividad del RB18.<\/p>\n\n\n\n<p class=\"wp-block-paragraph\">La acci\u00f3n continuar\u00e1 el pr\u00f3ximo domingo, cuando se dispute el\u00a0<strong>GP de Abu Dhab<\/strong>i.\u00a0<strong>Grande Pr\u00eamio en Espa\u00f1ol<\/strong>\u00a0sigue\u00a0<strong>EN VIVO Y EN TIEMPO REAL<\/strong>\u00a0todas las actividades del Mundial de\u00a0<a href=\"https:\/\/grandepremio.com\/es\/\/f1\/\" target=\"_blank\" rel=\"noreferrer noopener\"><\/a><a href=\"https:\/\/grandepremio.com\/es\/\/f1\/\" target=\"_blank\" rel=\"noreferrer noopener\"><\/a><a href=\"https:\/\/grandepremio.com\/es\/\/f1\/\" target=\"_blank\" rel=\"noreferrer noopener\"><\/a><a href=\"https:\/\/grandepremio.com\/es\/\/f1\/\" target=\"_blank\" rel=\"noreferrer noopener\">F\u00f3rmula 1<\/a>.<\/p>\n","protected":false},"excerpt":{"rendered":"<p>Christian Horner habl\u00f3 sobre el conflicto que estall\u00f3 en el GP de Sao Paulo entre Sergio P\u00e9rez y Max Verstappen, y asegur\u00f3 que el holand\u00e9s ayudar\u00e1 a su compa\u00f1ero de equipo en el GP de Abu Dhabi para lograr el subcampeonato.<\/p>\n","protected":false},"author":0,"featured_media":1010095621,"comment_status":"closed","ping_status":"closed","sticky":false,"template":"","format":"standard","meta":{"42wp_featured_image_caption":"","42wp_featured_image_credits":"","42wp_featured_video":"","42wp_featured_image_hidden":false,"42wp_authors_list":[],"footnotes":""},"categories":[5],"tags":[1336,181,1495,179,1468,2236,3438,2237,199,249,197,206,294],"42wp_author":[14233],"class_list":["post-20942","post","type-post","status-publish","format-standard","has-post-thumbnail","hentry","category-f1","tag-christian-horner","tag-f1","tag-f1-2022","tag-formula-1","tag-gp-de-sao-paulo","tag-grande-premio-2","tag-grande-premio-en-espanol","tag-grandepremio","tag-lewis-hamilton","tag-max-verstappen","tag-mercedes","tag-red-bull","tag-sergio-perez","42wp_author-eric-calduch"],"_links":{"self":[{"href":"https:\/\/grandepremio.com\/es\/wp-json\/wp\/v2\/posts\/20942","targetHints":{"allow":["GET"]}}],"collection":[{"href":"https:\/\/grandepremio.com\/es\/wp-json\/wp\/v2\/posts"}],"about":[{"href":"https:\/\/grandepremio.com\/es\/wp-json\/wp\/v2\/types\/post"}],"replies":[{"embeddable":true,"href":"https:\/\/grandepremio.com\/es\/wp-json\/wp\/v2\/comments?post=20942"}],"version-history":[{"count":0,"href":"https:\/\/grandepremio.com\/es\/wp-json\/wp\/v2\/posts\/20942\/revisions"}],"wp:featuredmedia":[{"embeddable":true,"href":"https:\/\/grandepremio.com\/es\/wp-json\/wp\/v2\/media\/1010095621"}],"wp:attachment":[{"href":"https:\/\/grandepremio.com\/es\/wp-json\/wp\/v2\/media?parent=20942"}],"wp:term":[{"taxonomy":"category","embeddable":true,"href":"https:\/\/grandepremio.com\/es\/wp-json\/wp\/v2\/categories?post=20942"},{"taxonomy":"post_tag","embeddable":true,"href":"https:\/\/grandepremio.com\/es\/wp-json\/wp\/v2\/tags?post=20942"},{"taxonomy":"42wp_author","embeddable":true,"href":"https:\/\/grandepremio.com\/es\/wp-json\/wp\/v2\/42wp_author?post=20942"}],"curies":[{"name":"wp","href":"https:\/\/api.w.org\/{rel}","templated":true}]}}