{"id":20965,"date":"2022-11-12T13:01:57","date_gmt":"2022-11-12T16:01:57","guid":{"rendered":"https:\/\/grandepremio.com\/es\/2022\/11\/12\/enzo-fittipaldi-red-bull-academia-pilotos\/"},"modified":"2022-11-12T15:22:08","modified_gmt":"2022-11-12T18:22:08","slug":"enzo-fittipaldi-red-bull-academia-pilotos","status":"publish","type":"post","link":"https:\/\/grandepremio.com\/es\/f1\/enzo-fittipaldi-red-bull-academia-pilotos\/","title":{"rendered":"Enzo Fittipaldi anuncia acuerdo con Red Bull y se incorpora a la Academia de Pilotos"},"content":{"rendered":"\n<p class=\"wp-block-paragraph\"><strong>Enzo Fittipaldi<\/strong>, sexto en la clasificaci\u00f3n de la <strong>F\u00f3rmula 2<\/strong> a falta de una prueba de la temporada, es el nuevo miembro de la <strong>Academia de Pilotos de Red Bull<\/strong>. El propio brasile\u00f1o confirm\u00f3 la informaci\u00f3n en sus redes sociales y se convierte en una de las posibles opciones tanto para el equipo austr\u00edaco como para <strong>AlphaTauri<\/strong> para los libres del pr\u00f3ximo a\u00f1o.<\/p>\n\n\n\n<p class=\"wp-block-paragraph\">Esta no es la primera oportunidad de Enzo en una academia de pilotos, ya que el brasile\u00f1o fue miembro de la <strong>Ferrari Driver Academy<\/strong> de 2017 a 2021. Sin embargo, sigui\u00f3 participando en la <strong>F\u00f3rmula 2<\/strong> y recibi\u00f3 una invitaci\u00f3n para defender a <strong>Charouz<\/strong>, equipo para el que empez\u00f3 a correr en 2022.<\/p>\n\n\n\n<p class=\"wp-block-paragraph\"><strong>VER TAMBI\u00c9N<br><a href=\"https:\/\/grandepremio.com\/es\/\/f1\/oscar-piastri-pierre-gasly-abu-dhabi-formula-1\/\">Piastri y Gasly adelantan adi\u00f3s y debutan con nuevos equipos en test de Abu Dhabi<\/a><br><a href=\"https:\/\/grandepremio.com\/es\/\/f1\/gp-de-china-covid-2023-formula-1\/\">F1 monitorea suba de casos de Covid-19 y admite que GP de China est\u00e1 \u00abincierto\u00bb para 2023<\/a><\/strong><\/p>\n\n\n\n<p class=\"wp-block-paragraph\">&#8220;Es un paso muy importante en mi carrera y estoy muy contento con esta oportunidad. Seguir\u00e9 trabajando duro para llegar alg\u00fan d\u00eda a la F\u00f3rmula 1. No conozco la planificaci\u00f3n para 2023. Seguimos trabajando con Red Bull, la \u00faltima carrera en <strong>Abu Dhabi<\/strong> es muy importante, as\u00ed que lo haremos lo mejor que podamos&#8221;, dijo en exclusiva a <strong>GRANDE PR\u00caMIO<\/strong>.<\/p>\n\n\n\n<figure class=\"wp-block-image size-large\"><img decoding=\"async\" src=\"https:\/\/www.grandepremio.com\/br\/wp-content\/uploads\/2022\/08\/410463_1023693_9a4ba6c3_d106_4a7d_ae92_963fde0df5e2-1024x683.jpeg\" alt=\"\" class=\"wp-image-600964\"\/><figcaption>Fittipaldi realiza su segunda temporada competitiva en la F\u00f3rmula 2 y llama la atenci\u00f3n de Red Bull (Foto: Sebastiaan Rozendaal \/ Dutch Photo Agency)<\/figcaption><\/figure>\n\n\n\n<p class=\"wp-block-paragraph\"><strong><strong><strong>\u00a1Conoce el canal de Grande Pr\u00eamio en Espa\u00f1ol en\u00a0<a href=\"https:\/\/www.youtube.com\/channel\/UCDxWojGVUi9gWYhrY0pGbIQ\" target=\"_blank\" rel=\"noreferrer noopener\">YouTube<\/a>!<br>\u00a1Sigue a\u00a0Grande Pr\u00eamio en Espa\u00f1ol\u00a0en\u00a0<a href=\"https:\/\/twitter.com\/grandepremioES\" target=\"_blank\" rel=\"noreferrer noopener\">Twitter\u00a0<\/a>y en\u00a0<a href=\"https:\/\/www.instagram.com\/grandepremioes\/\" target=\"_blank\" rel=\"noreferrer noopener\">Instagram<\/a>!<\/strong><\/strong><\/strong><\/p>\n\n\n\n<p class=\"wp-block-paragraph\">Este a\u00f1o, Red Bull opt\u00f3 por llevar a <strong>J\u00fcri Vips<\/strong> para los FP1 en el <strong>GP de Espa\u00f1a<\/strong>. <strong>AlphaTauri<\/strong>, por su parte, eligi\u00f3 a Liam Lawson para las sesiones de <strong>B\u00e9lgica<\/strong> y <strong>Ciudad de M\u00e9xico<\/strong>. Con un entrenamiento libre 1 por delante en Abu Dhabi, la escuder\u00eda austriaca deber\u00e1 optar por otro piloto, ya que el estonio fue apartado de las filas del equipo tras unos comentarios racistas en una transmisi\u00f3n en directo.<\/p>\n\n\n\n<p class=\"wp-block-paragraph\">En su segunda temporada en la F\u00f3rmula 2 -su primera temporada completa-, Fittipaldi ha subido seis veces al podio. El brasile\u00f1o termin\u00f3 segundo en <strong>\u00cdmola<\/strong>, <strong>Austria<\/strong> y <strong>Hungr\u00eda<\/strong>, adem\u00e1s de haber conseguido tres terceros puestos en <strong>Silverstone<\/strong>, <strong>Budapest<\/strong> y <strong>Monza<\/strong>. Actualmente es sexto en el campeonato con 126 puntos, la misma cifra que <strong>Jehan Daruvala<\/strong> [quinto] y <strong>Jack Doohan<\/strong> [cuarto].<\/p>\n\n\n\n<p class=\"wp-block-paragraph\"><a href=\"https:\/\/grandepremio.com\/es\/\/f1\/horarios-gp-de-sao-paulo-formula-1\/\"><strong>\u00bfA qu\u00e9 hora se corre el GP de Sao Paulo de la F\u00f3rmula 1 2022?<\/strong><\/a><\/p>\n","protected":false},"excerpt":{"rendered":"<p>Enzo Fittipaldi ha sido elegido como nuevo fichaje de la Academia de Pilotos de Red Bull a partir de 2023, tras una consistente temporada en la F\u00f3rmula 2 para Charouz.<\/p>\n","protected":false},"author":0,"featured_media":1010094780,"comment_status":"closed","ping_status":"closed","sticky":false,"template":"","format":"standard","meta":{"42wp_featured_image_caption":"","42wp_featured_image_credits":"","42wp_featured_video":"","42wp_featured_image_hidden":false,"42wp_authors_list":[],"footnotes":""},"categories":[5],"tags":[458,3027,181,1495,257,179,211,1468,3703,2236,3438,2237,1358,474,206],"42wp_author":[14234],"class_list":["post-20965","post","type-post","status-publish","format-standard","has-post-thumbnail","hentry","category-f1","tag-brasil","tag-enzo-fittipaldi","tag-f1","tag-f1-2022","tag-f2","tag-formula-1","tag-formula-2","tag-gp-de-sao-paulo","tag-gp-de-sao-paulo-2022","tag-grande-premio-2","tag-grande-premio-en-espanol","tag-grandepremio","tag-helmut-marko","tag-interlagos","tag-red-bull","42wp_author-douglas-rocha"],"_links":{"self":[{"href":"https:\/\/grandepremio.com\/es\/wp-json\/wp\/v2\/posts\/20965","targetHints":{"allow":["GET"]}}],"collection":[{"href":"https:\/\/grandepremio.com\/es\/wp-json\/wp\/v2\/posts"}],"about":[{"href":"https:\/\/grandepremio.com\/es\/wp-json\/wp\/v2\/types\/post"}],"replies":[{"embeddable":true,"href":"https:\/\/grandepremio.com\/es\/wp-json\/wp\/v2\/comments?post=20965"}],"version-history":[{"count":0,"href":"https:\/\/grandepremio.com\/es\/wp-json\/wp\/v2\/posts\/20965\/revisions"}],"wp:featuredmedia":[{"embeddable":true,"href":"https:\/\/grandepremio.com\/es\/wp-json\/wp\/v2\/media\/1010094780"}],"wp:attachment":[{"href":"https:\/\/grandepremio.com\/es\/wp-json\/wp\/v2\/media?parent=20965"}],"wp:term":[{"taxonomy":"category","embeddable":true,"href":"https:\/\/grandepremio.com\/es\/wp-json\/wp\/v2\/categories?post=20965"},{"taxonomy":"post_tag","embeddable":true,"href":"https:\/\/grandepremio.com\/es\/wp-json\/wp\/v2\/tags?post=20965"},{"taxonomy":"42wp_author","embeddable":true,"href":"https:\/\/grandepremio.com\/es\/wp-json\/wp\/v2\/42wp_author?post=20965"}],"curies":[{"name":"wp","href":"https:\/\/api.w.org\/{rel}","templated":true}]}}