{"id":20970,"date":"2022-11-11T21:12:57","date_gmt":"2022-11-12T00:12:57","guid":{"rendered":"https:\/\/grandepremio.com\/es\/2022\/11\/11\/fernando-alonso-alpine-lidero-neumaticos-intermedios-sao-paulo\/"},"modified":"2022-11-11T21:15:38","modified_gmt":"2022-11-12T00:15:38","slug":"fernando-alonso-alpine-lidero-neumaticos-intermedios-sao-paulo","status":"publish","type":"post","link":"https:\/\/grandepremio.com\/es\/f1\/fernando-alonso-alpine-lidero-neumaticos-intermedios-sao-paulo\/","title":{"rendered":"Alonso celebra que Alpine &#8220;lider\u00f3 con neum\u00e1ticos intermedios&#8221; en Sao Paulo"},"content":{"rendered":"\n<p class=\"wp-block-paragraph\">A Fernando Alonso le ha gustado el rendimiento de Alpine en la clasificaci\u00f3n para la carrera al sprint que se celebra este viernes en Interlagos. El espa\u00f1ol saldr\u00e1 en un buen s\u00e9ptimo lugar, a 0s830 de <a href=\"https:\/\/grandepremio.com\/es\/\/f1\/kevin-magnussen-pole-haas-brasil-formula-1\/\">la sorprendente pole position de Kevin Magnussen<\/a>.<\/p>\n\n\n\n<p class=\"wp-block-paragraph\">Noveno en la temporada con 71 puntos, Alonso se mostr\u00f3 positivo sobre c\u00f3mo se comport\u00f3 el A522 en las diferentes condiciones de la pista durante la clasificaci\u00f3n.<\/p>\n\n\n\n<p class=\"wp-block-paragraph\">&#8220;Fuimos los primeros con los neum\u00e1ticos intermedios, cambiamos a los blandos y tambi\u00e9n lideramos en algunas ocasiones durante la Q2, fue bueno estar en esa posici\u00f3n, aunque fuera por poco tiempo. En general, estamos satisfechos con el entrenamiento de hoy&#8221;, dijo Fernando.<\/p>\n\n\n\n<p class=\"wp-block-paragraph\"><strong>VER TAMBI\u00c9N<br><a href=\"https:\/\/grandepremio.com\/es\/\/f1\/fernando-alonso-satisfecho-alpine-formula-1\/\">Alonso descarta frustraci\u00f3n y afirma que deja Alpine \u00absatisfecho\u00bb: \u00abEstoy cerca del 100%\u00bb<br><\/a><a href=\"https:\/\/grandepremio.com\/es\/\/f1\/gp-de-china-covid-2023-formula-1\/\">F1 monitorea suba de casos de Covid-19 y admite que GP de China est\u00e1 \u00abincierto\u00bb para 2023<br><\/a><a href=\"https:\/\/grandepremio.com\/es\/\/f1\/pilotos-rigor-fia-pierre-gasly\/\">Pilotos ven rigor en las sanciones de la FIA a Gasly y piden cambios: \u00abNo somos peligrosos\u00bb<\/a><\/strong><\/p>\n\n\n\n<figure class=\"wp-block-image size-large\"><img decoding=\"async\" src=\"https:\/\/www.grandepremio.com\/br\/wp-content\/uploads\/2022\/11\/alpine-fernandoalonso-01-1-1024x683.jpg\" alt=\"\" class=\"wp-image-631905\"\/><figcaption>Fernando Alonso saldr\u00e1 desde la s\u00e9ptima posici\u00f3n en la carrera sprint de Interlagos (Foto: Rodrigo Berton\/Grande Pr\u00eamio)<\/figcaption><\/figure>\n\n\n\n<p class=\"wp-block-paragraph\">En poco m\u00e1s de 50 minutos de clasificaci\u00f3n, la pista de Interlagos comenz\u00f3 mojada, se sec\u00f3 y, al llegar a la Q3 lleg\u00f3 la bandera roja por el incidente de George Russell, que detuvo la pr\u00e1ctica. Poco despu\u00e9s, la lluvia volvi\u00f3 a arreciar en S\u00e3o Paulo, paralizando las actividades en pista.<\/p>\n\n\n\n<p class=\"wp-block-paragraph\"><strong><strong><strong>\u00a1Conoce el canal de Grande Pr\u00eamio en Espa\u00f1ol en\u00a0<a href=\"https:\/\/www.youtube.com\/channel\/UCDxWojGVUi9gWYhrY0pGbIQ\" target=\"_blank\" rel=\"noreferrer noopener\">YouTube<\/a>!<br>\u00a1Sigue a\u00a0Grande Pr\u00eamio en Espa\u00f1ol\u00a0en\u00a0<a href=\"https:\/\/twitter.com\/grandepremioES\" target=\"_blank\" rel=\"noreferrer noopener\">Twitter\u00a0<\/a>y en\u00a0<a href=\"https:\/\/www.instagram.com\/grandepremioes\/\" target=\"_blank\" rel=\"noreferrer noopener\">Instagram<\/a>!<\/strong><\/strong><\/strong><\/p>\n\n\n\n<p class=\"wp-block-paragraph\">Aunque era posible salir m\u00e1s abajo en la parrilla para la carrera r\u00e1pida del s\u00e1bado, Alonso cerr\u00f3 el primer d\u00eda con la sensaci\u00f3n del trabajo hecho, a pesar de salir por detr\u00e1s de su compa\u00f1ero de equipo Esteban Ocon, sexto.<\/p>\n\n\n\n<p class=\"wp-block-paragraph\">&#8220;Hay que adaptarse a las condiciones muy r\u00e1pidamente y, por supuesto, cuando empez\u00f3 a llover, fue beneficioso para los que estaban delante de nosotros. Pero ma\u00f1ana nuestro objetivo es recuperar algunas posiciones que hemos perdido en esta carrera sprint y estoy seguro de que es posible&#8221;, a\u00f1adi\u00f3 el bicampe\u00f3n.<\/p>\n\n\n\n<p class=\"wp-block-paragraph\"><strong>GRANDE PR\u00caMIO<\/strong>\u00a0sigue todas las actividades y cubre el GP de\u00a0<a href=\"https:\/\/grandepremio.com\/es\/\/f1\/\" target=\"_blank\" rel=\"noreferrer noopener\"><\/a><a href=\"https:\/\/grandepremio.com\/es\/\/f1\/\" target=\"_blank\" rel=\"noreferrer noopener\">F\u00f3rmula 1<\/a>\u00a0de Sao Paulo \u2018in loco\u2019 con Ana Paula Cerveira, Andr\u00e9 Netto, Evelyn Guimar\u00e3es, Felipe Leite, Gabriel Curty, Luana Marino, Rodrigo Berton, Pedro Henrique Marum y Victor Martins. El s\u00e1bado, los FP2 arrancan a las 12:30 horas [local, GMT-3].<\/p>\n\n\n\n<p class=\"wp-block-paragraph\"><a href=\"https:\/\/grandepremio.com\/es\/\/f1\/horarios-gp-de-sao-paulo-formula-1\/\"><strong>\u00bfA qu\u00e9 hora se corre el GP de Sao Paulo de la F\u00f3rmula 1 2022?<\/strong><\/a><\/p>\n","protected":false},"excerpt":{"rendered":"<p>Fernando Alonso sale s\u00e9ptimo en la carrera sprint de Interlagos y disfrut\u00f3 del rendimiento de Alpine este viernes, tanto en seco como en mojado.<\/p>\n","protected":false},"author":0,"featured_media":1010094683,"comment_status":"closed","ping_status":"closed","sticky":false,"template":"","format":"standard","meta":{"42wp_featured_image_caption":"","42wp_featured_image_credits":"","42wp_featured_video":"","42wp_featured_image_hidden":false,"42wp_authors_list":[],"footnotes":""},"categories":[5],"tags":[2252,678,1519,181,1495,2358,184,179,2369,1491,1488,2237,474],"42wp_author":[14234],"class_list":["post-20970","post","type-post","status-publish","format-standard","has-post-thumbnail","hentry","category-f1","tag-a522","tag-alpine","tag-clasificacion-f1","tag-f1","tag-f1-2022","tag-f1-hoy","tag-fernando-alonso","tag-formula-1","tag-formula-1-hoy","tag-gp-de-sao-paulo-2","tag-grande-premio","tag-grandepremio","tag-interlagos","42wp_author-douglas-rocha"],"_links":{"self":[{"href":"https:\/\/grandepremio.com\/es\/wp-json\/wp\/v2\/posts\/20970","targetHints":{"allow":["GET"]}}],"collection":[{"href":"https:\/\/grandepremio.com\/es\/wp-json\/wp\/v2\/posts"}],"about":[{"href":"https:\/\/grandepremio.com\/es\/wp-json\/wp\/v2\/types\/post"}],"replies":[{"embeddable":true,"href":"https:\/\/grandepremio.com\/es\/wp-json\/wp\/v2\/comments?post=20970"}],"version-history":[{"count":0,"href":"https:\/\/grandepremio.com\/es\/wp-json\/wp\/v2\/posts\/20970\/revisions"}],"wp:featuredmedia":[{"embeddable":true,"href":"https:\/\/grandepremio.com\/es\/wp-json\/wp\/v2\/media\/1010094683"}],"wp:attachment":[{"href":"https:\/\/grandepremio.com\/es\/wp-json\/wp\/v2\/media?parent=20970"}],"wp:term":[{"taxonomy":"category","embeddable":true,"href":"https:\/\/grandepremio.com\/es\/wp-json\/wp\/v2\/categories?post=20970"},{"taxonomy":"post_tag","embeddable":true,"href":"https:\/\/grandepremio.com\/es\/wp-json\/wp\/v2\/tags?post=20970"},{"taxonomy":"42wp_author","embeddable":true,"href":"https:\/\/grandepremio.com\/es\/wp-json\/wp\/v2\/42wp_author?post=20970"}],"curies":[{"name":"wp","href":"https:\/\/api.w.org\/{rel}","templated":true}]}}