{"id":20982,"date":"2022-11-11T15:00:04","date_gmt":"2022-11-11T18:00:04","guid":{"rendered":"https:\/\/grandepremio.com\/es\/2022\/11\/11\/sergio-perez-fin-semana-limpio-brasil\/"},"modified":"2022-11-11T15:48:32","modified_gmt":"2022-11-11T18:48:32","slug":"sergio-perez-fin-semana-limpio-brasil","status":"publish","type":"post","link":"https:\/\/grandepremio.com\/es\/f1\/sergio-perez-fin-semana-limpio-brasil\/","title":{"rendered":"P\u00e9rez espera fin de semana limpio en Brasil y dice que meta es &#8220;cerrar temporada en alta&#8221;"},"content":{"rendered":"\n<p class=\"wp-block-paragraph\">El tercer lugar en el <strong>GP de Ciudad de M\u00e9xico<\/strong> dej\u00f3 a <strong>Sergio P\u00e9rez<\/strong> con un poco de frustraci\u00f3n, pero la expectativa para el fin de semana en Brasil es poder demostrar el verdadero ritmo de <strong>Red Bull<\/strong>. El mexicano lucha por el subcampeonato de la temporada 2022 de <a href=\"https:\/\/grandepremio.com\/es\/\/categoria\/f1\/\" target=\"_blank\" rel=\"noreferrer noopener\">F\u00f3rmula 1<\/a> contra <strong>Charles Leclerc<\/strong>, de <strong>Ferrari<\/strong>, pero destac\u00f3 que el principal objetivo de los taurinos es mantener el ritmo, ya con los ojos puestos en empezar bien el 2023. <\/p>\n\n\n\n<p class=\"wp-block-paragraph\"><strong>P\u00e9rez<\/strong> fue preguntado durante la rueda de prensa en Interlagos sobre las opciones a victoria para el GP de <strong>S\u00e3o Paulo<\/strong>. El piloto de<strong> Red Bull<\/strong> empez\u00f3 lamentando los problemas que tuvo delante de su afici\u00f3n, reclamando del tiempo perdido en el pit stop y de no haber podido seguir el ritmo de<strong> Lewis Hamilton<\/strong>.<\/p>\n\n\n\n<p class=\"wp-block-paragraph\"><strong>\u00a1Conoce el canal de Grande Pr\u00eamio en Espa\u00f1ol en\u00a0<a href=\"https:\/\/www.youtube.com\/channel\/UCDxWojGVUi9gWYhrY0pGbIQ\" target=\"_blank\" rel=\"noreferrer noopener\">YouTube<\/a>!<br>\u00a1Sigue a\u00a0Grande Pr\u00eamio en Espa\u00f1ol\u00a0en\u00a0<a href=\"https:\/\/twitter.com\/grandepremioES\" target=\"_blank\" rel=\"noreferrer noopener\">Twitter\u00a0<\/a>y en\u00a0<a href=\"https:\/\/www.instagram.com\/grandepremioes\/\" target=\"_blank\" rel=\"noreferrer noopener\">Instagram<\/a>!<\/strong><\/p>\n\n\n\n<figure class=\"wp-block-image size-large\"><img decoding=\"async\" src=\"https:\/\/www.grandepremio.com\/br\/wp-content\/uploads\/2022\/11\/redbull-sergioperez-02-1024x683.jpg\" alt=\"\" class=\"wp-image-631794\"\/><figcaption>Sergio P\u00e9rez vai em busca de um resultado ainda melhor em Interlagos (Foto: Red Bull Content Pool)<\/figcaption><\/figure>\n\n\n\n<p class=\"wp-block-paragraph\">&#8220;Nosotros simplemente queremos mantener esta fase fluyendo&#8221;, dijo <strong>P\u00e9rez<\/strong>. &#8220;Tuvimos muchos problemas en el fin de semana de <strong>M\u00e9xico<\/strong>, esperaba realmente que era posible hacer un resultado mucho mejor. Por ello, espero que aqu\u00ed podamos tener un fin de semana limpio, sin problemas, y que podamos mostrar nuestro verdadero ritmo, que no lo tuvimos en las \u00faltimas carreras&#8221;, a\u00f1adi\u00f3. <\/p>\n\n\n\n<p class=\"wp-block-paragraph\">En su segundo a\u00f1o con <strong>Red Bull<\/strong>, el mexicano conquist\u00f3 dos victorias m\u00e1s y lleg\u00f3 a imaginarse una lucha por el t\u00edtulo contra su compa\u00f1ero de equipo, <strong>Max Verstappen<\/strong>, tras el triunfo en M\u00f3naco. <strong>P\u00e9rez<\/strong>, no obstante, resalt\u00f3 que a\u00fan hay trabajo por hacer para poder luchar por el t\u00edtulo en 2023. <\/p>\n\n\n\n<p class=\"wp-block-paragraph\">&#8220;Realmente [2022] empez\u00f3 muy bien. Algunos problemas de fiabilidad al inicio, pero las cosas funcionaban en pista. Entramos en la lucha por el campeonato bien pronto. Tuve algunas carreras malas que me alejaron de la lucha, y por ello hay cierto trabajo por hacer junto al equipo para garantizar que nosotros mantenemos esa consistencia para volver el pr\u00f3ximo a\u00f1o a luchar por el t\u00edtulo, si tenemos un coche parecido el a\u00f1o que viene. Entonces, es importante que terminemos la temporada en alta para que podamos volver en 2023 con un inicio de a\u00f1o fuerte&#8221;, finaliz\u00f3. <\/p>\n\n\n\n<p class=\"wp-block-paragraph\"><strong>GRANDE PR\u00caMIO<\/strong>\u00a0sigue todas las actividades\u00a0<strong>EN DIRECTO Y EN TIEMPO REAL<\/strong>\u00a0con una cobertura presencial del <strong>GP de S\u00e3o Paulo de\u00a0F\u00f3rmula 1<\/strong> con Ana Paula Cerveira, Andr\u00e9 Netto, Evelyn Guimar\u00e3es, Felipe Leite, Gabriel Curty, Luana Marino, Rodrigo Berton, Pedro Henrique Marum y Victor Martins.<\/p>\n","protected":false},"excerpt":{"rendered":"<p>Sergio P\u00e9rez explic\u00f3 que Red Bull necesita mantener la consistencia y tener un coche similar al de este a\u00f1o para luchar por el t\u00edtulo de 2023 desde el inicio de temporada<\/p>\n","protected":false},"author":0,"featured_media":1010094178,"comment_status":"closed","ping_status":"closed","sticky":false,"template":"","format":"standard","meta":{"42wp_featured_image_caption":"","42wp_featured_image_credits":"","42wp_featured_video":"","42wp_featured_image_hidden":false,"42wp_authors_list":[],"footnotes":""},"categories":[5],"tags":[181,1495,179,3791,1468,3703,2236,3438,2237,206,294],"42wp_author":[14233],"class_list":["post-20982","post","type-post","status-publish","format-standard","has-post-thumbnail","hentry","category-f1","tag-f1","tag-f1-2022","tag-formula-1","tag-gp-da-cidade-do-mexico","tag-gp-de-sao-paulo","tag-gp-de-sao-paulo-2022","tag-grande-premio-2","tag-grande-premio-en-espanol","tag-grandepremio","tag-red-bull","tag-sergio-perez","42wp_author-eric-calduch"],"_links":{"self":[{"href":"https:\/\/grandepremio.com\/es\/wp-json\/wp\/v2\/posts\/20982","targetHints":{"allow":["GET"]}}],"collection":[{"href":"https:\/\/grandepremio.com\/es\/wp-json\/wp\/v2\/posts"}],"about":[{"href":"https:\/\/grandepremio.com\/es\/wp-json\/wp\/v2\/types\/post"}],"replies":[{"embeddable":true,"href":"https:\/\/grandepremio.com\/es\/wp-json\/wp\/v2\/comments?post=20982"}],"version-history":[{"count":0,"href":"https:\/\/grandepremio.com\/es\/wp-json\/wp\/v2\/posts\/20982\/revisions"}],"wp:featuredmedia":[{"embeddable":true,"href":"https:\/\/grandepremio.com\/es\/wp-json\/wp\/v2\/media\/1010094178"}],"wp:attachment":[{"href":"https:\/\/grandepremio.com\/es\/wp-json\/wp\/v2\/media?parent=20982"}],"wp:term":[{"taxonomy":"category","embeddable":true,"href":"https:\/\/grandepremio.com\/es\/wp-json\/wp\/v2\/categories?post=20982"},{"taxonomy":"post_tag","embeddable":true,"href":"https:\/\/grandepremio.com\/es\/wp-json\/wp\/v2\/tags?post=20982"},{"taxonomy":"42wp_author","embeddable":true,"href":"https:\/\/grandepremio.com\/es\/wp-json\/wp\/v2\/42wp_author?post=20982"}],"curies":[{"name":"wp","href":"https:\/\/api.w.org\/{rel}","templated":true}]}}