{"id":20994,"date":"2022-11-10T14:12:32","date_gmt":"2022-11-10T17:12:32","guid":{"rendered":"https:\/\/grandepremio.com\/es\/2022\/11\/10\/lando-norris-sospecha-intoxicacion-alimentaria-sao-paulo\/"},"modified":"2022-11-10T16:41:51","modified_gmt":"2022-11-10T19:41:51","slug":"lando-norris-sospecha-intoxicacion-alimentaria-sao-paulo","status":"publish","type":"post","link":"https:\/\/grandepremio.com\/es\/f1\/lando-norris-sospecha-intoxicacion-alimentaria-sao-paulo\/","title":{"rendered":"Norris sufre sospecha de intoxicaci\u00f3n alimentaria y se queda en reposo en S\u00e3o Paulo"},"content":{"rendered":"\n<p class=\"wp-block-paragraph\"><strong>Lando Norris<\/strong> no podr\u00e1 cumplir los compromisos con la prensa durante este jueves en <a href=\"https:\/\/grandepremio.com\/es\/\/categoria\/f1\/\" target=\"_blank\" rel=\"noreferrer noopener\">Interlagos<\/a>. El brit\u00e1nico se quedar\u00e1 en reposo en el hotel debido a una sospecha de intoxicaci\u00f3n alimentaria y ser\u00e1 baja en <strong>McLaren<\/strong>. <\/p>\n\n\n\n<p class=\"wp-block-paragraph\">Por las redes sociales, el equipo de <strong>Woking<\/strong> anunci\u00f3 que el piloto no se est\u00e1 sintiendo bien y, por ello, permanecer\u00e1 en el hotel descansando. <\/p>\n\n\n\n<p class=\"wp-block-paragraph\"><strong><strong>\u00a1Conoce el canal de Grande Pr\u00eamio en Espa\u00f1ol en&nbsp;<a href=\"https:\/\/www.youtube.com\/channel\/UCDxWojGVUi9gWYhrY0pGbIQ\" target=\"_blank\" rel=\"noreferrer noopener\">YouTube<\/a>!<br>\u00a1Sigue a&nbsp;Grande Pr\u00eamio en Espa\u00f1ol&nbsp;en&nbsp;<a href=\"https:\/\/twitter.com\/grandepremioES\" target=\"_blank\" rel=\"noreferrer noopener\">Twitter&nbsp;<\/a>y en&nbsp;<a href=\"https:\/\/www.instagram.com\/grandepremioes\/\" target=\"_blank\" rel=\"noreferrer noopener\">Instagram<\/a>!<\/strong><\/strong><\/p>\n\n\n\n<figure class=\"wp-block-image size-large\"><img decoding=\"async\" src=\"https:\/\/www.grandepremio.com\/br\/wp-content\/uploads\/2022\/11\/F1-2022-Brasil-Sao-Paulo-Abel-Ferreira-Lando-Norris-1024x576.jpeg\" alt=\"\" class=\"wp-image-631214\"\/><figcaption>Abel Ferreira y Lando Norris se encontraron antes del partido del Palmeiras (Foto: Palmeiras)<\/figcaption><\/figure>\n\n\n\n<p class=\"wp-block-paragraph\">&#8220;<strong>Lando<\/strong> no se est\u00e1 sintiendo bien, con una sospecha de intoxicaci\u00f3n alimentaria, por ello hoy se quedar\u00e1 descansando en el hotel&#8221;, anunci\u00f3 <strong>McLaren<\/strong>. &#8220;Lo esperamos de vuelta a la pista ma\u00f1ana. \u00a1Recuperate pronto, <strong>Lando<\/strong>!&#8221;, sigui\u00f3. <\/p>\n\n\n\n<p class=\"wp-block-paragraph\">Ayer por la noche, <strong>Norris<\/strong> estuvo en el <strong>Allianz Parque<\/strong>, estadio de futbol del <strong>Palmeiras<\/strong>, para seguir de cerca el partido entre el equipo paulista y el <strong>Am\u00e9rica-MG<\/strong>, durante la 37\u00aa jornada de la primera divisi\u00f3n brasile\u00f1a.<\/p>\n\n\n\n<p class=\"wp-block-paragraph\">El a\u00f1o pasado, <strong>Lando<\/strong> ya visit\u00f3 el estadio del &#8216;Verd\u00e3o&#8217; para ver como los locales ganaban 4 a 0 al <strong>Atl\u00e9tico Goianiense<\/strong>, en un partido tambi\u00e9n del Campeonato Brasile\u00f1o. <\/p>\n\n\n\n<figure class=\"wp-block-embed is-type-rich is-provider-twitter wp-block-embed-twitter\"><div class=\"wp-block-embed__wrapper\">\n<blockquote class=\"twitter-tweet\" data-width=\"500\" data-dnt=\"true\"><p lang=\"en\" dir=\"ltr\">Lando is feeling unwell with suspected food poisoning, so he will rest in the hotel today. We expect him back at track tomorrow. <br><br>Get well soon, Lando! \ud83e\udde1<a href=\"https:\/\/x.com\/hashtag\/BrazilGP?src=hash&amp;ref_src=twsrc%5Etfw\">#BrazilGP<\/a> \ud83c\udde7\ud83c\uddf7 <a href=\"https:\/\/t.co\/Ut1k16Ado4\">pic.twitter.com\/Ut1k16Ado4<\/a><\/p>&mdash; McLaren Mastercard Formula 1 Team (@McLarenF1) <a href=\"https:\/\/x.com\/McLarenF1\/status\/1590698312084393985?ref_src=twsrc%5Etfw\">November 10, 2022<\/a><\/blockquote><script async src=\"https:\/\/platform.x.com\/widgets.js\" charset=\"utf-8\"><\/script>\n<\/div><\/figure>\n\n\n\n<p class=\"wp-block-paragraph\"><strong>GRANDE PR\u00caMIO<\/strong>&nbsp;sigue de cerca todas las actividades&nbsp;EN DIRECTO Y EN TIEMPO REAL&nbsp;con una cobertura presencial del <strong>GP de S\u00e3o Paulo<\/strong> <strong>de&nbsp;F\u00f3rmula 1<\/strong>&nbsp;con Ana Paula Cerveira, Andr\u00e9 Netto, Evelyn Guimar\u00e3es, Felipe Leite, Gabriel Curty, Luana Marino, Rodrigo Berton, Pedro Henrique Marum y Victor Martins.&nbsp;<\/p>\n","protected":false},"excerpt":{"rendered":"<p>McLaren anunci\u00f3 en las redes sociales que el piloto brit\u00e1nico no ir\u00e1 a Interlagos este jueves por sospecha de intoxicaci\u00f3n alimentaria. La expectativa del equipo es poder contar con Norris el viernes<\/p>\n","protected":false},"author":0,"featured_media":1010093803,"comment_status":"closed","ping_status":"closed","sticky":false,"template":"","format":"standard","meta":{"42wp_featured_image_caption":"","42wp_featured_image_credits":"","42wp_featured_video":"","42wp_featured_image_hidden":false,"42wp_authors_list":[],"footnotes":""},"categories":[5],"tags":[458,3760,181,1495,1676,179,492,1468,2236,3438,2237,3759,268,269,1540,1836],"42wp_author":[14233],"class_list":["post-20994","post","type-post","status-publish","format-standard","has-post-thumbnail","hentry","category-f1","tag-brasil","tag-enfermo","tag-f1","tag-f1-2022","tag-f1-2023","tag-formula-1","tag-gp-de-brasil","tag-gp-de-sao-paulo","tag-grande-premio-2","tag-grande-premio-en-espanol","tag-grandepremio","tag-intoxicacion-alimentaria","tag-lando-norris","tag-mclaren","tag-nyck-de-vries","tag-sao-paulo","42wp_author-eric-calduch"],"_links":{"self":[{"href":"https:\/\/grandepremio.com\/es\/wp-json\/wp\/v2\/posts\/20994","targetHints":{"allow":["GET"]}}],"collection":[{"href":"https:\/\/grandepremio.com\/es\/wp-json\/wp\/v2\/posts"}],"about":[{"href":"https:\/\/grandepremio.com\/es\/wp-json\/wp\/v2\/types\/post"}],"replies":[{"embeddable":true,"href":"https:\/\/grandepremio.com\/es\/wp-json\/wp\/v2\/comments?post=20994"}],"version-history":[{"count":0,"href":"https:\/\/grandepremio.com\/es\/wp-json\/wp\/v2\/posts\/20994\/revisions"}],"wp:featuredmedia":[{"embeddable":true,"href":"https:\/\/grandepremio.com\/es\/wp-json\/wp\/v2\/media\/1010093803"}],"wp:attachment":[{"href":"https:\/\/grandepremio.com\/es\/wp-json\/wp\/v2\/media?parent=20994"}],"wp:term":[{"taxonomy":"category","embeddable":true,"href":"https:\/\/grandepremio.com\/es\/wp-json\/wp\/v2\/categories?post=20994"},{"taxonomy":"post_tag","embeddable":true,"href":"https:\/\/grandepremio.com\/es\/wp-json\/wp\/v2\/tags?post=20994"},{"taxonomy":"42wp_author","embeddable":true,"href":"https:\/\/grandepremio.com\/es\/wp-json\/wp\/v2\/42wp_author?post=20994"}],"curies":[{"name":"wp","href":"https:\/\/api.w.org\/{rel}","templated":true}]}}