{"id":21003,"date":"2022-11-09T11:21:48","date_gmt":"2022-11-09T14:21:48","guid":{"rendered":"https:\/\/grandepremio.com\/es\/2022\/11\/09\/bagnaia-conquista-inolvidable-ducati-motogp\/"},"modified":"2022-11-09T11:32:06","modified_gmt":"2022-11-09T14:32:06","slug":"bagnaia-conquista-inolvidable-ducati-motogp","status":"publish","type":"post","link":"https:\/\/grandepremio.com\/es\/motogp\/bagnaia-conquista-inolvidable-ducati-motogp\/","title":{"rendered":"Bagnaia pasa a la historia con una conquista inolvidable para Ducati en MotoGP"},"content":{"rendered":"\n<p class=\"wp-block-paragraph\">El <strong>Mundial de Motociclismo<\/strong> ha llegado a su fin en esta apasionante temporada de 2022. <a href=\"https:\/\/grandepremio.com\/es\/\/categoria\/motogp\/\" target=\"_blank\" rel=\"noreferrer noopener\">MotoGP<\/a> puso el broche final con la decisi\u00f3n en el <strong>GP de la Comunidad Valenciana<\/strong>, donde <strong>Francesco Bagnaia<\/strong> se coron\u00f3 campe\u00f3n del mundo por primera vez. El italiano hizo los deberes y aprovech\u00f3 los 23 puntos de ventaja para no darle opci\u00f3n alguna a <strong>Fabio Quartararo<\/strong>. <\/p>\n\n\n\n<p class=\"wp-block-paragraph\">As\u00ed pues, Pecco logr\u00f3 alzarse con un <strong>Mundial<\/strong> que pasar\u00e1 a la historia del motociclismo. El primer italiano desde <strong>Valentino Rossi<\/strong>, el primer pupilo surgido de la academia del multicampe\u00f3n, el primer italiano con una moto fabricada en Italia desde los 70 y, adem\u00e1s, una conquista m\u00e1s que especial y necesaria para <strong>Ducati<\/strong>. <\/p>\n\n\n\n<p class=\"wp-block-paragraph\"><strong>\u00a1Conoce el canal de Grande Pr\u00eamio en Espa\u00f1ol en\u00a0<a href=\"https:\/\/www.youtube.com\/channel\/UCDxWojGVUi9gWYhrY0pGbIQ\" target=\"_blank\" rel=\"noreferrer noopener\">YouTube<\/a>!<br>\u00a1Sigue a\u00a0Grande Pr\u00eamio en Espa\u00f1ol\u00a0en\u00a0<a href=\"https:\/\/twitter.com\/grandepremioES\" target=\"_blank\" rel=\"noreferrer noopener\">Twitter\u00a0<\/a>y en\u00a0<a href=\"https:\/\/www.instagram.com\/grandepremioes\/\" target=\"_blank\" rel=\"noreferrer noopener\">Instagram<\/a>!<\/strong><\/p>\n\n\n\n<p class=\"wp-block-paragraph\"><strong>Eric Calduch<\/strong> analiza en este video todo lo que ha dado de si esta gran haza\u00f1a de <strong>Pecco Bagnaia <\/strong>logrando el <strong>Mundial de MotoGP 2022.<\/strong><\/p>\n\n\n\n<figure class=\"wp-block-embed is-type-video is-provider-youtube wp-block-embed-youtube wp-embed-aspect-16-9 wp-has-aspect-ratio\"><div class=\"wp-block-embed__wrapper\">\n<iframe loading=\"lazy\" title=\"BAGNAIA PASA A LA HISTORIA CON UNA CONQUISTA INOLVIDABLE PARA DUCATI EN MOTOGP\" width=\"500\" height=\"281\" src=\"https:\/\/www.youtube.com\/embed\/Y1CyKanEXSY?feature=oembed\" frameborder=\"0\" allow=\"accelerometer; autoplay; clipboard-write; encrypted-media; gyroscope; picture-in-picture; web-share\" referrerpolicy=\"strict-origin-when-cross-origin\" allowfullscreen><\/iframe>\n<\/div><\/figure>\n","protected":false},"excerpt":{"rendered":"<p>Eric Calduch analiza en este video todo lo que ha generado esta gran haza\u00f1a de Francesco Bagnaia tras lograr el Mundial de MotoGP 2022.<\/p>\n","protected":false},"author":0,"featured_media":1010093391,"comment_status":"closed","ping_status":"closed","sticky":false,"template":"","format":"standard","meta":{"42wp_featured_image_caption":"","42wp_featured_image_credits":"","42wp_featured_video":"","42wp_featured_image_hidden":false,"42wp_authors_list":[],"footnotes":""},"categories":[8],"tags":[3663,1340,234,1306,3661,1376,1834,2236,3671,2237,855,1293,1341,1764,807,1295,1309],"42wp_author":[14233],"class_list":["post-21003","post","type-post","status-publish","format-standard","has-post-thumbnail","hentry","category-motogp","tag-bagnaia-campeon","tag-ducati","tag-espana","tag-fabio-quartararo","tag-final-motogp-2022","tag-francesco-bagnaia","tag-gp-de-la-comunidad-valenciana","tag-grande-premio-2","tag-grande-premio-en-espanaol","tag-grandepremio","tag-motociclismo","tag-motogp","tag-motogp-2022","tag-mundial-de-motociclismo","tag-valencia","tag-valentino-rossi","tag-yamaha","42wp_author-eric-calduch"],"_links":{"self":[{"href":"https:\/\/grandepremio.com\/es\/wp-json\/wp\/v2\/posts\/21003","targetHints":{"allow":["GET"]}}],"collection":[{"href":"https:\/\/grandepremio.com\/es\/wp-json\/wp\/v2\/posts"}],"about":[{"href":"https:\/\/grandepremio.com\/es\/wp-json\/wp\/v2\/types\/post"}],"replies":[{"embeddable":true,"href":"https:\/\/grandepremio.com\/es\/wp-json\/wp\/v2\/comments?post=21003"}],"version-history":[{"count":0,"href":"https:\/\/grandepremio.com\/es\/wp-json\/wp\/v2\/posts\/21003\/revisions"}],"wp:featuredmedia":[{"embeddable":true,"href":"https:\/\/grandepremio.com\/es\/wp-json\/wp\/v2\/media\/1010093391"}],"wp:attachment":[{"href":"https:\/\/grandepremio.com\/es\/wp-json\/wp\/v2\/media?parent=21003"}],"wp:term":[{"taxonomy":"category","embeddable":true,"href":"https:\/\/grandepremio.com\/es\/wp-json\/wp\/v2\/categories?post=21003"},{"taxonomy":"post_tag","embeddable":true,"href":"https:\/\/grandepremio.com\/es\/wp-json\/wp\/v2\/tags?post=21003"},{"taxonomy":"42wp_author","embeddable":true,"href":"https:\/\/grandepremio.com\/es\/wp-json\/wp\/v2\/42wp_author?post=21003"}],"curies":[{"name":"wp","href":"https:\/\/api.w.org\/{rel}","templated":true}]}}