{"id":21007,"date":"2022-11-08T15:46:32","date_gmt":"2022-11-08T18:46:32","guid":{"rendered":"https:\/\/grandepremio.com\/es\/2022\/11\/08\/marc-marquez-valencia-motogp\/"},"modified":"2022-11-08T16:13:09","modified_gmt":"2022-11-08T19:13:09","slug":"marc-marquez-valencia-motogp","status":"publish","type":"post","link":"https:\/\/grandepremio.com\/es\/motogp\/marc-marquez-valencia-motogp\/","title":{"rendered":"Marc M\u00e1rquez advierte que Honda &#8220;no podr\u00e1 luchar por el t\u00edtulo&#8221; si no evoluciona"},"content":{"rendered":"\n<p class=\"wp-block-paragraph\">En 2022, la dependencia de<strong> Honda<\/strong> hacia <strong>Marc M\u00e1rquez <\/strong>qued\u00f3 patente. A pesar de haber estado alejado de <strong>MotoGP<\/strong> durante m\u00e1s de 100 d\u00edas por una lesi\u00f3n, cuando volvi\u00f3 fue el \u00fanico piloto capaz de sacar algo de provecho a la RC213V. Y ante la persistencia en la falta de potencial, el espa\u00f1ol de Cervera dej\u00f3 en claro que si el equipo japon\u00e9s no evoluciona, estar\u00e1 lejos de volver a la lucha por el t\u00edtulo.<\/p>\n\n\n\n<p class=\"wp-block-paragraph\">&#8220;Siempre quieres m\u00e1s y m\u00e1s. No puedo decir que est\u00e9 decepcionado porque Honda est\u00e1 trabajando, lo est\u00e1 intentando y ha tra\u00eddo una nueva moto. Pero necesitamos m\u00e1s si queremos luchar por el Mundial. Con lo que tenemos aqu\u00ed, no vamos a luchar&#8221;, expres\u00f3 el espa\u00f1ol. <\/p>\n\n\n\n<figure class=\"wp-block-image size-large\"><img decoding=\"async\" src=\"https:\/\/grandepremio.com\/es\/\/wp-content\/uploads\/2022\/11\/Marquez-2-1024x683.jpg\" alt=\"\" class=\"wp-image-93319\"\/><figcaption>Marc M\u00e1rquez qued\u00f3 13\u00b0 en el ensayo, a 0s644 del l\u00edder Luca Marini. (Foto: Honda) <\/figcaption><\/figure>\n\n\n\n<p class=\"wp-block-paragraph\"><strong><strong>\u00a1Conoce el canal de Grande Pr\u00eamio en Espa\u00f1ol en&nbsp;<a href=\"https:\/\/www.youtube.com\/channel\/UCDxWojGVUi9gWYhrY0pGbIQ\" target=\"_blank\" rel=\"noreferrer noopener\">YouTube<\/a>!<br>\u00a1Sigue a&nbsp;Grande Pr\u00eamio en Espa\u00f1ol&nbsp;en&nbsp;<a href=\"https:\/\/twitter.com\/grandepremioES\" target=\"_blank\" rel=\"noreferrer noopener\">Twitter&nbsp;<\/a>y en&nbsp;<a href=\"https:\/\/www.instagram.com\/grandepremioes\/\" target=\"_blank\" rel=\"noreferrer noopener\">Instagram<\/a>!<\/strong><\/strong><\/p>\n\n\n\n<p class=\"wp-block-paragraph\">&#8220;En uno de los temas, vamos en la direcci\u00f3n correcta, pero como era de esperar, mejoramos en un \u00e1rea y perdemos en otra. Es un equilibrio, pero estamos m\u00e1s o menos con los mismos problemas. Tienen que entenderlo para que estemos bien en febrero&#8221;, cerr\u00f3.<\/p>\n\n\n\n<p class=\"wp-block-paragraph\">En los primeros ensayos de la categor\u00eda reina, que se celebraron este martes en <strong>Valencia<\/strong>, M\u00e1rquez fue 13\u00ba, a 0s644 del l\u00edder <strong>Luca Marini<\/strong>. <strong>Joan Mir<\/strong>, su futuro compa\u00f1ero de equipo, termin\u00f3 18\u00ba, a 0s882.<\/p>\n\n\n\n<p class=\"wp-block-paragraph\"><strong>Alberto Puig,<\/strong> jefe del equipo de la f\u00e1brica, revel\u00f3 que el ambiente no era alentador y tambi\u00e9n se fue decepcionado. El espa\u00f1ol admiti\u00f3 que esperaban un mejor resultado para este entrenamiento.<\/p>\n","protected":false},"excerpt":{"rendered":"<p>Marc M\u00e1rquez termin\u00f3 insatisfecho con el desempe\u00f1o de Honda en el test de postemporada en Valencia, e inst\u00f3 al equipo a mejorar de cara a febrero.<\/p>\n","protected":false},"author":0,"featured_media":1010093318,"comment_status":"closed","ping_status":"closed","sticky":false,"template":"","format":"standard","meta":{"42wp_featured_image_caption":"","42wp_featured_image_credits":"","42wp_featured_video":"","42wp_featured_image_hidden":false,"42wp_authors_list":[],"footnotes":""},"categories":[8],"tags":[221,3687,1521,1392,1293,1341,3686],"42wp_author":[14223],"class_list":["post-21007","post","type-post","status-publish","format-standard","has-post-thumbnail","hentry","category-motogp","tag-honda","tag-honda-motogp","tag-joan-mir","tag-marc-marquez-2","tag-motogp","tag-motogp-2022","tag-test-de-valencia","42wp_author-esteban-nieto"],"_links":{"self":[{"href":"https:\/\/grandepremio.com\/es\/wp-json\/wp\/v2\/posts\/21007","targetHints":{"allow":["GET"]}}],"collection":[{"href":"https:\/\/grandepremio.com\/es\/wp-json\/wp\/v2\/posts"}],"about":[{"href":"https:\/\/grandepremio.com\/es\/wp-json\/wp\/v2\/types\/post"}],"replies":[{"embeddable":true,"href":"https:\/\/grandepremio.com\/es\/wp-json\/wp\/v2\/comments?post=21007"}],"version-history":[{"count":0,"href":"https:\/\/grandepremio.com\/es\/wp-json\/wp\/v2\/posts\/21007\/revisions"}],"wp:featuredmedia":[{"embeddable":true,"href":"https:\/\/grandepremio.com\/es\/wp-json\/wp\/v2\/media\/1010093318"}],"wp:attachment":[{"href":"https:\/\/grandepremio.com\/es\/wp-json\/wp\/v2\/media?parent=21007"}],"wp:term":[{"taxonomy":"category","embeddable":true,"href":"https:\/\/grandepremio.com\/es\/wp-json\/wp\/v2\/categories?post=21007"},{"taxonomy":"post_tag","embeddable":true,"href":"https:\/\/grandepremio.com\/es\/wp-json\/wp\/v2\/tags?post=21007"},{"taxonomy":"42wp_author","embeddable":true,"href":"https:\/\/grandepremio.com\/es\/wp-json\/wp\/v2\/42wp_author?post=21007"}],"curies":[{"name":"wp","href":"https:\/\/api.w.org\/{rel}","templated":true}]}}