{"id":2103,"date":"2026-03-21T15:03:06","date_gmt":"2026-03-21T18:03:06","guid":{"rendered":"https:\/\/grandepremio.com\/es\/2026\/03\/21\/verstappen-gana-infierno-verde-mercedes\/"},"modified":"2026-03-21T15:03:10","modified_gmt":"2026-03-21T18:03:10","slug":"verstappen-gana-infierno-verde-mercedes","status":"publish","type":"post","link":"https:\/\/grandepremio.com\/es\/resistencia\/verstappen-gana-infierno-verde-mercedes\/","title":{"rendered":"Verstappen gana en el \u201cinfierno verde\u201d en debut con Mercedes"},"content":{"rendered":"\n<p class=\"wp-block-paragraph\">Un s\u00e1bado perfecto tuvo <strong>Max Verstappen<\/strong> en la segunda fecha de la <strong>NLS<\/strong>, la primera que se disput\u00f3 luego de la postergaci\u00f3n del campeonato la semana pasada, en su debut con <strong>Mercedes<\/strong>, ya que no solo logr\u00f3 la pole junto a <strong>Jules Gounon<\/strong> y<strong> Dani Juncadella<\/strong>, sino que ganaron la carrera de manera brillante y que fue emitida en su totalidad por <em>GRANDE PREMIO EN ESPA\u00d1OL<\/em>.<\/p>\n\n\n\n<p class=\"wp-block-paragraph\">\ud83d\udfe5&nbsp;<strong><em>\u00a1Todas las novedades te esperan en el canal de&nbsp;<\/em><\/strong><a href=\"https:\/\/www.youtube.com\/@GrandePremioES\"><em>YouTube<\/em><\/a><strong><em>&nbsp;de Grande Pr\u00eamio en Espa\u00f1ol!<\/em><\/strong>&nbsp;\ud83d\udfe8<\/p>\n\n\n\n<p class=\"wp-block-paragraph\">Si bien el auto del equipo <strong>Verstappen Racing<\/strong>, operado por el <strong>Winward Racing<\/strong>, gan\u00f3 por 59,524 segundos, la carrera estuvo mucho m\u00e1s igualada al comienzo, cuando Verstappen protagoniz\u00f3 una emocionante batalla con <strong>Christopher Haase<\/strong> en el Audi R8 LMS GT3 Evo II n.\u00ba 16 de Scherer Sport PHX.<\/p>\n\n\n\n<p class=\"wp-block-paragraph\">El alem\u00e1n lo hab\u00eda superado en la primera vuelta y lider\u00f3 hasta el final del primer stint, cuando el piloto de <strong>F\u00f3rmula 1<\/strong> lo pas\u00f3 antes de entrar a los boxes y dejarle a Juncadella el coche en la punta de la carrera. Los punteros protagonizaron una cerrada lucha, con momentos muy tensos mientras superaban al tr\u00e1fico de 128 autos.<\/p>\n\n\n\n<p class=\"wp-block-paragraph\">A la salida de la primera parada en boxes, Juncadella volvi\u00f3 a recuperar la punta sobre el <strong>Audi<\/strong>, que ten\u00eda a Nico Hantke al volante. El <strong>BMW <\/strong>#99 de Dan Harper le dio lucha a Juncadella y a Gounon, pero no pudo seguir el ritmo en la segunda mitad de la prueba. Harper fue penalizado por golpear a otro auto y ah\u00ed se acabaron las chances de peleas.<\/p>\n\n\n\n<figure class=\"wp-block-embed is-type-video is-provider-youtube wp-block-embed-youtube wp-embed-aspect-16-9 wp-has-aspect-ratio\"><div class=\"wp-block-embed__wrapper\">\n<iframe loading=\"lazy\" title=\"\ud83d\udd34MAX VERSTAPPEN EN N\u00dcRBURGRING: CARRERA EN VIVO CON IM\u00c1GENES | NLS 2026 | ETAPA 2 [AUDIO ORIGINAL]\" width=\"500\" height=\"281\" src=\"https:\/\/www.youtube.com\/embed\/9Ypgx03SpQE?feature=oembed\" frameborder=\"0\" allow=\"accelerometer; autoplay; clipboard-write; encrypted-media; gyroscope; picture-in-picture; web-share\" referrerpolicy=\"strict-origin-when-cross-origin\" allowfullscreen><\/iframe>\n<\/div><\/figure>\n\n\n\n<p class=\"wp-block-paragraph\">Verstappen termin\u00f3 la carrera en la punta con casi un minuto de ventaja sobre su escolta, en su segundo triunfo en el <em>\u201cinfierno verde\u201d<\/em>, tras haber ganado con un <strong>Ferrari<\/strong> 296 GT3 en septiembre del a\u00f1o pasado, en su debut con un GT3 de la clase SP9. Detr\u00e1s de \u00e9l, el Audi hab\u00eda recuperado la segunda posici\u00f3n con Haase al volante, pero cuando Hantke se subi\u00f3 para los \u00faltimos 45 minutos, cay\u00f3 hasta la s\u00e9ptima posici\u00f3n.<\/p>\n\n\n\n<p class=\"wp-block-paragraph\">Harper y Jordan Pepper, con el BMW, se alzaron con el segundo puesto, mientras que el <strong>Porsche <\/strong>911 GT3 R Evo #44 de Falken Motorsports, pilotado por Tim Heinemann y Sven Mueller, complet\u00f3 el podio. A pesar de otro incidente con un rezagado, Pepper aguant\u00f3 en la parte final a Heinemann en la batalla por el segundo puesto.<\/p>\n\n\n\n<p class=\"wp-block-paragraph\">Tobias Mueller, Patrick Assenheimer y Dylan Pereira fueron cuartos y triunfaron en la divisi\u00f3n Pro-Am a bordo de un Porsche y se produjo un curioso debut: el <em>BMW M3 Touring 24H<\/em>, que comenz\u00f3 como una broma de <em>\u201cApril\u2019s Fool\u201d<\/em>, finalmente vio la luz y acab\u00f3 la carrera en 13\u00b0 posici\u00f3n en la clase SPX.<\/p>\n\n\n\n<p class=\"wp-block-paragraph\">\u23e9&nbsp;<strong><em>\u00a1Seguinos en redes por&nbsp;<\/em><\/strong><a href=\"https:\/\/twitter.com\/grandepremioES\"><em>Twitter&nbsp;<\/em><\/a><strong><em>e&nbsp;<\/em><\/strong><a href=\"https:\/\/www.instagram.com\/grandepremioes\/\"><em>Instagram!<br><\/em><\/a>\u23e9&nbsp;<strong><em>Adem\u00e1s, tenemos nuestro&nbsp;<\/em><\/strong><a href=\"https:\/\/whatsapp.com\/channel\/0029VaDZ5zb0gcfDxuwxBM05\"><em>canal de Whatsapp<\/em><\/a><strong><em>&nbsp;con toda la informaci\u00f3n al instante<\/em><\/strong>&nbsp;\ud83c\udfc1<\/p>\n\n\n\n<p class=\"wp-block-paragraph\">Por \u00faltimo, el piloto argentino <strong>Santiago Baztarrica<\/strong> acab\u00f3 segundo en su debut en el circuito alem\u00e1n con un <em>BMW M240i<\/em>, en una clase que cuenta con todos autos de este estilo. La pr\u00f3xima carrera de la NLS ser\u00e1 el 11 de abril, tambi\u00e9n a cuatro horas.<\/p>\n","protected":false},"excerpt":{"rendered":"<p>El campeonato de la NLS alemana, que corre sus carreras en el Nordschleife, comenz\u00f3 su campeonato con la segunda fecha tras la postergaci\u00f3n de la primera y Max Verstappen se impuso con Mercedes junto a Dani Juncadella y Jules Gounon con un minuto de ventaja sobre el segundo. <\/p>\n","protected":false},"author":0,"featured_media":1010396064,"comment_status":"closed","ping_status":"closed","sticky":false,"template":"","format":"standard","meta":{"42wp_featured_image_caption":"","42wp_featured_image_credits":"","42wp_featured_video":"","42wp_featured_image_hidden":false,"42wp_authors_list":[],"footnotes":""},"categories":[19],"tags":[612,1543,13941,11096,185,179,3138,249,197,10150,308,13942,11598],"42wp_author":[14237],"class_list":["post-2103","post","type-post","status-publish","format-standard","has-post-thumbnail","hentry","category-resistencia","tag-audi","tag-bmw","tag-christopher-haase","tag-dani-juncadella","tag-ferrari","tag-formula-1","tag-jules-gounon","tag-max-verstappen","tag-mercedes","tag-nls","tag-porsche","tag-santiago-baztarrica","tag-winward-racing","42wp_author-gabriel-garcia"],"_links":{"self":[{"href":"https:\/\/grandepremio.com\/es\/wp-json\/wp\/v2\/posts\/2103","targetHints":{"allow":["GET"]}}],"collection":[{"href":"https:\/\/grandepremio.com\/es\/wp-json\/wp\/v2\/posts"}],"about":[{"href":"https:\/\/grandepremio.com\/es\/wp-json\/wp\/v2\/types\/post"}],"replies":[{"embeddable":true,"href":"https:\/\/grandepremio.com\/es\/wp-json\/wp\/v2\/comments?post=2103"}],"version-history":[{"count":0,"href":"https:\/\/grandepremio.com\/es\/wp-json\/wp\/v2\/posts\/2103\/revisions"}],"wp:featuredmedia":[{"embeddable":true,"href":"https:\/\/grandepremio.com\/es\/wp-json\/wp\/v2\/media\/1010396064"}],"wp:attachment":[{"href":"https:\/\/grandepremio.com\/es\/wp-json\/wp\/v2\/media?parent=2103"}],"wp:term":[{"taxonomy":"category","embeddable":true,"href":"https:\/\/grandepremio.com\/es\/wp-json\/wp\/v2\/categories?post=2103"},{"taxonomy":"post_tag","embeddable":true,"href":"https:\/\/grandepremio.com\/es\/wp-json\/wp\/v2\/tags?post=2103"},{"taxonomy":"42wp_author","embeddable":true,"href":"https:\/\/grandepremio.com\/es\/wp-json\/wp\/v2\/42wp_author?post=2103"}],"curies":[{"name":"wp","href":"https:\/\/api.w.org\/{rel}","templated":true}]}}