{"id":21036,"date":"2022-11-05T14:31:04","date_gmt":"2022-11-05T17:31:04","guid":{"rendered":"https:\/\/grandepremio.com\/es\/2022\/11\/05\/domenicali-reglamento-tecnico-criticas\/"},"modified":"2022-11-05T15:23:18","modified_gmt":"2022-11-05T18:23:18","slug":"domenicali-reglamento-tecnico-criticas","status":"publish","type":"post","link":"https:\/\/grandepremio.com\/es\/f1\/domenicali-reglamento-tecnico-criticas\/","title":{"rendered":"Domenicali defiende reglamento t\u00e9cnico de F1 2022 tras cr\u00edticas: &#8220;Era lo que quer\u00edamos&#8221;"},"content":{"rendered":"\n<p class=\"wp-block-paragraph\">La <a href=\"https:\/\/grandepremio.com\/es\/\/categoria\/f1\/\" target=\"_blank\" rel=\"noreferrer noopener\">F\u00f3rmula 1<\/a> vio c\u00f3mo se desarrollaba la batalla por el t\u00edtulo de la temporada 2021 hasta la \u00faltima vuelta de la carrera final del a\u00f1o, pero la verdad es que 2022 present\u00f3 una competici\u00f3n bastante diferente. <strong>Max Verstappen<\/strong> asegur\u00f3 el t\u00edtulo mundial en el <strong>GP de Jap\u00f3n<\/strong>, la prueba 18 de la temporada, despu\u00e9s de un absurdo dominio de <strong>Red Bull<\/strong>, que ha ganado la incre\u00edble cantidad de 16 de 20 carreras hasta el momento. A\u00fan as\u00ed, <strong>Stefano Domenicali<\/strong>, CEO de F1, cree que el prop\u00f3sito de las nuevas reglas se ha cumplido.<\/p>\n\n\n\n<p class=\"wp-block-paragraph\">&#8220;En este caso, <strong>Red Bull<\/strong> y <strong>Max Verstappen<\/strong> hicieron un trabajo incre\u00edble&#8221;, dijo <strong>Domenicali<\/strong>. \u201cTal vez otro equipo no ha tenido las mismas oportunidades. Pero por lo que vimos en la pista, batallas lado a lado, eso es lo que quer\u00edamos. Y conf\u00edo en que el pr\u00f3ximo a\u00f1o las peleas en la pista seguir\u00e1n hasta el final del calendario\u201d, dijo.<\/p>\n\n\n\n<p class=\"wp-block-paragraph\"><strong><strong>\u00a1Conoce el canal de Grande Pr\u00eamio en Espa\u00f1ol en\u00a0<a href=\"https:\/\/www.youtube.com\/channel\/UCDxWojGVUi9gWYhrY0pGbIQ\" target=\"_blank\" rel=\"noreferrer noopener\">YouTube<\/a>!<br>\u00a1Sigue a\u00a0Grande Pr\u00eamio en Espa\u00f1ol\u00a0en\u00a0<a href=\"https:\/\/twitter.com\/grandepremioES\" target=\"_blank\" rel=\"noreferrer noopener\">Twitter\u00a0<\/a>y en\u00a0<a href=\"https:\/\/www.instagram.com\/grandepremioes\/\" target=\"_blank\" rel=\"noreferrer noopener\">Instagram<\/a>!<\/strong><\/strong><\/p>\n\n\n\n<figure class=\"wp-block-image size-large\"><img decoding=\"async\" src=\"https:\/\/www.grandepremio.com\/br\/wp-content\/uploads\/2020\/05\/000_32H46FJ-1024x683.jpg\" alt=\"\" class=\"wp-image-606901\"\/><figcaption>Domenicali conf\u00eda en uma batalla m\u00e1s igualada por el t\u00edtulo de F1 en 2023 (Foto: Kenzo Tribouillard\/AFP)<\/figcaption><\/figure>\n\n\n\n<p class=\"wp-block-paragraph\">Con los dos t\u00edtulos en juego ya decididos (<strong>Red Bull<\/strong> tambi\u00e9n asegur\u00f3 el Mundial de Constructores), las dos \u00faltimas carreras de la temporada tienen poco efecto pr\u00e1ctico en la clasificaci\u00f3n del campeonato. Sin embargo, <strong>Domenicali<\/strong> llam\u00f3 la atenci\u00f3n sobre la importancia de ganar posiciones en la disputa entre equipos, ya que los ingresos est\u00e1n determinados por la ubicaci\u00f3n de cada uno en la temporada.<\/p>\n\n\n\n<p class=\"wp-block-paragraph\">\u201cLas \u00faltimas carreras, por el lado deportivo, van a tener mucha atenci\u00f3n\u201d, evalu\u00f3. \u201cHay una batalla por las posiciones, y desde una perspectiva de equipo, lograr una mejor posici\u00f3n que los dem\u00e1s est\u00e1 relacionado con la recompensa econ\u00f3mica. Entonces, creo que nos interesar\u00e1 mucho <strong>Brasil<\/strong> y <strong>Abu Dhabi<\/strong> tambi\u00e9n, sin ning\u00fan problema\u201d, se\u00f1al\u00f3.<\/p>\n\n\n\n<p class=\"wp-block-paragraph\">Finalmente, sobre el aspecto financiero de la F\u00f3rmula 1, <strong>Domenicali<\/strong> asegur\u00f3 que una posible falta de inter\u00e9s en las dos \u00faltimas carreras del a\u00f1o no preocupa a la categor\u00eda, que ya agot\u00f3 sus entradas para ambas pruebas.<\/p>\n\n\n\n<p class=\"wp-block-paragraph\">\u201cNo vemos ning\u00fan riesgo\u201d, dijo. \u201cEn primer lugar, tenemos las \u00faltimas dos carreras agotadas, y los n\u00fameros realmente est\u00e1n creciendo. La atenci\u00f3n se dividir\u00e1, por supuesto, en otras batallas por el aspecto deportivo. Esto es parte del automovilismo\u201d, concluy\u00f3 <strong>Domenicali<\/strong>.<\/p>\n","protected":false},"excerpt":{"rendered":"<p>El director ejecutivo de F\u00f3rmula 1, Stefano Domenicali, neg\u00f3 la preocupaci\u00f3n por la falta de competitividad en las \u00faltimas dos carreras del a\u00f1o y dijo que el &#8220;incre\u00edble trabajo&#8221; de Red Bull eclips\u00f3 a otros equipos.<\/p>\n","protected":false},"author":0,"featured_media":1010092654,"comment_status":"closed","ping_status":"closed","sticky":false,"template":"","format":"standard","meta":{"42wp_featured_image_caption":"","42wp_featured_image_credits":"","42wp_featured_video":"","42wp_featured_image_hidden":false,"42wp_authors_list":[],"footnotes":""},"categories":[5],"tags":[1703,181,1495,179,2236,3438,2237,3000,789],"42wp_author":[14233],"class_list":["post-21036","post","type-post","status-publish","format-standard","has-post-thumbnail","hentry","category-f1","tag-ceo-de-la-f1","tag-f1","tag-f1-2022","tag-formula-1","tag-grande-premio-2","tag-grande-premio-en-espanol","tag-grandepremio","tag-reglamento-tecnico","tag-stefano-domenicali","42wp_author-eric-calduch"],"_links":{"self":[{"href":"https:\/\/grandepremio.com\/es\/wp-json\/wp\/v2\/posts\/21036","targetHints":{"allow":["GET"]}}],"collection":[{"href":"https:\/\/grandepremio.com\/es\/wp-json\/wp\/v2\/posts"}],"about":[{"href":"https:\/\/grandepremio.com\/es\/wp-json\/wp\/v2\/types\/post"}],"replies":[{"embeddable":true,"href":"https:\/\/grandepremio.com\/es\/wp-json\/wp\/v2\/comments?post=21036"}],"version-history":[{"count":0,"href":"https:\/\/grandepremio.com\/es\/wp-json\/wp\/v2\/posts\/21036\/revisions"}],"wp:featuredmedia":[{"embeddable":true,"href":"https:\/\/grandepremio.com\/es\/wp-json\/wp\/v2\/media\/1010092654"}],"wp:attachment":[{"href":"https:\/\/grandepremio.com\/es\/wp-json\/wp\/v2\/media?parent=21036"}],"wp:term":[{"taxonomy":"category","embeddable":true,"href":"https:\/\/grandepremio.com\/es\/wp-json\/wp\/v2\/categories?post=21036"},{"taxonomy":"post_tag","embeddable":true,"href":"https:\/\/grandepremio.com\/es\/wp-json\/wp\/v2\/tags?post=21036"},{"taxonomy":"42wp_author","embeddable":true,"href":"https:\/\/grandepremio.com\/es\/wp-json\/wp\/v2\/42wp_author?post=21036"}],"curies":[{"name":"wp","href":"https:\/\/api.w.org\/{rel}","templated":true}]}}