{"id":21042,"date":"2022-11-04T15:56:13","date_gmt":"2022-11-04T18:56:13","guid":{"rendered":"https:\/\/grandepremio.com\/es\/2022\/11\/04\/mercedes-ricciardo-reserva-no-decidimos\/"},"modified":"2022-11-04T16:06:48","modified_gmt":"2022-11-04T19:06:48","slug":"mercedes-ricciardo-reserva-no-decidimos","status":"publish","type":"post","link":"https:\/\/grandepremio.com\/es\/f1\/mercedes-ricciardo-reserva-no-decidimos\/","title":{"rendered":"Mercedes elogia a Ricciardo, pero sin afirmar contrataci\u00f3n como reserva: &#8220;No decidimos&#8221;"},"content":{"rendered":"\n<p class=\"wp-block-paragraph\"><strong>Daniel Ricciardo<\/strong> se resigna a quedarse fuera de la parrilla de salida de la temporada 2023 de <a href=\"https:\/\/grandepremio.com\/es\/\/categoria\/f1\/\" target=\"_blank\" rel=\"noreferrer noopener\">F\u00f3rmula 1<\/a>. El \u00fanico asiento que queda es el de <strong>Haas<\/strong>, que al australiano de 33 a\u00f1os no parece gustarle. Por tanto, queda o tomarse un a\u00f1o sab\u00e1tico de la categor\u00eda, o asumir el puesto de reserva en alg\u00fan equipo.<\/p>\n\n\n\n<p class=\"wp-block-paragraph\">Si bien no se opone a la primera idea \u2014incluso vi\u00e9ndola con buenos ojos\u2014 Ricciardo se ve m\u00e1s apegado a la segunda. Recientemente, han surgido rumores de que el piloto est\u00e1 en conversaciones para convertirse en reserva de <strong>Red Bull <\/strong>o <strong>Mercedes<\/strong> en 2023.<\/p>\n\n\n\n<p class=\"wp-block-paragraph\">Cuando se le pregunt\u00f3 sobre la posibilidad, el director del equipo Mercedes, <strong>Toto Wolff,<\/strong> no quiso mojarse. \u201cCreo que est\u00e1 hablando con algunos equipos sobre un posible papel. Creo que <strong>Red Bull<\/strong> (es uno de esos equipos)\u201d, dijo.<\/p>\n\n\n\n<p class=\"wp-block-paragraph\"><strong><strong>\u00a1Conoce el canal de Grande Pr\u00eamio en Espa\u00f1ol en\u00a0<a href=\"https:\/\/www.youtube.com\/channel\/UCDxWojGVUi9gWYhrY0pGbIQ\" target=\"_blank\" rel=\"noreferrer noopener\">YouTube<\/a>!<br>\u00a1Sigue a\u00a0Grande Pr\u00eamio en Espa\u00f1ol\u00a0en\u00a0<a href=\"https:\/\/twitter.com\/grandepremioES\" target=\"_blank\" rel=\"noreferrer noopener\">Twitter\u00a0<\/a>y en\u00a0<a href=\"https:\/\/www.instagram.com\/grandepremioes\/\" target=\"_blank\" rel=\"noreferrer noopener\">Instagram<\/a>!<\/strong><\/strong><\/p>\n\n\n\n<figure class=\"wp-block-image size-large\"><img decoding=\"async\" src=\"https:\/\/www.grandepremio.com\/br\/wp-content\/uploads\/2022\/04\/M277694-1024x683.jpg\" alt=\"\" class=\"wp-image-559336\"\/><figcaption>\u00bfRicciardo en Mercedes? Toto Wolff no se moj\u00f3 (Foto: Mercedes AMG-F1\/Steve Etherington)<\/figcaption><\/figure>\n\n\n\n<p class=\"wp-block-paragraph\">Para la formaci\u00f3n alemana, tendr\u00eda sentido traer a <strong>Ricciardo<\/strong> al equipo. Mercedes se encuentra sin un tercer piloto de reserva en este momento, ya que<strong> Nyck de Vries<\/strong> ha cerrado un acuerdo con <strong>AlphaTauri<\/strong> y <strong>Stoffel Vandoorne<\/strong> se ha pasado a <strong>Aston Martin<\/strong>. A\u00fan con la experiencia del australiano, algo demandado en el equipo, <strong>Wolff<\/strong> asegur\u00f3 que no hay nada concreto.<\/p>\n\n\n\n<p class=\"wp-block-paragraph\">\u201cA nosotros nos gusta mucho y es una gran persona, pero todav\u00eda no estamos en condiciones de decidir qui\u00e9n ser\u00e1 nuestro reserva y nuestro tercer piloto. Ha estado en <strong>F1<\/strong> durante mucho tiempo, sabe mucho sobre estos coches, por lo que realmente puede ser ventajoso. Pero no quiero dejar rumores en el aire, porque a\u00fan no lo hemos decidido\u201d, a\u00f1adi\u00f3 el m\u00e1ximo responsable de las Flechas de Plata.<\/p>\n","protected":false},"excerpt":{"rendered":"<p>El jefe de Mercedes, Toto Wolff, elogi\u00f3 la experiencia y dijo que le &#8220;gusta mucho&#8221; Daniel Ricciardo, pero evit\u00f3 hablar de la llegada del piloto como reserva para la F1 2023.<\/p>\n","protected":false},"author":0,"featured_media":1010092613,"comment_status":"closed","ping_status":"closed","sticky":false,"template":"","format":"standard","meta":{"42wp_featured_image_caption":"","42wp_featured_image_credits":"","42wp_featured_video":"","42wp_featured_image_hidden":false,"42wp_authors_list":[],"footnotes":""},"categories":[5],"tags":[365,181,1495,3384,179,2236,3438,2237,199,269,197,1138,206,3672,569],"42wp_author":[14233],"class_list":["post-21042","post","type-post","status-publish","format-standard","has-post-thumbnail","hentry","category-f1","tag-daniel-ricciardo","tag-f1","tag-f1-2022","tag-fichaje","tag-formula-1","tag-grande-premio-2","tag-grande-premio-en-espanol","tag-grandepremio","tag-lewis-hamilton","tag-mclaren","tag-mercedes","tag-piloto-reserva","tag-red-bull","tag-tercer-piloto","tag-toto-wolff","42wp_author-eric-calduch"],"_links":{"self":[{"href":"https:\/\/grandepremio.com\/es\/wp-json\/wp\/v2\/posts\/21042","targetHints":{"allow":["GET"]}}],"collection":[{"href":"https:\/\/grandepremio.com\/es\/wp-json\/wp\/v2\/posts"}],"about":[{"href":"https:\/\/grandepremio.com\/es\/wp-json\/wp\/v2\/types\/post"}],"replies":[{"embeddable":true,"href":"https:\/\/grandepremio.com\/es\/wp-json\/wp\/v2\/comments?post=21042"}],"version-history":[{"count":0,"href":"https:\/\/grandepremio.com\/es\/wp-json\/wp\/v2\/posts\/21042\/revisions"}],"wp:featuredmedia":[{"embeddable":true,"href":"https:\/\/grandepremio.com\/es\/wp-json\/wp\/v2\/media\/1010092613"}],"wp:attachment":[{"href":"https:\/\/grandepremio.com\/es\/wp-json\/wp\/v2\/media?parent=21042"}],"wp:term":[{"taxonomy":"category","embeddable":true,"href":"https:\/\/grandepremio.com\/es\/wp-json\/wp\/v2\/categories?post=21042"},{"taxonomy":"post_tag","embeddable":true,"href":"https:\/\/grandepremio.com\/es\/wp-json\/wp\/v2\/tags?post=21042"},{"taxonomy":"42wp_author","embeddable":true,"href":"https:\/\/grandepremio.com\/es\/wp-json\/wp\/v2\/42wp_author?post=21042"}],"curies":[{"name":"wp","href":"https:\/\/api.w.org\/{rel}","templated":true}]}}