{"id":21087,"date":"2022-10-30T21:38:52","date_gmt":"2022-10-31T00:38:52","guid":{"rendered":"https:\/\/grandepremio.com\/es\/2022\/10\/30\/sergio-perez-lamenta-mal-pitstop-mexico\/"},"modified":"2022-10-30T21:38:54","modified_gmt":"2022-10-31T00:38:54","slug":"sergio-perez-lamenta-mal-pitstop-mexico","status":"publish","type":"post","link":"https:\/\/grandepremio.com\/es\/f1\/sergio-perez-lamenta-mal-pitstop-mexico\/","title":{"rendered":"P\u00e9rez lamenta mal pitstop y ve &#8220;bien&#8221; el tercer puesto en el GP de Ciudad de M\u00e9xico"},"content":{"rendered":"\n<p class=\"wp-block-paragraph\"><strong>Sergio P\u00e9rez<\/strong> volvi\u00f3 a subir al podio en el <strong><a href=\"https:\/\/grandepremio.com\/es\/\/f1\/max-verstappen-14a-victoria-record-f1\/\">GP de Ciudad de M\u00e9xico<\/a><\/strong> este domingo para deleite de los aficionados en el <strong>Aut\u00f3dromo Hermanos Rodr\u00edguez<\/strong>. El piloto de <strong>Red Bull<\/strong> sali\u00f3 cuarto y super\u00f3 a <strong>George Russell<\/strong> en la salida para situarse en tercera posici\u00f3n, donde se mantuvo durante toda la carrera. <strong>Max Verstappen<\/strong> gan\u00f3 la carrera, <a href=\"https:\/\/grandepremio.com\/es\/\/f1\/max-verstappen-14a-victoria-record-f1\/\">batiendo el r\u00e9cord de victorias<\/a> en una sola temporada en la <strong>F\u00f3rmula 1<\/strong>.<\/p>\n\n\n\n<p class=\"wp-block-paragraph\">P\u00e9rez se acerc\u00f3 a <strong>Lewis Hamilton<\/strong> en la segunda mitad de la carrera, pero no pudo montar un intento de adelantamiento al piloto de <strong>Mercedes<\/strong>. Poco despu\u00e9s de la carrera, el mexicano lament\u00f3 la mala parada en boxes y explic\u00f3 las dificultades para seguir al siete veces campe\u00f3n.<\/p>\n\n\n\n<p class=\"wp-block-paragraph\"><strong><strong>\u00a1Conoce el canal de Grande Pr\u00eamio en Espa\u00f1ol en\u00a0<a href=\"https:\/\/www.youtube.com\/channel\/UCDxWojGVUi9gWYhrY0pGbIQ\" target=\"_blank\" rel=\"noreferrer noopener\">YouTube<\/a>!<br>\u00a1Sigue a\u00a0Grande Pr\u00eamio en Espa\u00f1ol\u00a0en\u00a0<a href=\"https:\/\/twitter.com\/grandepremioES\" target=\"_blank\" rel=\"noreferrer noopener\">Twitter\u00a0<\/a>y en\u00a0<a href=\"https:\/\/www.instagram.com\/grandepremioes\/\" target=\"_blank\" rel=\"noreferrer noopener\">Instagram<\/a>!<\/strong><\/strong><\/p>\n\n\n\n<figure class=\"wp-block-image size-large\"><img decoding=\"async\" src=\"https:\/\/grandepremio.com\/es\/\/wp-content\/uploads\/2022\/10\/SI202210310107-1024x683.jpg\" alt=\"\" class=\"wp-image-92196\"\/><figcaption>P\u00e9rez subi\u00f3 al podio por segunda vez consecutiva en su carrera de casa (Foto: Red Bull Content Pool)<\/figcaption><\/figure>\n\n\n\n<p class=\"wp-block-paragraph\">&#8220;Lo he dado todo. Al principio, empuj\u00e9 con fuerza. Tuvimos un mal pitstop, lo que nos quit\u00f3 la oportunidad de reducir a Lewis [Hamilton]. Adelantar fue dif\u00edcil porque una vez que me acerqu\u00e9 a \u00e9l era dif\u00edcil seguirlo, as\u00ed que tuve que quedarme tercero&#8221;, explic\u00f3 <strong>&#8216;Checo&#8217;<\/strong> tras el GP de Ciudad de M\u00e9xico.<\/p>\n\n\n\n<p class=\"wp-block-paragraph\">&#8220;Pens\u00e9 que estar\u00edamos m\u00e1s cerca. Hoy no ha funcionado, pero el tercer puesto est\u00e1 bien por hoy, seguimos en el podio&#8221;, dijo P\u00e9rez, que fue aclamado por la grada por el podio.<\/p>\n\n\n\n<p class=\"wp-block-paragraph\">El resultado devuelve al piloto mexicano a la segunda posici\u00f3n del <strong>Mundial de Pilotos<\/strong>, con 280 puntos, cinco m\u00e1s que <strong>Charles Leclerc<\/strong>, de <strong>Ferrari<\/strong>. La F\u00f3rmula 1 prosigue dentro de quince d\u00edas, entre el 11 y el 13 de noviembre, con el <strong>GP de S\u00e3o Paulo<\/strong>. <strong>GRANDE PR\u00caMIO<\/strong> sigue <strong>&#8216;IN LOCO&#8217;<\/strong> todas las actividades en el circuito de <strong>Interlagos<\/strong>.<\/p>\n","protected":false},"excerpt":{"rendered":"<p>Sergio P\u00e9rez subi\u00f3 al podio por segundo a\u00f1o consecutivo en su carrera de casa, en M\u00e9xico, pero lament\u00f3 no haber podido establecer un adelantamiento a Lewis Hamilton.<\/p>\n","protected":false},"author":0,"featured_media":1010092191,"comment_status":"closed","ping_status":"closed","sticky":false,"template":"","format":"standard","meta":{"42wp_featured_image_caption":"","42wp_featured_image_credits":"","42wp_featured_video":"","42wp_featured_image_hidden":false,"42wp_authors_list":[],"footnotes":""},"categories":[5],"tags":[1826,1519,181,1495,179,1819,1488,2237,249,206,294],"42wp_author":[14234],"class_list":["post-21087","post","type-post","status-publish","format-standard","has-post-thumbnail","hentry","category-f1","tag-autodromo-hermanos-rodriguez","tag-clasificacion-f1","tag-f1","tag-f1-2022","tag-formula-1","tag-gp-de-ciudad-de-mexico","tag-grande-premio","tag-grandepremio","tag-max-verstappen","tag-red-bull","tag-sergio-perez","42wp_author-douglas-rocha"],"_links":{"self":[{"href":"https:\/\/grandepremio.com\/es\/wp-json\/wp\/v2\/posts\/21087","targetHints":{"allow":["GET"]}}],"collection":[{"href":"https:\/\/grandepremio.com\/es\/wp-json\/wp\/v2\/posts"}],"about":[{"href":"https:\/\/grandepremio.com\/es\/wp-json\/wp\/v2\/types\/post"}],"replies":[{"embeddable":true,"href":"https:\/\/grandepremio.com\/es\/wp-json\/wp\/v2\/comments?post=21087"}],"version-history":[{"count":0,"href":"https:\/\/grandepremio.com\/es\/wp-json\/wp\/v2\/posts\/21087\/revisions"}],"wp:featuredmedia":[{"embeddable":true,"href":"https:\/\/grandepremio.com\/es\/wp-json\/wp\/v2\/media\/1010092191"}],"wp:attachment":[{"href":"https:\/\/grandepremio.com\/es\/wp-json\/wp\/v2\/media?parent=21087"}],"wp:term":[{"taxonomy":"category","embeddable":true,"href":"https:\/\/grandepremio.com\/es\/wp-json\/wp\/v2\/categories?post=21087"},{"taxonomy":"post_tag","embeddable":true,"href":"https:\/\/grandepremio.com\/es\/wp-json\/wp\/v2\/tags?post=21087"},{"taxonomy":"42wp_author","embeddable":true,"href":"https:\/\/grandepremio.com\/es\/wp-json\/wp\/v2\/42wp_author?post=21087"}],"curies":[{"name":"wp","href":"https:\/\/api.w.org\/{rel}","templated":true}]}}