{"id":21094,"date":"2022-10-30T00:49:55","date_gmt":"2022-10-30T03:49:55","guid":{"rendered":"https:\/\/grandepremio.com\/es\/2022\/10\/30\/lewis-hamilton-provoca-fernando-alonso-2007-mclaren\/"},"modified":"2022-10-30T00:49:57","modified_gmt":"2022-10-30T03:49:57","slug":"lewis-hamilton-provoca-fernando-alonso-2007-mclaren","status":"publish","type":"post","link":"https:\/\/grandepremio.com\/es\/f1\/lewis-hamilton-provoca-fernando-alonso-2007-mclaren\/","title":{"rendered":"Hamilton contesta a declaraciones y provoca a Alonso con foto de podio de 2007 en McLaren"},"content":{"rendered":"\n<p class=\"wp-block-paragraph\">Lewis Hamilton ha decidido no guardar nada ni evitar conflictos. Despu\u00e9s de que una entrevista de Fernando Alonso al diario holand\u00e9s De Telegraaf ganara repercusi\u00f3n despu\u00e9s de que <a href=\"https:\/\/grandepremio.com\/es\/\/f1\/fernando-alonso-menos-valortitulos-lewis-hamilton-max-verstappen-f1\/\">el espa\u00f1ol afirmara que los t\u00edtulos de Max Verstappen eran m\u00e1s valiosos que los del brit\u00e1nico<\/a>, el heptacampe\u00f3n utiliz\u00f3 las redes sociales para rebatir la afirmaci\u00f3n.<\/p>\n\n\n\n<p class=\"wp-block-paragraph\">Lewis public\u00f3 una foto del podio del GP de Estados Unidos de 2007. En aquella ocasi\u00f3n, el entonces novato se impuso a Alonso, su compa\u00f1ero de equipo, para lograr su segunda victoria en su trayectoria. La carrera estuvo marcada, con raz\u00f3n, por el inicio de una guerra interna entre ellos en McLaren.<\/p>\n\n\n\n<p class=\"wp-block-paragraph\">Hamilton sali\u00f3 desde la pole y tuvo la carrera bajo control hasta la vuelta 37, cuando Fernando se acerc\u00f3. El espa\u00f1ol intent\u00f3 una maniobra por fuera pero no pudo completarla. El Pr\u00edncipe de Asturias se acerc\u00f3 al muro de boxes en la siguiente vuelta, quej\u00e1ndose de la defensa de su compa\u00f1ero de equipo.<\/p>\n\n\n\n<figure class=\"wp-block-embed is-type-rich is-provider-twitter wp-block-embed-twitter\"><div class=\"wp-block-embed__wrapper\">\n<blockquote class=\"twitter-tweet\" data-width=\"500\" data-dnt=\"true\"><p lang=\"qme\" dir=\"ltr\">\ud83d\udc4d\ud83c\udffe <a href=\"https:\/\/t.co\/8L8W5j0gld\">pic.twitter.com\/8L8W5j0gld<\/a><\/p>&mdash; Lewis Hamilton (@LewisHamilton) <a href=\"https:\/\/x.com\/LewisHamilton\/status\/1586530083543842816?ref_src=twsrc%5Etfw\">October 30, 2022<\/a><\/blockquote><script async src=\"https:\/\/platform.x.com\/widgets.js\" charset=\"utf-8\"><\/script>\n<\/div><\/figure>\n\n\n\n<p class=\"wp-block-paragraph\">Finalmente, Alonso dej\u00f3 McLaren al final de esa temporada. La lucha interna con el siete veces campe\u00f3n prepar\u00f3 el camino para un sorprendente t\u00edtulo de Kimi R\u00e4ikk\u00f6nen con Ferrari en 2007.<\/p>\n\n\n\n<p class=\"wp-block-paragraph\">&#8220;Siento un gran respeto por Lewis, pero es diferente ganar siete campeonatos cuando s\u00f3lo tienes que luchar contra tu compa\u00f1ero de equipo&#8221;, dijo Alonso en la entrevista con De Telegraaf. &#8220;Por eso creo que un t\u00edtulo as\u00ed tiene menos valor que cuando tienes menos campeonatos, pero has tenido que luchar contra rivales con equipos iguales o mejores que el tuyo&#8221;, explic\u00f3.<\/p>\n\n\n\n<p class=\"wp-block-paragraph\"><strong><strong>\u00a1Conoce el canal de Grande Pr\u00eamio en Espa\u00f1ol en\u00a0<a href=\"https:\/\/www.youtube.com\/channel\/UCDxWojGVUi9gWYhrY0pGbIQ\" target=\"_blank\" rel=\"noreferrer noopener\">YouTube<\/a>!<br>\u00a1Sigue a\u00a0Grande Pr\u00eamio en Espa\u00f1ol\u00a0en\u00a0<a href=\"https:\/\/twitter.com\/grandepremioES\" target=\"_blank\" rel=\"noreferrer noopener\">Twitter\u00a0<\/a>y en\u00a0<a href=\"https:\/\/www.instagram.com\/grandepremioes\/\" target=\"_blank\" rel=\"noreferrer noopener\">Instagram<\/a>!<\/strong><\/strong><\/p>\n\n\n\n<figure class=\"wp-block-image size-large\"><img decoding=\"async\" src=\"https:\/\/www.grandepremio.com\/br\/wp-content\/uploads\/2022\/10\/alpine-fernandoalonso-02-3-1024x683.jpg\" alt=\"\" class=\"wp-image-621005\"\/><figcaption>Fernando Alonso vuelve a verse envuelto en una pol\u00e9mica con Hamilton (Foto: Alpine)<\/figcaption><\/figure>\n\n\n\n<p class=\"wp-block-paragraph\">Alonso cit\u00f3 entonces su propio ejemplo en los dos a\u00f1os que fue campe\u00f3n con Renault. En su primer campeonato, en 2005, el actual piloto alpino tuvo una temporada dominante, liderando desde el principio, y levant\u00f3 el t\u00edtulo en el GP de Brasil, dos carreras antes del final de la temporada. La disputa contra Ferrari de Schumacher se prolong\u00f3 hasta la \u00faltima carrera en 2006, casualmente tambi\u00e9n en Sao Paulo.<\/p>\n\n\n\n<p class=\"wp-block-paragraph\">&#8220;En 2005 y 2006, empec\u00e9 bien la temporada y consegu\u00ed crear una ventaja. Tal vez los dem\u00e1s ten\u00edan mejores coches, pero logr\u00e9 gestionar esa ventaja&#8221;, dijo Alonso, que en ese momento compart\u00eda los boxes de Renault con Giancarlo Fisichella.<\/p>\n\n\n\n<p class=\"wp-block-paragraph\">&#8220;Nunca luch\u00e9 por esos t\u00edtulos contra mis compa\u00f1eros de equipo, al igual que nunca vi a Max luchar contra [Sergio] P\u00e9rez o [Alexander] Albon para ganar carreras. Pero Schumacher, en particular, se enfrent\u00f3 a su compa\u00f1ero de equipo para ganar cinco Mundiales seguidos, y Hamilton luch\u00f3 contra [Nico] Rosberg y [Valtteri] Bottas. Creo que es diferente&#8221;, continu\u00f3.<\/p>\n\n\n\n<figure class=\"wp-block-image size-full\"><img decoding=\"async\" src=\"https:\/\/www.grandepremio.com\/br\/wp-content\/uploads\/2022\/09\/imagem_2022-09-01_121356522.png\" alt=\"\" class=\"wp-image-608554\"\/><figcaption>Alonso se hab\u00eda reconciliado con Hamilton tras un incidente en el GP de B\u00e9lgica (Foto: Mercedes)<\/figcaption><\/figure>\n\n\n\n<p class=\"wp-block-paragraph\">En cuanto la entrevista tuvo eco, Alonso utiliz\u00f3 las redes sociales para aclarar que consideraba &#8220;todos los t\u00edtulos incomparables&#8221; y acus\u00f3 adem\u00e1s a la publicaci\u00f3n de sensacionalismo. &#8220;Y una vez m\u00e1s: todos los t\u00edtulos son incre\u00edbles, merecidos e inspiradores. Incomparables entre s\u00ed, disfrutemos de los campeones y las leyendas de nuestro tiempo. Cansado de la continua b\u00fasqueda de titulares. Disfrutemos de ellos&#8221;, escribi\u00f3 el piloto en su cuenta oficial de Twitter.<\/p>\n\n\n\n<p class=\"wp-block-paragraph\">No era la primera vez esta temporada que ambos ten\u00edan un desacuerdo. En el GP de B\u00e9lgica, Hamilton provoc\u00f3 una colisi\u00f3n con el espa\u00f1ol en la primera vuelta, y vio c\u00f3mo <a href=\"https:\/\/grandepremio.com\/es\/\/f1\/alonso-idiota-hamilton-accidente\/\">Alonso le llamaba idiota y afirmaba por radio que &#8220;s\u00f3lo sab\u00eda ganar cuando sal\u00eda primero&#8221;<\/a>. Incluso despu\u00e9s de que <a href=\"https:\/\/grandepremio.com\/es\/\/f1\/lewis-hamilton-culpa-choque-fernando-alonso-belgica\/\">el heptacampe\u00f3n asumiera la culpa<\/a>, el espa\u00f1ol volvi\u00f3 a ironizar sobre el incidente, <a href=\"https:\/\/grandepremio.com\/es\/\/f1\/alonso-choque-hamilton-rosberg-2014\/\">recordando un choque con Rosberg en 2014<\/a>.<\/p>\n\n\n\n<p class=\"wp-block-paragraph\">Los dos llegaron a reconciliarse, y el bicampe\u00f3n culp\u00f3 a la prensa de la gran repercusi\u00f3n. <a href=\"https:\/\/grandepremio.com\/es\/\/f1\/fernando-alonso-gorra-firmada-lewis-hamilton\/\">Lewis regal\u00f3 a Alonso una gorra autografiada<\/a> para sellar la paz, que no dur\u00f3 mucho.<\/p>\n","protected":false},"excerpt":{"rendered":"<p>Horas despu\u00e9s de que Fernando Alonso dijera que ve\u00eda m\u00e1s valor en los t\u00edtulos de Max Verstappen que en los de Lewis Hamilton, el heptacampe\u00f3n public\u00f3 en su cuenta de Twitter una foto en la que aparece el primero en el podio, consolando al segundo clasificado Alonso, en el GP de Estados Unidos de 2007, cuando ambos eran compa\u00f1eros de McLaren.<\/p>\n","protected":false},"author":0,"featured_media":1010091866,"comment_status":"closed","ping_status":"closed","sticky":false,"template":"","format":"standard","meta":{"42wp_featured_image_caption":"","42wp_featured_image_credits":"","42wp_featured_video":"","42wp_featured_image_hidden":false,"42wp_authors_list":[],"footnotes":""},"categories":[5],"tags":[678,181,2536,1495,184,179,1750,1488,2237,199,249,197,206],"42wp_author":[14234],"class_list":["post-21094","post","type-post","status-publish","format-standard","has-post-thumbnail","hentry","category-f1","tag-alpine","tag-f1","tag-f1-2007","tag-f1-2022","tag-fernando-alonso","tag-formula-1","tag-gp-de-estados-unidos","tag-grande-premio","tag-grandepremio","tag-lewis-hamilton","tag-max-verstappen","tag-mercedes","tag-red-bull","42wp_author-douglas-rocha"],"_links":{"self":[{"href":"https:\/\/grandepremio.com\/es\/wp-json\/wp\/v2\/posts\/21094","targetHints":{"allow":["GET"]}}],"collection":[{"href":"https:\/\/grandepremio.com\/es\/wp-json\/wp\/v2\/posts"}],"about":[{"href":"https:\/\/grandepremio.com\/es\/wp-json\/wp\/v2\/types\/post"}],"replies":[{"embeddable":true,"href":"https:\/\/grandepremio.com\/es\/wp-json\/wp\/v2\/comments?post=21094"}],"version-history":[{"count":0,"href":"https:\/\/grandepremio.com\/es\/wp-json\/wp\/v2\/posts\/21094\/revisions"}],"wp:featuredmedia":[{"embeddable":true,"href":"https:\/\/grandepremio.com\/es\/wp-json\/wp\/v2\/media\/1010091866"}],"wp:attachment":[{"href":"https:\/\/grandepremio.com\/es\/wp-json\/wp\/v2\/media?parent=21094"}],"wp:term":[{"taxonomy":"category","embeddable":true,"href":"https:\/\/grandepremio.com\/es\/wp-json\/wp\/v2\/categories?post=21094"},{"taxonomy":"post_tag","embeddable":true,"href":"https:\/\/grandepremio.com\/es\/wp-json\/wp\/v2\/tags?post=21094"},{"taxonomy":"42wp_author","embeddable":true,"href":"https:\/\/grandepremio.com\/es\/wp-json\/wp\/v2\/42wp_author?post=21094"}],"curies":[{"name":"wp","href":"https:\/\/api.w.org\/{rel}","templated":true}]}}