{"id":21106,"date":"2022-10-29T16:55:11","date_gmt":"2022-10-29T19:55:11","guid":{"rendered":"https:\/\/grandepremio.com\/es\/2022\/10\/29\/fernando-alonso-menos-valortitulos-lewis-hamilton-max-verstappen-f1\/"},"modified":"2022-10-29T16:55:13","modified_gmt":"2022-10-29T19:55:13","slug":"fernando-alonso-menos-valortitulos-lewis-hamilton-max-verstappen-f1","status":"publish","type":"post","link":"https:\/\/grandepremio.com\/es\/f1\/fernando-alonso-menos-valortitulos-lewis-hamilton-max-verstappen-f1\/","title":{"rendered":"Alonso ve &#8220;menos valor&#8221; en los t\u00edtulos de Hamilton que en los de Verstappen en la F1"},"content":{"rendered":"\n<p class=\"wp-block-paragraph\"><strong>Fernando Alonso<\/strong> es, sin duda, uno de los grandes nombres de la <strong>F\u00f3rmula 1<\/strong>, pero, de vez en cuando, el espa\u00f1ol es noticia por unas declaraciones pol\u00e9micas. Esta vez, el bicampe\u00f3n decidi\u00f3 comparar los logros de <strong>Lewis Hamilton<\/strong> y <strong>Max Verstappen<\/strong> y dijo que, aunque en menor cantidad, los t\u00edtulos del holand\u00e9s tienen un mayor valor en comparaci\u00f3n con los del siete veces campe\u00f3n.<\/p>\n\n\n\n<p class=\"wp-block-paragraph\">La entrevista de Alonso fue concedida al peri\u00f3dico holand\u00e9s <strong>De Telegraaf<\/strong>. En opini\u00f3n del asturiano, tanto Lewis como otro gran rival de sus inicios en la F1, <strong>Michael Schumache<\/strong>r, ten\u00edan coches dominantes y s\u00f3lo compet\u00edan contra sus propios compa\u00f1eros, que tambi\u00e9n ten\u00edan el mismo equipamiento. Verstappen, por su parte, necesit\u00f3 vencer al propio Hamilton en otro equipo &#8211;<strong>Mercedes<\/strong>&#8211; para lograr su primer t\u00edtulo en la \u00e9lite del automovilismo mundial.<\/p>\n\n\n\n<p class=\"wp-block-paragraph\"><strong><strong><strong>\u00a1Conoce el canal de Grande Pr\u00eamio en Espa\u00f1ol en\u00a0<a href=\"https:\/\/www.youtube.com\/channel\/UCDxWojGVUi9gWYhrY0pGbIQ\" target=\"_blank\" rel=\"noreferrer noopener\">YouTube<\/a>!<br>\u00a1Sigue a\u00a0Grande Pr\u00eamio en Espa\u00f1ol\u00a0en\u00a0<a href=\"https:\/\/twitter.com\/grandepremioES\" target=\"_blank\" rel=\"noreferrer noopener\">Twitter\u00a0<\/a>y en\u00a0<a href=\"https:\/\/www.instagram.com\/grandepremioes\/\" target=\"_blank\" rel=\"noreferrer noopener\">Instagram<\/a>!<\/strong><\/strong><\/strong><\/p>\n\n\n\n<figure class=\"wp-block-image size-large\"><img decoding=\"async\" src=\"https:\/\/www.grandepremio.com\/br\/wp-content\/uploads\/2022\/10\/310970544_1041794336486870_156038340056135771_n-974x1024.jpg\" alt=\"\" class=\"wp-image-622239\"\/><figcaption>Alonso puso los t\u00edtulos de Verstappen por encima de los de Hamilton (Foto: Instagram\/Fernando Alonso)<\/figcaption><\/figure>\n\n\n\n<p class=\"wp-block-paragraph\">&#8220;Siento un gran respeto por Lewis, pero es diferente ganar siete campeonatos cuando s\u00f3lo tienes que luchar contra tu compa\u00f1ero de equipo&#8221;, coment\u00f3 Alonso. &#8220;Por eso creo que un t\u00edtulo as\u00ed tiene menos valor que cuando tienes menos campeonatos, pero has tenido que luchar contra rivales con un equipo igual o mejor que el tuyo&#8221;, a\u00f1adi\u00f3.<\/p>\n\n\n\n<p class=\"wp-block-paragraph\">Alonso cit\u00f3 entonces su propio ejemplo en los dos a\u00f1os que fue campe\u00f3n con <strong>Renault<\/strong>. En su primer campeonato, en 2005, el actual piloto de Alpine tuvo una temporada dominante, liderando desde el principio, y levant\u00f3 el t\u00edtulo en el <strong>GP de Brasil<\/strong>, dos carreras antes del final de la temporada. Un a\u00f1o despu\u00e9s, la disputa contra el <strong>Ferrari<\/strong> de Schumacher se prolong\u00f3 hasta la \u00faltima carrera, casualmente tambi\u00e9n en <strong>Sao Paulo<\/strong>.<\/p>\n\n\n\n<p class=\"wp-block-paragraph\"><strong>VER TAMBI\u00c9N<br><a href=\"https:\/\/grandepremio.com\/es\/\/f1\/fernando-alonso-mexico-reto-altitud\/\">Alonso ve a M\u00e9xico como un \u00abreto\u00bb pero conf\u00eda en un \u00bb resultado fuerte\u00bb en la clasificaci\u00f3n<\/a><br><a href=\"https:\/\/grandepremio.com\/es\/\/f1\/fernando-alonso-condena-ataques-comisaria-fia\/\">Alonso condena ataques a la comisaria de la FIA responsable de su sanci\u00f3n: \u00abInaceptable\u00bb<\/a><br><a href=\"https:\/\/grandepremio.com\/es\/\/f1\/alpine-gana-protesta-fia-anula-sancion-alonso-eeuu\/\">Alpine gana la protesta, la FIA anula sanci\u00f3n y devuelve a Alonso el 7\u00ba puesto del GP de EEUU<\/a><\/strong><\/p>\n\n\n\n<p class=\"wp-block-paragraph\">&#8220;En 2005 y 2006, empec\u00e9 bien la temporada y consegu\u00ed crear una ventaja. Tal vez los dem\u00e1s ten\u00edan mejores coches, pero logr\u00e9 gestionar esa ventaja&#8221;, dijo Alonso, que en ese momento compart\u00eda los boxes de Renault con Giancarlo Fisichella.<\/p>\n\n\n\n<p class=\"wp-block-paragraph\">&#8220;Nunca luch\u00e9 por esos t\u00edtulos contra mis compa\u00f1eros de equipo, al igual que nunca vi a Max luchar contra [<strong>Sergio<\/strong>] <strong>P\u00e9rez<\/strong> o [<strong>Alexander<\/strong>] <strong>Albon<\/strong> para ganar carreras. Pero Schumacher, en particular, se enfrent\u00f3 a su compa\u00f1ero de equipo para ganar cinco Mundiales seguidos, y Hamilton luch\u00f3 contra [<strong>Nico<\/strong>] <strong>Rosberg<\/strong> y [<strong>Valtteri<\/strong>] <strong>Bottas<\/strong>. Creo que es diferente&#8221;, continu\u00f3.<\/p>\n\n\n\n<p class=\"wp-block-paragraph\">Sobre Verstappen, Alonso ya declar\u00f3 que es un admirador del ahora tambi\u00e9n bicampe\u00f3n, pero destac\u00f3 que a\u00fan no ha tenido la oportunidad de luchar por un t\u00edtulo contra \u00e9l. &#8220;Apenas luchamos entre nosotros, en realidad. Me gusta luchar contra los mejores, y Max es uno de ellos&#8221;, subray\u00f3.<\/p>\n\n\n\n<p class=\"wp-block-paragraph\">&#8220;He tenido la suerte de enfrentarme a <strong>Sebastian Vettel<\/strong>, Lewis Hamilton y Michael Schumacher, pero nunca he tenido la oportunidad de luchar contra Max. Esperemos que eso ocurra en los pr\u00f3ximos a\u00f1os, cuando est\u00e9 en Aston Martin&#8221;, finaliz\u00f3 el espa\u00f1ol.<\/p>\n\n\n\n<p class=\"wp-block-paragraph\">En cuanto la entrevista tuvo eco, Alonso utiliz\u00f3 las redes sociales para aclarar que consideraba &#8220;todos los t\u00edtulos incomparables&#8221;. Adem\u00e1s, acus\u00f3 a la publicaci\u00f3n de sensacionalismo. &#8220;Y una vez m\u00e1s: todos los t\u00edtulos son incre\u00edbles, merecidos e inspiradores. Incomparables entre s\u00ed, disfrutemos de los campeones y las leyendas de nuestro tiempo. Cansado de la continua b\u00fasqueda de titulares. Disfrutemos de ellos&#8221;, expres\u00f3 el piloto en su cuenta oficial de Twitter.<\/p>\n\n\n\n<p class=\"wp-block-paragraph\"><strong><a href=\"https:\/\/grandepremio.com\/es\/\/f1\/horarios-gp-mexico-formula-1-2022\/\">\u00bfA qu\u00e9 hora se corre el GP de Ciudad de M\u00e9xico de la\u00a0F\u00f3rmula 1\u00a02022?<\/a><\/strong><\/p>\n","protected":false},"excerpt":{"rendered":"<p>Fernando Alonso se\u00f1al\u00f3 que los \u00fanicos oponentes de Lewis Hamilton en el camino hacia su hepta en la F\u00f3rmula 1 fueron sus propios compa\u00f1eros de equipo, al igual que Michael Schumacher en sus d\u00edas dominantes con Ferrari.<\/p>\n","protected":false},"author":0,"featured_media":1010091805,"comment_status":"closed","ping_status":"closed","sticky":false,"template":"","format":"standard","meta":{"42wp_featured_image_caption":"","42wp_featured_image_credits":"","42wp_featured_video":"","42wp_featured_image_hidden":false,"42wp_authors_list":[],"footnotes":""},"categories":[5],"tags":[1826,181,1495,184,185,179,1819,1488,2237,199,249,197,188,206,3540],"42wp_author":[14234],"class_list":["post-21106","post","type-post","status-publish","format-standard","has-post-thumbnail","hentry","category-f1","tag-autodromo-hermanos-rodriguez","tag-f1","tag-f1-2022","tag-fernando-alonso","tag-ferrari","tag-formula-1","tag-gp-de-ciudad-de-mexico","tag-grande-premio","tag-grandepremio","tag-lewis-hamilton","tag-max-verstappen","tag-mercedes","tag-michael-schumacher","tag-red-bull","tag-verstappen-bicampeon","42wp_author-douglas-rocha"],"_links":{"self":[{"href":"https:\/\/grandepremio.com\/es\/wp-json\/wp\/v2\/posts\/21106","targetHints":{"allow":["GET"]}}],"collection":[{"href":"https:\/\/grandepremio.com\/es\/wp-json\/wp\/v2\/posts"}],"about":[{"href":"https:\/\/grandepremio.com\/es\/wp-json\/wp\/v2\/types\/post"}],"replies":[{"embeddable":true,"href":"https:\/\/grandepremio.com\/es\/wp-json\/wp\/v2\/comments?post=21106"}],"version-history":[{"count":0,"href":"https:\/\/grandepremio.com\/es\/wp-json\/wp\/v2\/posts\/21106\/revisions"}],"wp:featuredmedia":[{"embeddable":true,"href":"https:\/\/grandepremio.com\/es\/wp-json\/wp\/v2\/media\/1010091805"}],"wp:attachment":[{"href":"https:\/\/grandepremio.com\/es\/wp-json\/wp\/v2\/media?parent=21106"}],"wp:term":[{"taxonomy":"category","embeddable":true,"href":"https:\/\/grandepremio.com\/es\/wp-json\/wp\/v2\/categories?post=21106"},{"taxonomy":"post_tag","embeddable":true,"href":"https:\/\/grandepremio.com\/es\/wp-json\/wp\/v2\/tags?post=21106"},{"taxonomy":"42wp_author","embeddable":true,"href":"https:\/\/grandepremio.com\/es\/wp-json\/wp\/v2\/42wp_author?post=21106"}],"curies":[{"name":"wp","href":"https:\/\/api.w.org\/{rel}","templated":true}]}}