{"id":21127,"date":"2022-10-28T07:00:00","date_gmt":"2022-10-28T10:00:00","guid":{"rendered":"https:\/\/grandepremio.com\/es\/2022\/10\/28\/lewis-hamilton-derrota-decepcion-abu-dhabi-2021-me-destrozo-el-alma\/"},"modified":"2022-10-28T14:26:09","modified_gmt":"2022-10-28T17:26:09","slug":"lewis-hamilton-derrota-decepcion-abu-dhabi-2021-me-destrozo-el-alma","status":"publish","type":"post","link":"https:\/\/grandepremio.com\/es\/f1\/lewis-hamilton-derrota-decepcion-abu-dhabi-2021-me-destrozo-el-alma\/","title":{"rendered":"Hamilton recuerda derrota y su decepci\u00f3n en Abu Dhabi en 2021: &#8220;Me destroz\u00f3 el alma&#8221;"},"content":{"rendered":"\n<p class=\"wp-block-paragraph\"><strong>Lewis Hamilton<\/strong> ha asegurado que tiene la intenci\u00f3n de permanecer en <strong>Mercedes<\/strong> durante unos a\u00f1os. Con contrato hasta finales de 2023, el heptacampe\u00f3n del mundo volvi\u00f3 a hablar de la pol\u00e9mica decisi\u00f3n de la temporada 2021 de la F\u00f3rmula 1, cuando fue adelantado por <strong>Max Verstappen<\/strong> en la \u00faltima vuelta del <strong>GP de Abu Dhabi<\/strong> y vio c\u00f3mo se le escapaba el t\u00edtulo.<\/p>\n\n\n\n<p class=\"wp-block-paragraph\">En declaraciones a los periodistas brit\u00e1nicos durante el fin de semana del <strong>GP de Estados Unidos<\/strong>, Hamilton asegur\u00f3 que no ha perdido su pasi\u00f3n por el deporte y que la decepci\u00f3n generada por la derrota s\u00f3lo se debi\u00f3 a la forma en que se produjo. En ese momento, el director de carrera <strong>Michael Masi<\/strong> autoriz\u00f3 una reanudaci\u00f3n en la \u00faltima vuelta de la carrera sin que todos los pilotos rezagados pudieran cobrar sus vueltas, seleccionando s\u00f3lo las de Lewis y Max. Con el enfrentamiento creado, el holand\u00e9s consigui\u00f3 adelantar y levant\u00f3 el t\u00edtulo.<\/p>\n\n\n\n<p class=\"wp-block-paragraph\">&#8220;Parece que fue hace a\u00f1os. Fue algo que me destroz\u00f3 el alma. \u00bfRealmente no volver\u00eda? No soy de los que se rinden as\u00ed. Lo que realmente me doli\u00f3 fue creer que el deporte iba a hacer algo as\u00ed, que iba a pasar, ya que hay mucha gente en la que conf\u00edas&#8221;, coment\u00f3 Lewis, que tras la decisi\u00f3n ha estado ausente de las redes sociales durante casi dos meses, lo que hace dudar de su seguimiento en la F\u00f3rmula 1.<\/p>\n\n\n\n<p class=\"wp-block-paragraph\"><strong>\u00a1Conoce el canal de Grande Pr\u00eamio en Espa\u00f1ol en&nbsp;<a href=\"https:\/\/www.youtube.com\/channel\/UCDxWojGVUi9gWYhrY0pGbIQ\" target=\"_blank\" rel=\"noreferrer noopener\">YouTube<\/a>!<br>\u00a1Sigue a&nbsp;Grande Pr\u00eamio en Espa\u00f1ol&nbsp;en&nbsp;<a href=\"https:\/\/twitter.com\/grandepremioES\" target=\"_blank\" rel=\"noreferrer noopener\">Twitter&nbsp;<\/a>y en&nbsp;<a href=\"https:\/\/www.instagram.com\/grandepremioes\/\" target=\"_blank\" rel=\"noreferrer noopener\">Instagram<\/a>!<\/strong><\/p>\n\n\n\n<figure class=\"wp-block-image size-large\"><img decoding=\"async\" src=\"https:\/\/www.grandepremio.com\/br\/wp-content\/uploads\/2021\/12\/redbull-maxverstappen-02-5-1024x683.jpg\" alt=\"\" class=\"wp-image-532116\"\/><figcaption>Max Verstappen adelant\u00f3 a Lewis Hamilton en la \u00faltima vuelta para conseguir el t\u00edtulo (Foto: Red Bull Content Pool)<\/figcaption><\/figure>\n\n\n\n<p class=\"wp-block-paragraph\">Una vez m\u00e1s, el multicampe\u00f3n reiter\u00f3 su frustraci\u00f3n por las acciones realizadas durante la carrera. &#8220;Uno espera que el trabajo se haga bien, y el cierre de un <strong>Campeonato Mundial<\/strong>, por el que tanta gente ha trabajado, viene por una decisi\u00f3n equivocada de alguien. Era la \u00fanica cosa. No era mi falta de amor por mi trabajo, mi equipo o las carreras. Fue literalmente eso. No se puede perder un campeonato por un error de la organizaci\u00f3n, eso fue lo \u00fanico que pens\u00e9&#8221;, reiter\u00f3.<\/p>\n\n\n\n<p class=\"wp-block-paragraph\">La pol\u00e9mica acab\u00f3 <a href=\"https:\/\/grandepremio.com\/es\/\/f1\/fia-anuncia-salida-de-michael-masi-como-director-de-carrera-de-la-formula-1\/\">cost\u00e1ndole el puesto a Masi<\/a>, que fue destituido como director de carrera de la F\u00f3rmula 1. Casi un a\u00f1o despu\u00e9s del incidente, Hamilton no cree que el australiano actuara de mala fe, sino que pudo ser maleable en la situaci\u00f3n.<\/p>\n\n\n\n<p class=\"wp-block-paragraph\">&#8220;No s\u00e9, parece que fue hace tanto tiempo. Creo que fue un error en la toma de decisiones. Seguro que hay ego de por medio, y algunas otras partes, gente que le habla al o\u00eddo. No siento que haya sido un objetivo particular&#8221;, concluy\u00f3.<\/p>\n\n\n\n<p class=\"wp-block-paragraph\">El <strong>GP de Ciudad de M\u00e9xico<\/strong> se celebra este fin de semana, entre el 28 y el 30 de octubre. Hamilton seguir\u00e1 buscando su primera victoria esta temporada.&nbsp;<strong>GRANDE PR\u00caMIO<\/strong>&nbsp;sigue todas las actividades del <strong>Aut\u00f3dromo Hermanos Rodr\u00edguez<\/strong>.<\/p>\n","protected":false},"excerpt":{"rendered":"<p>Lewis Hamilton record\u00f3 el final de la temporada 2021 y asegur\u00f3 que la \u00fanica decepci\u00f3n fue que la definici\u00f3n del t\u00edtulo provino de un error de la direcci\u00f3n de carrera.<\/p>\n","protected":false},"author":0,"featured_media":1010091413,"comment_status":"closed","ping_status":"closed","sticky":false,"template":"","format":"standard","meta":{"42wp_featured_image_caption":"","42wp_featured_image_credits":"","42wp_featured_video":"","42wp_featured_image_hidden":false,"42wp_authors_list":[],"footnotes":""},"categories":[5],"tags":[181,1495,2537,263,179,1884,2356,1488,2237,199,249,197,449,206],"42wp_author":[14234],"class_list":["post-21127","post","type-post","status-publish","format-standard","has-post-thumbnail","hentry","category-f1","tag-f1","tag-f1-2022","tag-federacion-internacional-del-automovil","tag-fia","tag-formula-1","tag-gp-de-abu-dhabi","tag-gp-de-abu-dhabi-2021","tag-grande-premio","tag-grandepremio","tag-lewis-hamilton","tag-max-verstappen","tag-mercedes","tag-michael-masi","tag-red-bull","42wp_author-douglas-rocha"],"_links":{"self":[{"href":"https:\/\/grandepremio.com\/es\/wp-json\/wp\/v2\/posts\/21127","targetHints":{"allow":["GET"]}}],"collection":[{"href":"https:\/\/grandepremio.com\/es\/wp-json\/wp\/v2\/posts"}],"about":[{"href":"https:\/\/grandepremio.com\/es\/wp-json\/wp\/v2\/types\/post"}],"replies":[{"embeddable":true,"href":"https:\/\/grandepremio.com\/es\/wp-json\/wp\/v2\/comments?post=21127"}],"version-history":[{"count":0,"href":"https:\/\/grandepremio.com\/es\/wp-json\/wp\/v2\/posts\/21127\/revisions"}],"wp:featuredmedia":[{"embeddable":true,"href":"https:\/\/grandepremio.com\/es\/wp-json\/wp\/v2\/media\/1010091413"}],"wp:attachment":[{"href":"https:\/\/grandepremio.com\/es\/wp-json\/wp\/v2\/media?parent=21127"}],"wp:term":[{"taxonomy":"category","embeddable":true,"href":"https:\/\/grandepremio.com\/es\/wp-json\/wp\/v2\/categories?post=21127"},{"taxonomy":"post_tag","embeddable":true,"href":"https:\/\/grandepremio.com\/es\/wp-json\/wp\/v2\/tags?post=21127"},{"taxonomy":"42wp_author","embeddable":true,"href":"https:\/\/grandepremio.com\/es\/wp-json\/wp\/v2\/42wp_author?post=21127"}],"curies":[{"name":"wp","href":"https:\/\/api.w.org\/{rel}","templated":true}]}}