{"id":21131,"date":"2022-10-27T14:18:23","date_gmt":"2022-10-27T17:18:23","guid":{"rendered":"https:\/\/grandepremio.com\/es\/2022\/10\/27\/mercedes-nuevo-aleron-delantero-mexico\/"},"modified":"2022-10-27T14:37:39","modified_gmt":"2022-10-27T17:37:39","slug":"mercedes-nuevo-aleron-delantero-mexico","status":"publish","type":"post","link":"https:\/\/grandepremio.com\/es\/f1\/mercedes-nuevo-aleron-delantero-mexico\/","title":{"rendered":"Mercedes confirma nuevo aler\u00f3n delantero en M\u00e9xico: &#8220;\u00daltima gran mejora del a\u00f1o&#8221;"},"content":{"rendered":"\n<p class=\"wp-block-paragraph\">Tras generar pol\u00e9mica por las actualizaciones promocionadas en el aler\u00f3n delantero para el <a href=\"https:\/\/grandepremio.com\/es\/\/categoria\/f1\/\" target=\"_blank\" rel=\"noreferrer noopener\">GP de Estados Unidos<\/a>, Mercedes termin\u00f3 optando por dejar la noticia para el resto del fin de semana en <strong>Austin<\/strong>, pero la escuder\u00eda alemana confirm\u00f3 que la parte estar\u00e1 en los coches de <strong>Lewis Hamilton<\/strong> y <strong>George Russell<\/strong> en M\u00e9xico. <strong>Andrew Shovlin<\/strong> dijo adem\u00e1s que esta ser\u00e1 la \u00faltima actualizaci\u00f3n importante del a\u00f1o para W13.<\/p>\n\n\n\n<p class=\"wp-block-paragraph\">Con motivo de la carrera americana, el director t\u00e9cnico de Mercedes, <strong>Mike Elliott<\/strong>, declar\u00f3 que el equipo no avanz\u00f3 en el uso del aler\u00f3n actualizado \u00fanicamente por la falta de tiempo para las pruebas en los entrenamientos libres -la segunda sesi\u00f3n del viernes fue dedicada a las pruebas de neum\u00e1ticos. &#8220;No tuvimos tiempo de evaluar&#8221;.<\/p>\n\n\n\n<p class=\"wp-block-paragraph\"><strong>\u00a1Conoce el canal de Grande Pr\u00eamio en Espa\u00f1ol en\u00a0<a href=\"https:\/\/www.youtube.com\/channel\/UCDxWojGVUi9gWYhrY0pGbIQ\" target=\"_blank\" rel=\"noreferrer noopener\">YouTube<\/a>!<br>\u00a1Sigue a\u00a0Grande Pr\u00eamio en Espa\u00f1ol\u00a0en\u00a0<a href=\"https:\/\/twitter.com\/grandepremioES\" target=\"_blank\" rel=\"noreferrer noopener\">Twitter\u00a0<\/a>y en\u00a0<a href=\"https:\/\/www.instagram.com\/grandepremioes\/\" target=\"_blank\" rel=\"noreferrer noopener\">Instagram<\/a>!<\/strong><\/p>\n\n\n\n<figure class=\"wp-block-image size-full\"><img decoding=\"async\" src=\"https:\/\/www.grandepremio.com\/br\/wp-content\/uploads\/2022\/10\/mercedes-lewishamilton-06-1.jpg\" alt=\"\" class=\"wp-image-626034\"\/><figcaption>Mercedes est\u00e1 trabajando en el coche de 2023 (Foto: Mercedes)<\/figcaption><\/figure>\n\n\n\n<p class=\"wp-block-paragraph\">En el video difundido en YouTube, <strong>Shovlin<\/strong> explic\u00f3 que los pilotos montar\u00e1n el nuevo aler\u00f3n el viernes. \u201cVerificaremos que todo funcione como se espera, ya que el plan en este momento es correr con esa ala\u201d.<\/p>\n\n\n\n<p class=\"wp-block-paragraph\">\u201cEsta es nuestra \u00faltima actualizaci\u00f3n importante, pero siempre hay piezas nuevas y m\u00e1s peque\u00f1as que estamos evaluando. Ya sea para obtener una peque\u00f1a ganancia de rendimiento o una mayor, como hemos aprendido mucho para la pr\u00f3xima temporada en esta prueba del a\u00f1o, algunas de esas partes son para que intentemos entender algunas direcciones de desarrollo que queremos entrar&#8221;, prosigui\u00f3 el director de ingenier\u00eda de pista, reiterando que este no ser\u00e1 \u201cel \u00faltimo cambio en el monoplaza\u201d.<\/p>\n\n\n\n<p class=\"wp-block-paragraph\">El trabajo de <strong>Mercedes<\/strong> ya est\u00e1 enfocado en 2023, y el equipo confirm\u00f3 adem\u00e1s en <strong>Austin<\/strong> que el proyecto del pr\u00f3ximo a\u00f1o ver\u00e1 cambios significativos en la carrocer\u00eda del coche. En palabras de <strong>Toto Wolff<\/strong>, ser\u00e1 un modelo \u201ccon otro ADN\u201d. Se espera que los cambios tengan lugar en las tomas de aire laterales, ya que el equipo ya hab\u00eda considerado abandonar el concepto de &#8216;cero-pod&#8217; este a\u00f1o despu\u00e9s de un comienzo turbulento de la temporada 2022.<\/p>\n","protected":false},"excerpt":{"rendered":"<p>Andrew Shovlin ha confirmado que los cambios previamente programados para Austin ser\u00e1n en los coches de George Russell y Lewis Hamilton durante el fin de semana de F\u00f3rmula 1 en M\u00e9xico.<\/p>\n","protected":false},"author":0,"featured_media":1010091388,"comment_status":"closed","ping_status":"closed","sticky":false,"template":"","format":"standard","meta":{"42wp_featured_image_caption":"","42wp_featured_image_credits":"","42wp_featured_video":"","42wp_featured_image_hidden":false,"42wp_authors_list":[],"footnotes":""},"categories":[5],"tags":[3635,3637,1411,1810,181,1495,179,1665,2236,3438,2237,3636,197,1166],"42wp_author":[14233],"class_list":["post-21131","post","type-post","status-publish","format-standard","has-post-thumbnail","hentry","category-f1","tag-actualizacion","tag-aleron-delantero","tag-andrew-shovlin","tag-ciudad-de-mexico","tag-f1","tag-f1-2022","tag-formula-1","tag-gp-de-mexico","tag-grande-premio-2","tag-grande-premio-en-espanol","tag-grandepremio","tag-mejora","tag-mercedes","tag-mexico","42wp_author-eric-calduch"],"_links":{"self":[{"href":"https:\/\/grandepremio.com\/es\/wp-json\/wp\/v2\/posts\/21131","targetHints":{"allow":["GET"]}}],"collection":[{"href":"https:\/\/grandepremio.com\/es\/wp-json\/wp\/v2\/posts"}],"about":[{"href":"https:\/\/grandepremio.com\/es\/wp-json\/wp\/v2\/types\/post"}],"replies":[{"embeddable":true,"href":"https:\/\/grandepremio.com\/es\/wp-json\/wp\/v2\/comments?post=21131"}],"version-history":[{"count":0,"href":"https:\/\/grandepremio.com\/es\/wp-json\/wp\/v2\/posts\/21131\/revisions"}],"wp:featuredmedia":[{"embeddable":true,"href":"https:\/\/grandepremio.com\/es\/wp-json\/wp\/v2\/media\/1010091388"}],"wp:attachment":[{"href":"https:\/\/grandepremio.com\/es\/wp-json\/wp\/v2\/media?parent=21131"}],"wp:term":[{"taxonomy":"category","embeddable":true,"href":"https:\/\/grandepremio.com\/es\/wp-json\/wp\/v2\/categories?post=21131"},{"taxonomy":"post_tag","embeddable":true,"href":"https:\/\/grandepremio.com\/es\/wp-json\/wp\/v2\/tags?post=21131"},{"taxonomy":"42wp_author","embeddable":true,"href":"https:\/\/grandepremio.com\/es\/wp-json\/wp\/v2\/42wp_author?post=21131"}],"curies":[{"name":"wp","href":"https:\/\/api.w.org\/{rel}","templated":true}]}}