{"id":21155,"date":"2022-10-24T16:47:05","date_gmt":"2022-10-24T19:47:05","guid":{"rendered":"https:\/\/grandepremio.com\/es\/2022\/10\/24\/nyck-de-vries-helmut-marko-alphatauri-formula-1\/"},"modified":"2022-10-24T16:51:03","modified_gmt":"2022-10-24T19:51:03","slug":"nyck-de-vries-helmut-marko-alphatauri-formula-1","status":"publish","type":"post","link":"https:\/\/grandepremio.com\/es\/f1\/nyck-de-vries-helmut-marko-alphatauri-formula-1\/","title":{"rendered":"De Vries confirma viaje a Austria y visita a Marko por asiento de AlphaTauri para 2023"},"content":{"rendered":"\n<p class=\"wp-block-paragraph\"><a href=\"https:\/\/grandepremio.com\/es\/\/f1\/alphatauri-anuncia-de-vries-2023\/\">Anunciado como piloto de <strong>AlphaTauri<\/strong> para 2023<\/a>, <strong>Nyck de Vries<\/strong> record\u00f3 los pasos que tuvo que dar para ganarse un puesto en la parrilla de <strong>F\u00f3rmula 1 de 2023<\/strong> tras su debut, <a href=\"https:\/\/grandepremio.com\/es\/\/f1\/max-verstappen-victoria-gp-de-italia-formula-1\/\" target=\"_blank\" rel=\"noreferrer noopener\">una excelente actuaci\u00f3n en el <strong>GP de Italia <\/strong>de este a\u00f1o para<strong> Williams<\/strong><\/a>. El holand\u00e9s admiti\u00f3 que trat\u00f3 de aprovechar al m\u00e1ximo la atenci\u00f3n que recibi\u00f3 tras la carrera de <strong>Monza<\/strong>, en la que caus\u00f3 un gran revuelo al conseguir dos puntos de inmediato. Su circunstancial compa\u00f1ero de equipo, <strong>Nicholas Latifi<\/strong>, s\u00f3lo pudo sumar sus primeros dos puntos en el <strong>GP de Jap\u00f3n<\/strong>, la 18\u00aa prueba de la temporada.<\/p>\n\n\n\n<p class=\"wp-block-paragraph\">&#8220;El tel\u00e9fono no paraba de sonar&#8221;, confes\u00f3 De Vries al podcast Beyond the Grid. &#8220;Realmente quer\u00eda aprovechar el momento para ganarme una oportunidad para m\u00ed en la F\u00f3rmula 1 en 2023&#8221;, subray\u00f3.<\/p>\n\n\n\n<p class=\"wp-block-paragraph\">Y las primeras conversaciones de De Vries fueron precisamente con Williams, el equipo que le dio su primera oportunidad <a href=\"https:\/\/grandepremio.com\/es\/\/f1\/alex-albon-nyck-de-vries-italia-formula-1\/\" target=\"_blank\" rel=\"noreferrer noopener\">despu\u00e9s de que Alexander Albon contrajera apendicitis y tuviera que ausentarse de la carrera.<\/a><\/p>\n\n\n\n<p class=\"wp-block-paragraph\">El holand\u00e9s tambi\u00e9n mencion\u00f3 el nombre de Alpine, equipo con el que realiz\u00f3 una prueba colectiva en Hungr\u00eda en septiembre. Sin embargo, el equipo franc\u00e9s ya ten\u00eda en mente el nombre de <strong>Pierre Gasly<\/strong> y esperaba que <strong>AlphaTauri<\/strong> se interesara por los servicios del campe\u00f3n de la F\u00f3rmula E, allanando el camino para que el franc\u00e9s se uniera a <strong>Esteban Ocon<\/strong>.<\/p>\n\n\n\n<p class=\"wp-block-paragraph\"><strong><strong>\u00a1Conoce el canal de Grande Pr\u00eamio en Espa\u00f1ol en\u00a0<a href=\"https:\/\/www.youtube.com\/channel\/UCDxWojGVUi9gWYhrY0pGbIQ\" target=\"_blank\" rel=\"noreferrer noopener\">YouTube<\/a>!<br>\u00a1Sigue a\u00a0Grande Pr\u00eamio en Espa\u00f1ol\u00a0en\u00a0<a href=\"https:\/\/twitter.com\/grandepremioES\" target=\"_blank\" rel=\"noreferrer noopener\">Twitter\u00a0<\/a>y en\u00a0<a href=\"https:\/\/www.instagram.com\/grandepremioes\/\" target=\"_blank\" rel=\"noreferrer noopener\">Instagram<\/a>!<\/strong><\/strong><\/p>\n\n\n\n<figure class=\"wp-block-image size-full\"><img decoding=\"async\" src=\"https:\/\/grandepremio.com\/es\/\/wp-content\/uploads\/2022\/10\/williams-nyckdevries-01-2-1024x684-2.jpg\" alt=\"\" class=\"wp-image-89767\"\/><figcaption>De Vries corri\u00f3 para Williams en Italia y termin\u00f3 noveno, sumando puntos por delante de Latifi (Foto: Williams)<\/figcaption><\/figure>\n\n\n\n<p class=\"wp-block-paragraph\">&#8220;Obviamente, estuvimos en conversaciones con Williams durante mucho tiempo&#8221;, revel\u00f3 De Vries. &#8220;Habl\u00e9 con Jost [Capito, el jefe del equipo brit\u00e1nico] el martes antes de la carrera. Alpine ya ten\u00eda sus pruebas reservadas -lo hicieron mucho antes de Monza- y recorr\u00ed sus instalaciones justo antes de Spa&#8221;, coment\u00f3.<\/p>\n\n\n\n<p class=\"wp-block-paragraph\">El escenario, sin embargo, dar\u00eda un giro definitivo tras un encuentro entre De Vries y su compatriota Max Verstappen. S\u00f3lo un d\u00eda despu\u00e9s de conseguir sus dos primeros puntos en la F1 con Williams, Nyck recibi\u00f3 un consejo muy importante del bicampe\u00f3n: llamar a Helmut Marko, asesor deportivo de Red Bull, que tiene la \u00faltima palabra sobre los fichajes de AlphaTauri.<\/p>\n\n\n\n<p class=\"wp-block-paragraph\">&#8220;Com\u00ed con Max [Verstappen] el lunes por la tarde en M\u00f3naco para celebrar un poco el fin de semana&#8221;, cont\u00f3 De Vries. &#8220;Hablamos abiertamente de ello, de las posibilidades y las oportunidades. Hablamos de la posibilidad de AlphaTauri, del Dr. Marko, y as\u00ed es como sucedieron las cosas. Al final de esa semana, me vieron en Graz&#8221;, revel\u00f3.<\/p>\n\n\n\n<figure class=\"wp-block-image size-large\"><img decoding=\"async\" src=\"https:\/\/grandepremio.com\/es\/\/wp-content\/uploads\/2022\/10\/SI202210020206_hires_jpeg_24bit_rgb-1024x683.jpg\" alt=\"\" class=\"wp-image-91256\"\/><figcaption>Nyck de Vries mencion\u00f3 que una reuni\u00f3n con Max Verstappen fue clave para establecer un contacto con Helmut Marko. (Foto: Getty Images \/ Red Bull Content Pool)<\/figcaption><\/figure>\n\n\n\n<p class=\"wp-block-paragraph\">De Vries simplemente viaj\u00f3 a la ciudad natal de Marko con el objetivo de reunirse con el austr\u00edaco y asegurarse un puesto el pr\u00f3ximo a\u00f1o. Nyck cree que su actitud al viajar a casa de Helmut sin manager y dispuesto a negociar su propio contrato jug\u00f3 un papel clave en su objetivo.<\/p>\n\n\n\n<p class=\"wp-block-paragraph\">&#8220;Lo pasamos muy bien juntos. Pasamos dos d\u00edas comiendo la comida local austriaca, hablando del futuro juntos&#8221;, cont\u00f3. &#8220;Tiene un buen sentido del humor y nos respetamos mutuamente. Creo que apreci\u00f3 que fuera, me representara y hablara con \u00e9l directamente&#8221;, subray\u00f3.<\/p>\n\n\n\n<p class=\"wp-block-paragraph\">&#8220;Red Bull se basa en el rendimiento y la victoria, y yo lo comparto. As\u00ed que fue una charla muy directa y agradable&#8221;, subray\u00f3. &#8220;Obviamente, el acuerdo no estaba totalmente en nuestras manos. Pero este viaje me hizo comprender b\u00e1sicamente que hab\u00eda muchas posibilidades de estar en la parrilla en 2023&#8221;, concluy\u00f3.<\/p>\n\n\n\n<p class=\"wp-block-paragraph\">La F\u00f3rmula 1 volver\u00e1 a la acci\u00f3n el pr\u00f3ximo fin de semana, con el <strong>GP de M\u00e9xico <\/strong>que se celebrar\u00e1 entre el 28 y el 30 de octubre en el Aut\u00f3dromo Hermanos Rodr\u00edguez.<\/p>\n","protected":false},"excerpt":{"rendered":"<p>Nyck de Vries revel\u00f3 el paso a paso de las negociaciones que desembocaron su llegada a AlphaTauri para 2023, luego de su meritoria actuaci\u00f3n con Williams en el GP de Italia.<\/p>\n","protected":false},"author":0,"featured_media":1010091255,"comment_status":"closed","ping_status":"closed","sticky":false,"template":"","format":"standard","meta":{"42wp_featured_image_caption":"","42wp_featured_image_credits":"","42wp_featured_video":"","42wp_featured_image_hidden":false,"42wp_authors_list":[],"footnotes":""},"categories":[5],"tags":[262,508,181,1495,1676,179,673,1358,249,422,1540,206,204],"42wp_author":[14223],"class_list":["post-21155","post","type-post","status-publish","format-standard","has-post-thumbnail","hentry","category-f1","tag-alex-albon","tag-alphatauri","tag-f1","tag-f1-2022","tag-f1-2023","tag-formula-1","tag-gp-de-italia","tag-helmut-marko","tag-max-verstappen","tag-nicholas-latifi","tag-nyck-de-vries","tag-red-bull","tag-williams","42wp_author-esteban-nieto"],"_links":{"self":[{"href":"https:\/\/grandepremio.com\/es\/wp-json\/wp\/v2\/posts\/21155","targetHints":{"allow":["GET"]}}],"collection":[{"href":"https:\/\/grandepremio.com\/es\/wp-json\/wp\/v2\/posts"}],"about":[{"href":"https:\/\/grandepremio.com\/es\/wp-json\/wp\/v2\/types\/post"}],"replies":[{"embeddable":true,"href":"https:\/\/grandepremio.com\/es\/wp-json\/wp\/v2\/comments?post=21155"}],"version-history":[{"count":0,"href":"https:\/\/grandepremio.com\/es\/wp-json\/wp\/v2\/posts\/21155\/revisions"}],"wp:featuredmedia":[{"embeddable":true,"href":"https:\/\/grandepremio.com\/es\/wp-json\/wp\/v2\/media\/1010091255"}],"wp:attachment":[{"href":"https:\/\/grandepremio.com\/es\/wp-json\/wp\/v2\/media?parent=21155"}],"wp:term":[{"taxonomy":"category","embeddable":true,"href":"https:\/\/grandepremio.com\/es\/wp-json\/wp\/v2\/categories?post=21155"},{"taxonomy":"post_tag","embeddable":true,"href":"https:\/\/grandepremio.com\/es\/wp-json\/wp\/v2\/tags?post=21155"},{"taxonomy":"42wp_author","embeddable":true,"href":"https:\/\/grandepremio.com\/es\/wp-json\/wp\/v2\/42wp_author?post=21155"}],"curies":[{"name":"wp","href":"https:\/\/api.w.org\/{rel}","templated":true}]}}