{"id":21168,"date":"2022-10-24T00:09:10","date_gmt":"2022-10-24T03:09:10","guid":{"rendered":"https:\/\/grandepremio.com\/es\/2022\/10\/24\/fia-fernando-alonso-penalizacion-austin-formula-1\/"},"modified":"2022-10-24T00:18:27","modified_gmt":"2022-10-24T03:18:27","slug":"fia-fernando-alonso-penalizacion-austin-formula-1","status":"publish","type":"post","link":"https:\/\/grandepremio.com\/es\/f1\/fia-fernando-alonso-penalizacion-austin-formula-1\/","title":{"rendered":"FIA sanciona y saca a Alonso de los puntos en Austin por correr con el auto da\u00f1ado"},"content":{"rendered":"\n<p class=\"wp-block-paragraph\">Ya hab\u00edan pasado m\u00e1s de cinco horas <a href=\"https:\/\/grandepremio.com\/es\/\/f1\/max-verstappen-red-bull-austin-formula-1\/\" target=\"_blank\" rel=\"noreferrer noopener\">desde que <strong>Max Verstappen<\/strong> cruz\u00f3 la bandera a cuadros para confirmar su victoria en el<strong> GP de Estados Unidos de F\u00f3rmula 1<\/strong><\/a>. Sin embargo, en horas de la noche de <strong>Texas<\/strong>, los comisarios de la <strong>FIA<\/strong> decidieron cambiar el resultado de la carrera al concluir que <strong>Alpine <\/strong>devolvi\u00f3 a <strong>Fernando Alonso<\/strong> a la pista de forma insegura en su paso por boxes tras su accidente con <strong>Lance Stroll<\/strong>. As\u00ed, el bicampe\u00f3n recibi\u00f3 30 segundos a\u00f1adidos a su tiempo final y perdi\u00f3 los puntos que hab\u00eda ganado con su s\u00e9ptimo puesto.<\/p>\n\n\n\n<p class=\"wp-block-paragraph\">La decisi\u00f3n lleg\u00f3 alrededor de las 9 de la noche en Texas. Lo que ocurri\u00f3 fue lo siguiente: Alonso se vio involucrado en un accidente con Stroll durante la carrera, en el que su auto result\u00f3 da\u00f1ado. El canadiense fue declarado culpable y se le impuso una penalizaci\u00f3n de tres puestos para el <strong>GP de M\u00e9xico<\/strong> de la pr\u00f3xima semana debido al incidente. Alonso, sorprendentemente, no abandon\u00f3. Despu\u00e9s entr\u00f3 en boxes, mantuvo el auto en la carrera y a\u00fan as\u00ed termin\u00f3 en los puntos. Pero con el fallo de la FIA, su s\u00e9ptimo puesto se convirti\u00f3 en 15\u00ba.<\/p>\n\n\n\n<p class=\"wp-block-paragraph\">La sanci\u00f3n se produjo por una protesta de Haas, que adujo que el coche de Alonso era inseguro por su retrovisor derecho, que se mov\u00eda y finalmente acab\u00f3 cayendo del auto, lo que supone una infracci\u00f3n del reglamento. La protesta, incluso, se hizo 24 minutos despu\u00e9s del plazo que los comisarios determinan, pero entendieron que el compromiso con el plazo no era posible en este caso, y la protesta era leg\u00edtima.<\/p>\n\n\n\n<p class=\"wp-block-paragraph\"><strong><strong>\u00a1Conoce el canal de Grande Pr\u00eamio en Espa\u00f1ol en\u00a0<a href=\"https:\/\/www.youtube.com\/channel\/UCDxWojGVUi9gWYhrY0pGbIQ\" target=\"_blank\" rel=\"noreferrer noopener\">YouTube<\/a>!<br>\u00a1Sigue a\u00a0Grande Pr\u00eamio en Espa\u00f1ol\u00a0en\u00a0<a href=\"https:\/\/twitter.com\/grandepremioES\" target=\"_blank\" rel=\"noreferrer noopener\">Twitter\u00a0<\/a>y en\u00a0<a href=\"https:\/\/www.instagram.com\/grandepremioes\/\" target=\"_blank\" rel=\"noreferrer noopener\">Instagram<\/a>!<\/strong><\/strong><\/p>\n\n\n\n<figure class=\"wp-block-video\"><video class=\"video-js vjs-big-play-centered\" data-gp-vjs=\"1\" controls src=\"https:\/\/www.grandepremio.com\/br\/wp-content\/uploads\/2022\/10\/2022_10_23_Alonso_Stroll.mp4\"><\/video><figcaption>Un violento incidente entre Fernando Alonso y Lance Stroll provoc\u00f3 la entrada del auto de seguridad en el GP de Estados Unidos. (Video: Reproducci\u00f3n\/F1 TV)<\/figcaption><\/figure>\n\n\n\n<p class=\"wp-block-paragraph\">En la audiencia participaron <strong>Gunther Steiner<\/strong> y <strong>Ayao Komatsu<\/strong> en representaci\u00f3n de Haas, <strong>Alan Permane<\/strong> en representaci\u00f3n de Alpine, as\u00ed como <strong>Niels Wittich, Jo Bauer y Nikolas Tombazis <\/strong>en representaci\u00f3n de la FIA. Los miembros de la escuder\u00eda americana afirmaron que el auto de Alonso era inseguro, y que Haas recibi\u00f3 la bandera negra y naranja en tres ocasiones distintas esta temporada por tener un monoplaza esas condiciones en pista.<\/p>\n\n\n\n<p class=\"wp-block-paragraph\">Alpine, por su parte, cit\u00f3 que el espejo cay\u00f3 sin que haya culpa del piloto o del equipo, sino como resultado del choque con Lance Stroll, de Aston Martin, vueltas antes. Permane tambi\u00e9n cit\u00f3 que tras la ca\u00edda del retrovisor, en un solo momento hubo un auto inmediatamente detr\u00e1s de Alonso, y que el ingeniero le inform\u00f3 de la distancia en todo momento. Tambi\u00e9n record\u00f3 un episodio en el <strong>GP de Jap\u00f3n de 2019, cuando Charles Leclerc y Lewis Hamilton <\/strong>pudieron continuar la carrera con problemas en los espejos.<\/p>\n\n\n\n<figure class=\"wp-block-image size-large\"><img decoding=\"async\" src=\"https:\/\/grandepremio.com\/es\/\/wp-content\/uploads\/2022\/10\/Haas-Steirner-1024x683.jpg\" alt=\"\" class=\"wp-image-91186\"\/><figcaption>Guenther Steiner, jefe de Haas, levant\u00f3 una protesta contra Alpine que deriv\u00f3 en la sanci\u00f3n a Fernando Alonso. (Foto: Andy Hone \/ LAT Images)<\/figcaption><\/figure>\n\n\n\n<p class=\"wp-block-paragraph\">El v\u00eddeo mostraba que el auto primero ten\u00eda el retrovisor tambale\u00e1ndose durante un gran n\u00famero de vueltas hasta que finalmente se cay\u00f3. <strong>Jo Bauer<\/strong> manifest\u00f3 que el bamboleo del espejo era peligroso, ya que pod\u00eda soltarse y golpear a otro conductor, y por tanto carec\u00eda de seguridad. Tambi\u00e9n cit\u00f3 que el coche necesitaba que le arreglen los dos retrovisores. Los comisarios reconocieron que no hubo aviso de bandera negra y naranja para Alonso a pesar de que Haas notific\u00f3 la situaci\u00f3n a la direcci\u00f3n de carrera en dos ocasiones diferentes.<\/p>\n\n\n\n<p class=\"wp-block-paragraph\">La situaci\u00f3n de <strong>Suzuka<\/strong> en 2019 fue desestimada como &#8220;precedente&#8221; y los comisarios aceptaron la protesta de <strong>Haas<\/strong>, sancionando a <strong>Alonso<\/strong> con un pase y siga de 10 segundos. Al haberse concluido ya la carrera, la penalizaci\u00f3n se convirti\u00f3 en un castigo de 30 segundos adicionales sobre el tiempo de carrera del piloto espa\u00f1ol, que lo sac\u00f3 de la zona de puntuaci\u00f3n. No se han aplicado puntos en la licencia.<\/p>\n\n\n\n<p class=\"wp-block-paragraph\">Como resultado, <strong>Sebastian Vettel, Kevin Magnussen, Yuki Tsunoda y Esteban Ocon<\/strong> pasaron a ocupar las posiciones siete, ocho, nueve y diez.<\/p>\n\n\n\n<p class=\"wp-block-paragraph\"><\/p>\n","protected":false},"excerpt":{"rendered":"<p>Ya en la noche de Texas, los comisarios de la FIA decidieron sancionar a Fernando Alonso por correr con el espejo da\u00f1ado, por lo que el espa\u00f1ol qued\u00f3 fuera de los puntos en el GP de Estados Unidos.<\/p>\n","protected":false},"author":0,"featured_media":1010091176,"comment_status":"closed","ping_status":"closed","sticky":false,"template":"","format":"standard","meta":{"42wp_featured_image_caption":"","42wp_featured_image_credits":"","42wp_featured_video":"","42wp_featured_image_hidden":false,"42wp_authors_list":[],"footnotes":""},"categories":[5],"tags":[678,209,181,1495,184,179,1750,1488,3438,2237,1469,414],"42wp_author":[14223],"class_list":["post-21168","post","type-post","status-publish","format-standard","has-post-thumbnail","hentry","category-f1","tag-alpine","tag-aston-martin","tag-f1","tag-f1-2022","tag-fernando-alonso","tag-formula-1","tag-gp-de-estados-unidos","tag-grande-premio","tag-grande-premio-en-espanol","tag-grandepremio","tag-guenther-steiner","tag-haas","42wp_author-esteban-nieto"],"_links":{"self":[{"href":"https:\/\/grandepremio.com\/es\/wp-json\/wp\/v2\/posts\/21168","targetHints":{"allow":["GET"]}}],"collection":[{"href":"https:\/\/grandepremio.com\/es\/wp-json\/wp\/v2\/posts"}],"about":[{"href":"https:\/\/grandepremio.com\/es\/wp-json\/wp\/v2\/types\/post"}],"replies":[{"embeddable":true,"href":"https:\/\/grandepremio.com\/es\/wp-json\/wp\/v2\/comments?post=21168"}],"version-history":[{"count":0,"href":"https:\/\/grandepremio.com\/es\/wp-json\/wp\/v2\/posts\/21168\/revisions"}],"wp:featuredmedia":[{"embeddable":true,"href":"https:\/\/grandepremio.com\/es\/wp-json\/wp\/v2\/media\/1010091176"}],"wp:attachment":[{"href":"https:\/\/grandepremio.com\/es\/wp-json\/wp\/v2\/media?parent=21168"}],"wp:term":[{"taxonomy":"category","embeddable":true,"href":"https:\/\/grandepremio.com\/es\/wp-json\/wp\/v2\/categories?post=21168"},{"taxonomy":"post_tag","embeddable":true,"href":"https:\/\/grandepremio.com\/es\/wp-json\/wp\/v2\/tags?post=21168"},{"taxonomy":"42wp_author","embeddable":true,"href":"https:\/\/grandepremio.com\/es\/wp-json\/wp\/v2\/42wp_author?post=21168"}],"curies":[{"name":"wp","href":"https:\/\/api.w.org\/{rel}","templated":true}]}}