{"id":21172,"date":"2022-10-23T21:59:22","date_gmt":"2022-10-24T00:59:22","guid":{"rendered":"https:\/\/grandepremio.com\/es\/2022\/10\/23\/carlos-sainz-lamenta-mala-suerte\/"},"modified":"2022-10-23T21:59:24","modified_gmt":"2022-10-24T00:59:24","slug":"carlos-sainz-lamenta-mala-suerte","status":"publish","type":"post","link":"https:\/\/grandepremio.com\/es\/f1\/carlos-sainz-lamenta-mala-suerte\/","title":{"rendered":"Sainz dice que larg\u00f3 &#8220;normal&#8221; y lamenta mala suerte: &#8220;En alg\u00fan momento se acabar\u00e1&#8221;"},"content":{"rendered":"\n<figure class=\"wp-block-video\"><video class=\"video-js vjs-big-play-centered\" data-gp-vjs=\"1\" controls poster=\"https:\/\/www.grandepremio.com\/br\/wp-content\/uploads\/2022\/10\/2022_10_23_Russell_Sainz-poster.jpeg\" src=\"https:\/\/www.grandepremio.com\/br\/wp-content\/uploads\/2022\/10\/2022_10_23_Russell_Sainz.mp4\"><\/video><figcaption>Sainz y Russell se enredaron en la primera curva de Austin (V\u00eddeo: Reproducci\u00f3n\/F1TV)<\/figcaption><\/figure>\n\n\n\n<p class=\"wp-block-paragraph\">El <strong>GP de Estados Unidos<\/strong> este domingo podr\u00eda haber dado a <strong>Carlos Sainz<\/strong> la oportunidad de vivir su gran fin de semana en la temporada 2022 de <strong>F\u00f3rmula 1<\/strong>, pero la suerte no estuvo de su lado, como considera el propio piloto. Lo que termin\u00f3 sucediendo fue totalmente diferente y termin\u00f3 la participaci\u00f3n del espa\u00f1ol de Ferrari despu\u00e9s de una vuelta. El <strong>#55<\/strong> cree que los incidentes tendr\u00e1n que parar en alg\u00fan momento.<\/p>\n\n\n\n<p class=\"wp-block-paragraph\"><strong><strong><strong>\u00a1Conoce el canal de Grande Pr\u00eamio en Espa\u00f1ol en\u00a0<a href=\"https:\/\/www.youtube.com\/channel\/UCDxWojGVUi9gWYhrY0pGbIQ\" target=\"_blank\" rel=\"noreferrer noopener\">YouTube<\/a>!<br>\u00a1Sigue a\u00a0Grande Pr\u00eamio en Espa\u00f1ol\u00a0en\u00a0<a href=\"https:\/\/twitter.com\/grandepremioES\" target=\"_blank\" rel=\"noreferrer noopener\">Twitter\u00a0<\/a>y en\u00a0<a href=\"https:\/\/www.instagram.com\/grandepremioes\/\" target=\"_blank\" rel=\"noreferrer noopener\">Instagram<\/a>!<\/strong><\/strong><\/strong><\/p>\n\n\n\n<p class=\"wp-block-paragraph\">Sainz fue el poleman, pero a\u00fan en la salida se qued\u00f3 por detr\u00e1s de <strong>Max Verstappen<\/strong>. Al llegar a la primera curva, se encontraba entre los dos <strong>Mercedes<\/strong> y acab\u00f3 tocado por <strong>George Russell<\/strong>. La colisi\u00f3n se convirti\u00f3 en un trompo, un neum\u00e1tico pinchado y un radiador roto. Fin de la carrera. Russell fue castigado con 5s por causar el incidente y, m\u00e1s tarde, se disculp\u00f3. Sainz se qued\u00f3 sin m\u00e1s que lamentar.<\/p>\n\n\n\n<p class=\"wp-block-paragraph\">&#8220;Largu\u00e9 normal, pero Max lo hizo muy bien. Ya hab\u00edamos visto, incluso antes de la carrera, que en los \u00faltimos siete a\u00f1os aqu\u00ed el segundo clasificado larga mejor que el primero. Los domingos no nos salen las cosas&#8221;, coment\u00f3 Carlos.<\/p>\n\n\n\n<figure class=\"wp-block-image size-large\"><img decoding=\"async\" src=\"https:\/\/www.grandepremio.com\/br\/wp-content\/uploads\/2022\/10\/ferrari-carlossainz-afp-02-4-1024x683.jpg\" alt=\"\" class=\"wp-image-626443\"\/><figcaption>Carlos Sainz abandon\u00f3 en la primera vuelta y se quej\u00f3 de su suerte (Foto: AFP)<\/figcaption><\/figure>\n\n\n\n<p class=\"wp-block-paragraph\">&#8220;Tenemos que pasar p\u00e1gina y seguir intent\u00e1ndolo. Habr\u00e1 un momento en el que dejar\u00e1n de pasarnos tantas cosas&#8221;, sigui\u00f3.<\/p>\n\n\n\n<p class=\"wp-block-paragraph\">El espa\u00f1ol tambi\u00e9n dijo que le gustaba la estrategia del equipo con Charles Leclerc y predic\u00f3 la atenci\u00f3n a la carrera de la pr\u00f3xima semana. &#8220;Tenemos que centrarnos en M\u00e9xico. No hay otra alternativa que seguir intentando avanzar. El equipo ha hecho bien en utilizar los neum\u00e1ticos medios hoy para Charles, porque los duros parec\u00edan bastante lentos&#8221;, termin\u00f3.<\/p>\n\n\n\n<p class=\"wp-block-paragraph\">La temporada 2022 de&nbsp;<a href=\"https:\/\/grandepremio.com\/es\/\/f1\/\" target=\"_blank\" rel=\"noreferrer noopener\">F1<\/a>&nbsp;contin\u00faa el pr\u00f3ximo fin de semana, entre el 28 y el 30 de octubre, con el&nbsp;<strong>GP de M\u00e9xico<\/strong>.&nbsp;<strong>GRANDE PR\u00caMIO<\/strong>&nbsp;sigue todas las actividades del&nbsp;<strong>Circuito Hermanos Rodr\u00edguez<\/strong>.<\/p>\n","protected":false},"excerpt":{"rendered":"<p>Carlos Sainz abandon\u00f3 el GP de Estados Unidos en la primera vuelta y lament\u00f3 su secuencia de mala suerte en la temporada 2022 de F\u00f3rmula 1.<\/p>\n","protected":false},"author":0,"featured_media":1010091166,"comment_status":"closed","ping_status":"closed","sticky":false,"template":"","format":"standard","meta":{"42wp_featured_image_caption":"","42wp_featured_image_credits":"","42wp_featured_video":"","42wp_featured_image_hidden":false,"42wp_authors_list":[],"footnotes":""},"categories":[5],"tags":[1409,302,1744,1519,181,1495,2358,185,179,2369,253,1750,1488,2237,249,197,206,1311],"42wp_author":[14234],"class_list":["post-21172","post","type-post","status-publish","format-standard","has-post-thumbnail","hentry","category-f1","tag-austin","tag-carlos-sainz","tag-circuito-de-las-americas","tag-clasificacion-f1","tag-f1","tag-f1-2022","tag-f1-hoy","tag-ferrari","tag-formula-1","tag-formula-1-hoy","tag-george-russell","tag-gp-de-estados-unidos","tag-grande-premio","tag-grandepremio","tag-max-verstappen","tag-mercedes","tag-red-bull","tag-texas","42wp_author-douglas-rocha"],"_links":{"self":[{"href":"https:\/\/grandepremio.com\/es\/wp-json\/wp\/v2\/posts\/21172","targetHints":{"allow":["GET"]}}],"collection":[{"href":"https:\/\/grandepremio.com\/es\/wp-json\/wp\/v2\/posts"}],"about":[{"href":"https:\/\/grandepremio.com\/es\/wp-json\/wp\/v2\/types\/post"}],"replies":[{"embeddable":true,"href":"https:\/\/grandepremio.com\/es\/wp-json\/wp\/v2\/comments?post=21172"}],"version-history":[{"count":0,"href":"https:\/\/grandepremio.com\/es\/wp-json\/wp\/v2\/posts\/21172\/revisions"}],"wp:featuredmedia":[{"embeddable":true,"href":"https:\/\/grandepremio.com\/es\/wp-json\/wp\/v2\/media\/1010091166"}],"wp:attachment":[{"href":"https:\/\/grandepremio.com\/es\/wp-json\/wp\/v2\/media?parent=21172"}],"wp:term":[{"taxonomy":"category","embeddable":true,"href":"https:\/\/grandepremio.com\/es\/wp-json\/wp\/v2\/categories?post=21172"},{"taxonomy":"post_tag","embeddable":true,"href":"https:\/\/grandepremio.com\/es\/wp-json\/wp\/v2\/tags?post=21172"},{"taxonomy":"42wp_author","embeddable":true,"href":"https:\/\/grandepremio.com\/es\/wp-json\/wp\/v2\/42wp_author?post=21172"}],"curies":[{"name":"wp","href":"https:\/\/api.w.org\/{rel}","templated":true}]}}