{"id":21198,"date":"2022-10-22T15:45:58","date_gmt":"2022-10-22T18:45:58","guid":{"rendered":"https:\/\/grandepremio.com\/es\/2022\/10\/22\/williams-logan-sargeant-2023-formula-1\/"},"modified":"2022-10-22T17:13:47","modified_gmt":"2022-10-22T20:13:47","slug":"williams-logan-sargeant-2023-formula-1","status":"publish","type":"post","link":"https:\/\/grandepremio.com\/es\/f1\/williams-logan-sargeant-2023-formula-1\/","title":{"rendered":"Williams justifica elecci\u00f3n de Sargeant y dice que est\u00e1 &#8220;listo para correr&#8221; en F\u00f3rmula 1"},"content":{"rendered":"\n<p class=\"wp-block-paragraph\"><strong>Williams<\/strong> resolvi\u00f3 la inc\u00f3gnita que se planteaba para la <strong>temporada 2023<\/strong> de <strong>F\u00f3rmula 1<\/strong>, y <a href=\"https:\/\/grandepremio.com\/es\/\/f1\/logan-sargeant-anuncio-williams-2023-formula-1\/\" target=\"_blank\" rel=\"noreferrer noopener\">este s\u00e1bado confirm\u00f3 que <strong>Logan Sargeant<\/strong> es el elegido para ser el compa\u00f1ero de <strong>Alex Albon<\/strong> el pr\u00f3ximo a\u00f1o<\/a>. El piloto a\u00fan debe obtener la superlicencia de la FIA, pero es el deseado por el equipo brit\u00e1nico, que lo ve preparado para el reto.<\/p>\n\n\n\n<p class=\"wp-block-paragraph\">As\u00ed lo expres\u00f3 el jefe de Williams, <strong>Jost Capito<\/strong>, tras revelar la decisi\u00f3n antes del inicio de la actividad de la<strong> F1<\/strong> en el <strong>Circuito de las Am\u00e9ricas<\/strong>.<\/p>\n\n\n\n<p class=\"wp-block-paragraph\">&#8220;Creemos que est\u00e1 preparado para competir. Con la condici\u00f3n de que tenga suficientes puntos para la superlicencia despu\u00e9s de <strong>Abu Dhabi<\/strong>, ser\u00e1 nuestro segundo piloto el pr\u00f3ximo a\u00f1o&#8221;, declar\u00f3 el alem\u00e1n.<\/p>\n\n\n\n<p class=\"wp-block-paragraph\">&#8220;Soy partidario de preparar a los pilotos m\u00e1s j\u00f3venes lo antes posible para saber si son capaces de quedarse en la F\u00f3rmula 1 a largo plazo, que creemos que es el caso de \u00e9l&#8221;, continu\u00f3 Capito.<\/p>\n\n\n\n<figure class=\"wp-block-image size-full\"><img decoding=\"async\" src=\"https:\/\/grandepremio.com\/es\/\/wp-content\/uploads\/2022\/10\/Logan-Sargeant-3.jpg\" alt=\"\" class=\"wp-image-90567\"\/><figcaption>Logan Sargeant fue anunciado como nuevo piloto de Williams para la temporada 2023. (Foto: Williams)<\/figcaption><\/figure>\n\n\n\n<p class=\"wp-block-paragraph\"><strong>\u00a1Conoce el canal de Grande Pr\u00eamio en Espa\u00f1ol en\u00a0<a href=\"https:\/\/www.youtube.com\/channel\/UCDxWojGVUi9gWYhrY0pGbIQ\" target=\"_blank\" rel=\"noreferrer noopener\">YouTube<\/a>!<br>\u00a1Sigue a\u00a0Grande Pr\u00eamio en Espa\u00f1ol\u00a0en\u00a0<a href=\"https:\/\/twitter.com\/grandepremioES\" target=\"_blank\" rel=\"noreferrer noopener\">Twitter\u00a0<\/a>y en\u00a0<a href=\"https:\/\/www.instagram.com\/grandepremioes\/\" target=\"_blank\" rel=\"noreferrer noopener\">Instagram<\/a>!<\/strong><\/p>\n\n\n\n<p class=\"wp-block-paragraph\">Adem\u00e1s del jefe, tambi\u00e9n se pronunci\u00f3 <strong>Sven Smeets<\/strong>, director deportivo del equipo brit\u00e1nico.<\/p>\n\n\n\n<p class=\"wp-block-paragraph\">&#8220;Demostr\u00f3 un alto nivel de comprensi\u00f3n durante su debut en el primer entrenamiento en Austin, cuando nos dio informaci\u00f3n para ayudar a los preparativos del equipo para el resto del fin de semana&#8221;, asegur\u00f3 el dirigente.<\/p>\n\n\n\n<p class=\"wp-block-paragraph\">&#8220;Le daremos a Logan m\u00e1s oportunidades en <strong>M\u00e9xico y Abu Dhabi<\/strong> para integrarlo en el equipo de cara a las carreras. Estas pruebas forman parte de nuestro arduo trabajo para que merezca la superlicencia&#8221;, finaliz\u00f3 Smeets.<\/p>\n\n\n\n<p class=\"wp-block-paragraph\">La acci\u00f3n en Austin continuar\u00e1 este s\u00e1bado con el tercer entrenamiento y la clasificaci\u00f3n del\u00a0<strong>GP de Estados Unidos<\/strong>.\u00a0<strong>Grande Pr\u00eamio en Espa\u00f1ol<\/strong>\u00a0sigue\u00a0<strong>EN VIVO Y EN TIEMPO REAL<\/strong>\u00a0todas las actividades del Mundial de\u00a0<a href=\"https:\/\/grandepremio.com\/es\/\/f1\/\" target=\"_blank\" rel=\"noreferrer noopener\"><\/a><a href=\"https:\/\/grandepremio.com\/es\/\/f1\/\" target=\"_blank\" rel=\"noreferrer noopener\"><\/a><a href=\"https:\/\/grandepremio.com\/es\/\/f1\/\" target=\"_blank\" rel=\"noreferrer noopener\"><\/a><a href=\"https:\/\/grandepremio.com\/es\/\/f1\/\" target=\"_blank\" rel=\"noreferrer noopener\">F\u00f3rmula 1<\/a>.<\/p>\n","protected":false},"excerpt":{"rendered":"<p>Elegido como sustituto de Nicholas Latifi en 2023, Williams elogi\u00f3 a Logan Sargeant y asegur\u00f3 que el estadounidense est\u00e1 listo para ser promovido en caso de que consiga la superlicencia.  <\/p>\n","protected":false},"author":0,"featured_media":1010050716,"comment_status":"closed","ping_status":"closed","sticky":false,"template":"","format":"standard","meta":{"42wp_featured_image_caption":"","42wp_featured_image_credits":"","42wp_featured_video":"","42wp_featured_image_hidden":false,"42wp_authors_list":[],"footnotes":""},"categories":[5],"tags":[262,181,1495,1676,179,2534,1750,1222,285,422,204],"42wp_author":[14223],"class_list":["post-21198","post","type-post","status-publish","format-standard","has-post-thumbnail","hentry","category-f1","tag-alex-albon","tag-f1","tag-f1-2022","tag-f1-2023","tag-formula-1","tag-formula-1-2023","tag-gp-de-estados-unidos","tag-jost-capito","tag-logan-sargeant","tag-nicholas-latifi","tag-williams","42wp_author-esteban-nieto"],"_links":{"self":[{"href":"https:\/\/grandepremio.com\/es\/wp-json\/wp\/v2\/posts\/21198","targetHints":{"allow":["GET"]}}],"collection":[{"href":"https:\/\/grandepremio.com\/es\/wp-json\/wp\/v2\/posts"}],"about":[{"href":"https:\/\/grandepremio.com\/es\/wp-json\/wp\/v2\/types\/post"}],"replies":[{"embeddable":true,"href":"https:\/\/grandepremio.com\/es\/wp-json\/wp\/v2\/comments?post=21198"}],"version-history":[{"count":0,"href":"https:\/\/grandepremio.com\/es\/wp-json\/wp\/v2\/posts\/21198\/revisions"}],"wp:featuredmedia":[{"embeddable":true,"href":"https:\/\/grandepremio.com\/es\/wp-json\/wp\/v2\/media\/1010050716"}],"wp:attachment":[{"href":"https:\/\/grandepremio.com\/es\/wp-json\/wp\/v2\/media?parent=21198"}],"wp:term":[{"taxonomy":"category","embeddable":true,"href":"https:\/\/grandepremio.com\/es\/wp-json\/wp\/v2\/categories?post=21198"},{"taxonomy":"post_tag","embeddable":true,"href":"https:\/\/grandepremio.com\/es\/wp-json\/wp\/v2\/tags?post=21198"},{"taxonomy":"42wp_author","embeddable":true,"href":"https:\/\/grandepremio.com\/es\/wp-json\/wp\/v2\/42wp_author?post=21198"}],"curies":[{"name":"wp","href":"https:\/\/api.w.org\/{rel}","templated":true}]}}