{"id":21222,"date":"2022-10-20T13:49:08","date_gmt":"2022-10-20T16:49:08","guid":{"rendered":"https:\/\/grandepremio.com\/es\/2022\/10\/20\/aleix-espargaro-errores-aprilia-mantener-bagnaia\/"},"modified":"2022-10-20T14:50:17","modified_gmt":"2022-10-20T17:50:17","slug":"aleix-espargaro-errores-aprilia-mantener-bagnaia","status":"publish","type":"post","link":"https:\/\/grandepremio.com\/es\/motogp\/aleix-espargaro-errores-aprilia-mantener-bagnaia\/","title":{"rendered":"Aleix Espargar\u00f3 ve errores en Aprilia y dice que en Malasia debe &#8220;mantener a Bagnaia&#8221;"},"content":{"rendered":"\n<p class=\"wp-block-paragraph\">Aunque la lucha por el t\u00edtulo de <a href=\"https:\/\/grandepremio.com\/es\/\/categoria\/motogp\/\" target=\"_blank\" rel=\"noreferrer noopener\">MotoGP<\/a> 2022 est\u00e1 entre <strong>Francesco Bagnaia<\/strong> y <strong>Fabio Quartararo<\/strong>, <strong>Aleix Espargar\u00f3<\/strong> tambi\u00e9n tiene opciones matem\u00e1ticas. El espa\u00f1ol de Granollers est\u00e1 a 27 puntos de <strong>Pecco<\/strong> con 50 en juego. Todo depende de una serie de escenarios, pero solo ve una forma de aplazar la decisi\u00f3n del campeonato: mantener al italiano.<\/p>\n\n\n\n<p class=\"wp-block-paragraph\">\u201cEl objetivo es mantener a <strong>Pecco<\/strong>\u201d, dijo. \u201cSu nivel en la segunda mitad de la temporada sigue siendo muy alto. Pero tenemos m\u00e1s que ganar que perder\u201d, asegur\u00f3.<\/p>\n\n\n\n<p class=\"wp-block-paragraph\">\u201cEn las carreras en las que no ten\u00edamos informaci\u00f3n, perdimos mucho tiempo en cosas b\u00e1sicas como ajustar las marchas. Los datos de 2019 fueron in\u00fatiles. Perdimos muchos puntos, pero si podemos aprender de eso y cambiar la forma en que trabajamos en los nuevos circuitos, creo que seremos m\u00e1s r\u00e1pidos el pr\u00f3ximo a\u00f1o\u201d, sigui\u00f3.<\/p>\n\n\n\n<p class=\"wp-block-paragraph\"><strong>\u00a1Conoce el canal de Grande Pr\u00eamio en Espa\u00f1ol en\u00a0<a href=\"https:\/\/www.youtube.com\/channel\/UCDxWojGVUi9gWYhrY0pGbIQ\" target=\"_blank\" rel=\"noreferrer noopener\">YouTube<\/a>!<br>\u00a1Sigue a\u00a0Grande Pr\u00eamio en Espa\u00f1ol\u00a0en\u00a0<a href=\"https:\/\/twitter.com\/grandepremioES\" target=\"_blank\" rel=\"noreferrer noopener\">Twitter\u00a0<\/a>y en\u00a0<a href=\"https:\/\/www.instagram.com\/grandepremioes\/\" target=\"_blank\" rel=\"noreferrer noopener\">Instagram<\/a>!<\/strong><\/p>\n\n\n\n<figure class=\"wp-block-image size-large\"><img decoding=\"async\" src=\"https:\/\/www.grandepremio.com\/br\/wp-content\/uploads\/2022\/10\/01-1024x683.jpg\" alt=\"\" class=\"wp-image-623758\"\/><figcaption>Espargar\u00f3 est\u00e1 27 puntos atr\u00e1s de Pecco (Foto: Aprilia)<\/figcaption><\/figure>\n\n\n\n<p class=\"wp-block-paragraph\">A\u00fan as\u00ed, <strong>Aprilia<\/strong> es una gran sorpresa en 2022, especialmente con <strong>Aleix<\/strong>. Tiene una victoria, dos poles y seis podios. Un trabajo de a\u00f1os que dio frutos. Pero el piloto de 33 a\u00f1os tambi\u00e9n admite que ha tenido algunos contratiempos en el transcurso de la temporada.<\/p>\n\n\n\n<p class=\"wp-block-paragraph\">\u201cEs frustrante tener velocidad y capacidad y tener que lidiar con problemas que no deber\u00edan haber ocurrido. Por eso digo que tenemos margen de mejora como equipo. Pero las mejoras de <strong>Aprilia<\/strong> este a\u00f1o son incre\u00edbles y estoy muy orgulloso de lo que han conseguido. Pero si quieres ganar el t\u00edtulo, no puedes ceder 100 puntos, como hicimos con Pecco\u201d, continu\u00f3.<\/p>\n\n\n\n<p class=\"wp-block-paragraph\">\u201cCreo que cometimos muchos errores, en general, y nos cost\u00f3 adaptarnos a los nuevos circuitos. No quise ser duro con mis comentarios, solo se\u00f1alar que no estamos al nivel de <strong>Pecco<\/strong> y <strong>Ducati<\/strong>\u201d, finaliz\u00f3 en referencia a las cr\u00edticas al equipo tras el <strong>GP de Australia<\/strong>.<\/p>\n","protected":false},"excerpt":{"rendered":"<p>Aleix Espargar\u00f3 admiti\u00f3 los errores de Aprilia en 2022, pero reconoci\u00f3 la gran evoluci\u00f3n del a\u00f1o y, por ello, intentar\u00e1 frenar a Francesco Bagnaia en Sepang<\/p>\n","protected":false},"author":0,"featured_media":1010090174,"comment_status":"closed","ping_status":"closed","sticky":false,"template":"","format":"standard","meta":{"42wp_featured_image_caption":"","42wp_featured_image_credits":"","42wp_featured_video":"","42wp_featured_image_hidden":false,"42wp_authors_list":[],"footnotes":""},"categories":[8],"tags":[1377,1394,3611,1340,1306,1376,1548,2236,3438,2237,3607,2076,855,1293,1341,1764,2077,1309],"42wp_author":[14233],"class_list":["post-21222","post","type-post","status-publish","format-standard","has-post-thumbnail","hentry","category-motogp","tag-aleix-espargaro","tag-aprilia","tag-campeon-motogp","tag-ducati","tag-fabio-quartararo","tag-francesco-bagnaia","tag-gp-de-malasia","tag-grande-premio-2","tag-grande-premio-en-espanol","tag-grandepremio","tag-lucha-por-el-titulo","tag-malasia","tag-motociclismo","tag-motogp","tag-motogp-2022","tag-mundial-de-motociclismo","tag-sepang","tag-yamaha","42wp_author-eric-calduch"],"_links":{"self":[{"href":"https:\/\/grandepremio.com\/es\/wp-json\/wp\/v2\/posts\/21222","targetHints":{"allow":["GET"]}}],"collection":[{"href":"https:\/\/grandepremio.com\/es\/wp-json\/wp\/v2\/posts"}],"about":[{"href":"https:\/\/grandepremio.com\/es\/wp-json\/wp\/v2\/types\/post"}],"replies":[{"embeddable":true,"href":"https:\/\/grandepremio.com\/es\/wp-json\/wp\/v2\/comments?post=21222"}],"version-history":[{"count":0,"href":"https:\/\/grandepremio.com\/es\/wp-json\/wp\/v2\/posts\/21222\/revisions"}],"wp:featuredmedia":[{"embeddable":true,"href":"https:\/\/grandepremio.com\/es\/wp-json\/wp\/v2\/media\/1010090174"}],"wp:attachment":[{"href":"https:\/\/grandepremio.com\/es\/wp-json\/wp\/v2\/media?parent=21222"}],"wp:term":[{"taxonomy":"category","embeddable":true,"href":"https:\/\/grandepremio.com\/es\/wp-json\/wp\/v2\/categories?post=21222"},{"taxonomy":"post_tag","embeddable":true,"href":"https:\/\/grandepremio.com\/es\/wp-json\/wp\/v2\/tags?post=21222"},{"taxonomy":"42wp_author","embeddable":true,"href":"https:\/\/grandepremio.com\/es\/wp-json\/wp\/v2\/42wp_author?post=21222"}],"curies":[{"name":"wp","href":"https:\/\/api.w.org\/{rel}","templated":true}]}}