{"id":21236,"date":"2022-10-19T10:18:40","date_gmt":"2022-10-19T13:18:40","guid":{"rendered":"https:\/\/grandepremio.com\/es\/2022\/10\/19\/jos-verstappen-max-2028-red-bull-formula-1\/"},"modified":"2022-10-19T10:19:50","modified_gmt":"2022-10-19T13:19:50","slug":"jos-verstappen-max-2028-red-bull-formula-1","status":"publish","type":"post","link":"https:\/\/grandepremio.com\/es\/f1\/jos-verstappen-max-2028-red-bull-formula-1\/","title":{"rendered":"Padre de Verstappen destaca nivel de Red Bull y prev\u00e9 t\u00e1ndem exitoso: &#8220;Buenos cinco a\u00f1os&#8221;"},"content":{"rendered":"\n<p class=\"wp-block-paragraph\"><strong>Max Verstappen<\/strong> <a href=\"https:\/\/grandepremio.com\/es\/\/f1\/max-verstappen-campeon-formula-1-gp-japon\/\" target=\"_blank\" rel=\"noreferrer noopener\">consigui\u00f3 su segundo t\u00edtulo mundial en la 18\u00aa carrera del a\u00f1o en <strong>Suzuka<\/strong><\/a>, y el nivel demostrado tanto por el piloto como por <strong>Red Bull<\/strong> da la impresi\u00f3n de que hay m\u00e1s por venir. As\u00ed lo cree tambi\u00e9n <strong>Jos Verstappen<\/strong>, padre del holand\u00e9s, que espera una larga y fruct\u00edfera colaboraci\u00f3n con la escuder\u00eda austr\u00edaca <a href=\"https:\/\/grandepremio.com\/es\/\/f1\/red-bull-renueva-contrato-y-ata-a-verstappen-hasta-la-temporada-2028-de-formula-1\/\" target=\"_blank\" rel=\"noreferrer noopener\">hasta el final del contrato del piloto en 2028<\/a>. Siempre que, por supuesto, los austriacos sigan siendo un equipo de primera.<\/p>\n\n\n\n<p class=\"wp-block-paragraph\">&#8220;Las reglas seguir\u00e1n siendo las mismas, la parrilla se va a nivelar y tendremos mejores carreras&#8221;, valor\u00f3 Jos en una entrevista con la emisora de radio brit\u00e1nica talkSPORT. &#8220;Pero el piloto m\u00e1s fuerte siempre emerge hacia la cima. Si Red Bull sigue as\u00ed, seguro que tendremos unos buenos cinco a\u00f1os&#8221;, pronostic\u00f3 el holand\u00e9s.<\/p>\n\n\n\n<figure class=\"wp-block-image size-large\"><img decoding=\"async\" src=\"https:\/\/grandepremio.com\/es\/\/wp-content\/uploads\/2022\/10\/SI202210090617_hires_jpeg_24bit_rgb-1024x683.jpg\" alt=\"\" class=\"wp-image-88952\"\/><figcaption>Max Verstappen alcanz\u00f3 el bicampeonato de F1 en el GP de Jap\u00f3n. (Foto: Getty Images \/ Red Bull Content Pool)<\/figcaption><\/figure>\n\n\n\n<p class=\"wp-block-paragraph\"><strong><strong>\u00a1Conoce el canal de Grande Pr\u00eamio en Espa\u00f1ol en\u00a0<a href=\"https:\/\/www.youtube.com\/channel\/UCDxWojGVUi9gWYhrY0pGbIQ\" target=\"_blank\" rel=\"noreferrer noopener\">YouTube<\/a>!<br>\u00a1Sigue a\u00a0Grande Pr\u00eamio en Espa\u00f1ol\u00a0en\u00a0<a href=\"https:\/\/twitter.com\/grandepremioES\" target=\"_blank\" rel=\"noreferrer noopener\">Twitter\u00a0<\/a>y en\u00a0<a href=\"https:\/\/www.instagram.com\/grandepremioes\/\" target=\"_blank\" rel=\"noreferrer noopener\">Instagram<\/a>!<\/strong><\/strong><\/p>\n\n\n\n<p class=\"wp-block-paragraph\"><a href=\"https:\/\/grandepremio.com\/es\/\/f1\/verstappen-logra-titulo-de-f1-en-definicion-dramatica-de-abu-dhabi\/\" target=\"_blank\" rel=\"noreferrer noopener\">A diferencia de la primera consagraci\u00f3n de Verstappen en Abu Dhabi<\/a>, Jos no estuvo presente en Suzuka para celebrar con su hijo. El expiloto de F1 -que pas\u00f3 por las escuder\u00edas <strong>Benetton, Arrows y Minardi<\/strong>, entre otras- explic\u00f3 el motivo de su ausencia y reconoci\u00f3 que la fiesta acab\u00f3 siendo menor porque la ventaja de Max ya le permit\u00eda creer que el t\u00edtulo ser\u00eda cuesti\u00f3n de tiempo.<\/p>\n\n\n\n<p class=\"wp-block-paragraph\">&#8220;Suelo estar all\u00ed, pero he estado viajando mucho e ir a Jap\u00f3n no fue f\u00e1cil&#8221;, explic\u00f3. &#8220;La presi\u00f3n del a\u00f1o pasado lleg\u00f3 a ser insoportable, y despu\u00e9s de que todo terminara, nos invadieron emociones incre\u00edblemente fuertes. Este a\u00f1o ha sido muy diferente, ya que sab\u00edamos que el t\u00edtulo llegar\u00eda tarde o temprano, pero no sab\u00edamos cu\u00e1ndo&#8221;, admiti\u00f3.<\/p>\n\n\n\n<p class=\"wp-block-paragraph\">Verstappen tendr\u00e1 la oportunidad de igualar el r\u00e9cord de victorias en una sola temporada ya este fin de semana en el <strong>GP de Estados Unidos<\/strong>. El holand\u00e9s puede llegar a 13 triunfos en Austin, el mismo n\u00famero que registraron <strong>Michael Schumacher<\/strong> en 2004 y <strong>Sebastian Vettel <\/strong>en 2013. La decimonovena ronda de la temporada 2022 est\u00e1 prevista que se dispute entre el 21 y el 23 de octubre.<\/p>\n","protected":false},"excerpt":{"rendered":"<p>Jos Verstappen, padre de Max, consider\u00f3 que si Red Bull mantiene el nivel, el t\u00e1ndem piloto-equipo tiene cinco a\u00f1os exitosos por delante en la F\u00f3rmula 1.<\/p>\n","protected":false},"author":0,"featured_media":1010090100,"comment_status":"closed","ping_status":"closed","sticky":false,"template":"","format":"standard","meta":{"42wp_featured_image_caption":"","42wp_featured_image_credits":"","42wp_featured_video":"","42wp_featured_image_hidden":false,"42wp_authors_list":[],"footnotes":""},"categories":[5],"tags":[181,1495,185,179,1750,1422,1488,3438,2237,823,249,197,206],"42wp_author":[14223],"class_list":["post-21236","post","type-post","status-publish","format-standard","has-post-thumbnail","hentry","category-f1","tag-f1","tag-f1-2022","tag-ferrari","tag-formula-1","tag-gp-de-estados-unidos","tag-gp-de-japon","tag-grande-premio","tag-grande-premio-en-espanol","tag-grandepremio","tag-jos-verstappen","tag-max-verstappen","tag-mercedes","tag-red-bull","42wp_author-esteban-nieto"],"_links":{"self":[{"href":"https:\/\/grandepremio.com\/es\/wp-json\/wp\/v2\/posts\/21236","targetHints":{"allow":["GET"]}}],"collection":[{"href":"https:\/\/grandepremio.com\/es\/wp-json\/wp\/v2\/posts"}],"about":[{"href":"https:\/\/grandepremio.com\/es\/wp-json\/wp\/v2\/types\/post"}],"replies":[{"embeddable":true,"href":"https:\/\/grandepremio.com\/es\/wp-json\/wp\/v2\/comments?post=21236"}],"version-history":[{"count":0,"href":"https:\/\/grandepremio.com\/es\/wp-json\/wp\/v2\/posts\/21236\/revisions"}],"wp:featuredmedia":[{"embeddable":true,"href":"https:\/\/grandepremio.com\/es\/wp-json\/wp\/v2\/media\/1010090100"}],"wp:attachment":[{"href":"https:\/\/grandepremio.com\/es\/wp-json\/wp\/v2\/media?parent=21236"}],"wp:term":[{"taxonomy":"category","embeddable":true,"href":"https:\/\/grandepremio.com\/es\/wp-json\/wp\/v2\/categories?post=21236"},{"taxonomy":"post_tag","embeddable":true,"href":"https:\/\/grandepremio.com\/es\/wp-json\/wp\/v2\/tags?post=21236"},{"taxonomy":"42wp_author","embeddable":true,"href":"https:\/\/grandepremio.com\/es\/wp-json\/wp\/v2\/42wp_author?post=21236"}],"curies":[{"name":"wp","href":"https:\/\/api.w.org\/{rel}","templated":true}]}}