{"id":21248,"date":"2022-10-18T04:30:00","date_gmt":"2022-10-18T07:30:00","guid":{"rendered":"https:\/\/grandepremio.com\/es\/2022\/10\/18\/asesor-red-bull-guerra-max-verstappen-carlos-sainz-toro-rosso\/"},"modified":"2022-10-18T08:40:16","modified_gmt":"2022-10-18T11:40:16","slug":"asesor-red-bull-guerra-max-verstappen-carlos-sainz-toro-rosso","status":"publish","type":"post","link":"https:\/\/grandepremio.com\/es\/f1\/asesor-red-bull-guerra-max-verstappen-carlos-sainz-toro-rosso\/","title":{"rendered":"Asesor de Red Bull revela &#8220;fuerte&#8221; guerra entre Verstappen y Sainz en Toro Rosso"},"content":{"rendered":"\n<p class=\"wp-block-paragraph\">Helmut Marko, asesor deportivo de Red Bull, ha revelado que tuvo que desactivar una aut\u00e9ntica bomba en Toro Rosso en 2016: una guerra entre Max Verstappen y Carlos Sainz. Esa temporada, el holand\u00e9s sustituy\u00f3 a Daniil Kvyat como titular de la escuder\u00eda austriaca en el GP de Espa\u00f1a, cuando gan\u00f3 su primera carrera en su debut con la escuder\u00eda e inici\u00f3 la trayectoria que ya le ha valido dos t\u00edtulos mundiales. Sin embargo, Marko dijo que el cambio no fue puramente t\u00e9cnico, sino que tambi\u00e9n estuvo relacionado con un verdadero ambiente b\u00e9lico dentro del equipo de Faenza.<\/p>\n\n\n\n<p class=\"wp-block-paragraph\"><strong>VER TAMBI\u00c9N<br><a href=\"https:\/\/grandepremio.com\/es\/\/f1\/red-bull-atencion-total-2023\/\">Red Bull pone \u00abatenci\u00f3n total\u00bb en 2023 y descarta grandes mejoras hasta Abu Dhabi<\/a><br><a href=\"https:\/\/grandepremio.com\/es\/\/f1\/sainz-sancion-rigurosa-red-bull-techo-gastos\/\">Sainz exige a la FIA y pide sanci\u00f3n \u00abrigurosa\u00bb para Red Bull por violar el techo de gastos<\/a><\/strong><\/p>\n\n\n\n<p class=\"wp-block-paragraph\">Ese a\u00f1o, Verstappen form\u00f3 equipo con Carlos Sainz en Toro Rosso -ahora AlphaTauri-, mientras que Kvyat fue compa\u00f1ero de Daniel Ricciardo en el primer equipo. La cuesti\u00f3n es que, seg\u00fan Marko, el primer paso hacia el cambio se dio cuando el ruso empez\u00f3 a tener problemas con los frenos del coche, lo que le llev\u00f3 gradualmente a perder rendimiento.<\/p>\n\n\n\n<p class=\"wp-block-paragraph\">&#8220;Kvyat fue m\u00e1s r\u00e1pido que Ricciardo en su primer a\u00f1o en Red Bull&#8221;, dijo Marko a la revista alemana Auto Motor und Sport. &#8220;En el segundo a\u00f1o, desde el primer d\u00eda de pruebas, se le meti\u00f3 en la cabeza que hab\u00eda un problema con los frenos. Primero, perdi\u00f3 velocidad. Entonces llegaron los accidentes. De repente, te sientes inseguro. Ten\u00edamos que reaccionar&#8221;, explic\u00f3.<\/p>\n\n\n\n<figure class=\"wp-block-image aligncenter size-full\"><img decoding=\"async\" src=\"https:\/\/www.grandepremio.com\/br\/wp-content\/uploads\/2015\/03\/2015312758929_2015-f1-australia-QUI-02-verstappen-sainz_II.jpg\" alt=\"\" class=\"wp-image-270382\"\/><figcaption>El clima de guerra entre Verstappen y Sainz se acrecent\u00f3 por sus padres, seg\u00fan el asesor de Red Bull (Foto: Red Bull Content Pool)<\/figcaption><\/figure>\n\n\n\n<p class=\"wp-block-paragraph\"><strong><strong><strong>\u00a1Conoce el canal de Grande Pr\u00eamio en Espa\u00f1ol en\u00a0<a href=\"https:\/\/www.youtube.com\/channel\/UCDxWojGVUi9gWYhrY0pGbIQ\" target=\"_blank\" rel=\"noreferrer noopener\">YouTube<\/a>!<br>\u00a1Sigue a\u00a0Grande Pr\u00eamio en Espa\u00f1ol\u00a0en\u00a0<a href=\"https:\/\/twitter.com\/grandepremioES\" target=\"_blank\" rel=\"noreferrer noopener\">Twitter\u00a0<\/a>y en\u00a0<a href=\"https:\/\/www.instagram.com\/grandepremioes\/\" target=\"_blank\" rel=\"noreferrer noopener\">Instagram<\/a>!<\/strong><\/strong><\/strong><\/p>\n\n\n\n<p class=\"wp-block-paragraph\">As\u00ed, Marko uni\u00f3 lo \u00fatil a lo agradable: adem\u00e1s de despedir a Kvyat, desactiv\u00f3 un ambiente b\u00e9lico que se ven\u00eda gestando entre Verstappen y Sainz en Red Bull -con fuerte participaci\u00f3n de sus padres Jos Verstappen [ex piloto de F\u00f3rmula 1] y Carlos Sainz [bicampe\u00f3n mundial de rally].<\/p>\n\n\n\n<p class=\"wp-block-paragraph\">&#8220;Ten\u00edamos a Sainz y a Verstappen al mismo tiempo. Esa no era una relaci\u00f3n saludable para Toro Rosso&#8221;, continu\u00f3. &#8220;Por un lado, el perspicaz y pol\u00edtico Carlos Sainz padre. Por otro, el emocional Jos Verstappen. En algunos momentos, las cosas se pusieron realmente pesadas&#8221;, revel\u00f3.<\/p>\n\n\n\n<p class=\"wp-block-paragraph\">&#8220;Con el ascenso de Max [Verstappen], lo resolvimos en un solo movimiento&#8221;, subray\u00f3. &#8220;El padre de Sainz se sinti\u00f3 absurdamente ofendido, por supuesto, y empez\u00f3 a no entender m\u00e1s el mundo. Internamente, a veces tuvimos que tomar medidas duras, aunque de cara al exterior siempre pareciera un ambiente armonioso&#8221;, finaliz\u00f3.<\/p>\n\n\n\n<p class=\"wp-block-paragraph\">La <strong>F\u00f3rmula 1<\/strong> vuelve a la acci\u00f3n con la disputa del <strong>GP de Estados Unidos<\/strong> del 21 al 23 de octubre. <strong>GRANDE PR\u00caMIO<\/strong> sigue toda la acci\u00f3n en <strong>Austin<\/strong>, <strong>Texas<\/strong>.<\/p>\n","protected":false},"excerpt":{"rendered":"<p>El asesor deportivo de Red Bull, Helmut Marko, ha revelado que el cambio de Daniil Kvyat por Max Verstappen no s\u00f3lo se debi\u00f3 a los fallos del ruso, sino tambi\u00e9n al ambiente b\u00e9lico entre el holand\u00e9s y Carlos Sainz en Toro Rosso.<\/p>\n","protected":false},"author":0,"featured_media":1010090043,"comment_status":"closed","ping_status":"closed","sticky":false,"template":"","format":"standard","meta":{"42wp_featured_image_caption":"","42wp_featured_image_credits":"","42wp_featured_video":"","42wp_featured_image_hidden":false,"42wp_authors_list":[],"footnotes":""},"categories":[5],"tags":[302,181,179,2236,3438,1358,249,206,846],"42wp_author":[14234],"class_list":["post-21248","post","type-post","status-publish","format-standard","has-post-thumbnail","hentry","category-f1","tag-carlos-sainz","tag-f1","tag-formula-1","tag-grande-premio-2","tag-grande-premio-en-espanol","tag-helmut-marko","tag-max-verstappen","tag-red-bull","tag-toro-rosso","42wp_author-douglas-rocha"],"_links":{"self":[{"href":"https:\/\/grandepremio.com\/es\/wp-json\/wp\/v2\/posts\/21248","targetHints":{"allow":["GET"]}}],"collection":[{"href":"https:\/\/grandepremio.com\/es\/wp-json\/wp\/v2\/posts"}],"about":[{"href":"https:\/\/grandepremio.com\/es\/wp-json\/wp\/v2\/types\/post"}],"replies":[{"embeddable":true,"href":"https:\/\/grandepremio.com\/es\/wp-json\/wp\/v2\/comments?post=21248"}],"version-history":[{"count":0,"href":"https:\/\/grandepremio.com\/es\/wp-json\/wp\/v2\/posts\/21248\/revisions"}],"wp:featuredmedia":[{"embeddable":true,"href":"https:\/\/grandepremio.com\/es\/wp-json\/wp\/v2\/media\/1010090043"}],"wp:attachment":[{"href":"https:\/\/grandepremio.com\/es\/wp-json\/wp\/v2\/media?parent=21248"}],"wp:term":[{"taxonomy":"category","embeddable":true,"href":"https:\/\/grandepremio.com\/es\/wp-json\/wp\/v2\/categories?post=21248"},{"taxonomy":"post_tag","embeddable":true,"href":"https:\/\/grandepremio.com\/es\/wp-json\/wp\/v2\/tags?post=21248"},{"taxonomy":"42wp_author","embeddable":true,"href":"https:\/\/grandepremio.com\/es\/wp-json\/wp\/v2\/42wp_author?post=21248"}],"curies":[{"name":"wp","href":"https:\/\/api.w.org\/{rel}","templated":true}]}}