{"id":21275,"date":"2022-10-14T13:03:30","date_gmt":"2022-10-14T16:03:30","guid":{"rendered":"https:\/\/grandepremio.com\/es\/2022\/10\/14\/verstappen-pareja-holandesa-de-vries\/"},"modified":"2022-10-14T13:39:04","modified_gmt":"2022-10-14T16:39:04","slug":"verstappen-pareja-holandesa-de-vries","status":"publish","type":"post","link":"https:\/\/grandepremio.com\/es\/f1\/verstappen-pareja-holandesa-de-vries\/","title":{"rendered":"Verstappen y una posible pareja holandesa con De Vries: &#8220;No deber\u00edas preguntarme eso&#8221;"},"content":{"rendered":"\n<p class=\"wp-block-paragraph\"><strong>Max Verstappen<\/strong> evit\u00f3 comentar sobre una posible pareja holandesa en el futuro en <a href=\"https:\/\/grandepremio.com\/es\/\/categoria\/f1\/\" target=\"_blank\" rel=\"noreferrer noopener\">Red Bull<\/a>, tema que surgi\u00f3 tras el anuncio de que <strong>Nyck de Vries<\/strong> correr\u00e1 para <strong>AlphaTauri<\/strong> a partir de 2023. Si bien el campe\u00f3n tiene contrato con <strong>Red Bull<\/strong> hasta 2028, <strong>Sergio P\u00e9rez<\/strong> ha firmado un contrato hasta finales de 2024, un hecho que <strong>Max<\/strong> record\u00f3 cuando se le pregunt\u00f3 sobre el tema.<\/p>\n\n\n\n<p class=\"wp-block-paragraph\">&#8220;No deber\u00edas preguntarme eso&#8221;, respondi\u00f3 <strong>Verstappen<\/strong> al servicio de transmisi\u00f3n sueco <em>Viaplay<\/em>. \u201cEso tambi\u00e9n depende de lo que pase a mi alrededor con \u2018<strong>Checo<\/strong>\u2019 [P\u00e9rez], por ejemplo, mientras siga rindiendo bien. Pero primero, aprovechemos el hecho de que tenemos dos holandeses en la <strong>F\u00f3rmula 1<\/strong>&#8220;, afirm\u00f3.<\/p>\n\n\n\n<p class=\"wp-block-paragraph\">A pesar de haber nacido en el mismo pa\u00eds, <strong>Verstappen<\/strong> y <strong>De Vries<\/strong> tienen caminos muy diferentes en el automovilismo. Mientras <strong>Max<\/strong> lleg\u00f3 a la F1 con 17 a\u00f1os, <strong>Nyck<\/strong> pas\u00f3 por varias experiencias en otras categor\u00edas, como el <strong>WEC<\/strong> y la <strong>F\u00f3rmula E<\/strong> -de la que fue campe\u00f3n en 2020\/2021- y llega con 27 a\u00f1os, aunque solo har\u00e1 su debut como titular a los 28.<\/p>\n\n\n\n<p class=\"wp-block-paragraph\"><strong><strong>\u00a1Conoce el canal de Grande Pr\u00eamio en Espa\u00f1ol en\u00a0<a href=\"https:\/\/www.youtube.com\/channel\/UCDxWojGVUi9gWYhrY0pGbIQ\" target=\"_blank\" rel=\"noreferrer noopener\">YouTube<\/a>!<br>\u00a1Sigue a\u00a0Grande Pr\u00eamio en Espa\u00f1ol\u00a0en\u00a0<a href=\"https:\/\/twitter.com\/grandepremioES\" target=\"_blank\" rel=\"noreferrer noopener\">Twitter\u00a0<\/a>y en\u00a0<a href=\"https:\/\/www.instagram.com\/grandepremioes\/\" target=\"_blank\" rel=\"noreferrer noopener\">Instagram<\/a>!<\/strong><\/strong><\/p>\n\n\n\n<figure class=\"wp-block-image size-large\"><img decoding=\"async\" src=\"https:\/\/www.grandepremio.com\/br\/wp-content\/uploads\/2020\/05\/SI202210090071_hires_jpeg_24bit_rgb-e1665562720280-1024x863.jpg\" alt=\"\" class=\"wp-image-622827\"\/><figcaption>Nyck de Vries ser\u00e1 compa\u00f1ero de Yuki Tsunoda en AlphaTauri en 2023 (Foto: Peter Fox\/Getty Images)<\/figcaption><\/figure>\n\n\n\n<p class=\"wp-block-paragraph\">Al comentar sobre el fichaje de De Vries, <strong>Verstappen<\/strong> destac\u00f3 el debut del holand\u00e9s en una carrera de <strong>F\u00f3rmula 1.<\/strong> Llamado apresuradamente para reemplazar a Alexander Albon, <strong>Nyck<\/strong> termin\u00f3 noveno en el <strong>GP de Italia<\/strong> y sum\u00f3 dos puntos para <strong>Williams<\/strong>, que sigue en el \u00faltimo lugar en el Campeonato Mundial. Adem\u00e1s, lleg\u00f3 al top 10 por delante de <strong>Nicholas Latifi<\/strong>, que solo sum\u00f3 puntos en 2022 en el GP de Jap\u00f3n.<\/p>\n\n\n\n<p class=\"wp-block-paragraph\">\u201cAhora tiene un asiento para los pr\u00f3ximos a\u00f1os. Y eso est\u00e1 muy bien\u201d, destac\u00f3 el bicampe\u00f3n del mundo. \u201cLo que tambi\u00e9n me gusta es que aprovech\u00f3 esa \u00fanica oportunidad [en el GP de Italia] con ambas manos. Inmediatamente anot\u00f3 puntos y estoy muy feliz por \u00e9l\u201d, dijo el compatriota. <\/p>\n\n\n\n<p class=\"wp-block-paragraph\">Finalmente, <strong>Verstappen<\/strong> tuvo algunos elogios para su antiguo equipo. Seg\u00fan el holand\u00e9s, <strong>De Vries<\/strong> puede &#8220;aprender mucho&#8221; en <strong>AlphaTauri<\/strong>; sin embargo, debe demostrar que puede cumplir los objetivos establecidos por el equipo de Faenza.<\/p>\n\n\n\n<p class=\"wp-block-paragraph\">\u201cTambi\u00e9n estoy seguro de que puede aprender mucho en <strong>AlphaTauri<\/strong>\u201d, dijo. \u201cTambi\u00e9n es un equipo muy bueno, y espero que competitivo. Por supuesto, se trata de poder luchar por esos puntos\u201d, concluy\u00f3.<\/p>\n\n\n\n<p class=\"wp-block-paragraph\">La <strong>F\u00f3rmula 1 <\/strong>vuelve a la actividad con la disputa del <strong>GP de Estados Unidos<\/strong>, en Austin, previsto para el 21 y 23 de octubre.<\/p>\n","protected":false},"excerpt":{"rendered":"<p>Max Verstappen dice que no toma decisiones sobre qui\u00e9n corre junto a \u00e9l en Red Bull, al despistar la posibilidad de una pareja holandesa con Nyck de Vries en el futuro.<\/p>\n","protected":false},"author":0,"featured_media":1010089264,"comment_status":"closed","ping_status":"closed","sticky":false,"template":"","format":"standard","meta":{"42wp_featured_image_caption":"","42wp_featured_image_credits":"","42wp_featured_video":"","42wp_featured_image_hidden":false,"42wp_authors_list":[],"footnotes":""},"categories":[5],"tags":[508,181,1495,179,2236,3438,1577,249,1540,206],"42wp_author":[14233],"class_list":["post-21275","post","type-post","status-publish","format-standard","has-post-thumbnail","hentry","category-f1","tag-alphatauri","tag-f1","tag-f1-2022","tag-formula-1","tag-grande-premio-2","tag-grande-premio-en-espanol","tag-holanda","tag-max-verstappen","tag-nyck-de-vries","tag-red-bull","42wp_author-eric-calduch"],"_links":{"self":[{"href":"https:\/\/grandepremio.com\/es\/wp-json\/wp\/v2\/posts\/21275","targetHints":{"allow":["GET"]}}],"collection":[{"href":"https:\/\/grandepremio.com\/es\/wp-json\/wp\/v2\/posts"}],"about":[{"href":"https:\/\/grandepremio.com\/es\/wp-json\/wp\/v2\/types\/post"}],"replies":[{"embeddable":true,"href":"https:\/\/grandepremio.com\/es\/wp-json\/wp\/v2\/comments?post=21275"}],"version-history":[{"count":0,"href":"https:\/\/grandepremio.com\/es\/wp-json\/wp\/v2\/posts\/21275\/revisions"}],"wp:featuredmedia":[{"embeddable":true,"href":"https:\/\/grandepremio.com\/es\/wp-json\/wp\/v2\/media\/1010089264"}],"wp:attachment":[{"href":"https:\/\/grandepremio.com\/es\/wp-json\/wp\/v2\/media?parent=21275"}],"wp:term":[{"taxonomy":"category","embeddable":true,"href":"https:\/\/grandepremio.com\/es\/wp-json\/wp\/v2\/categories?post=21275"},{"taxonomy":"post_tag","embeddable":true,"href":"https:\/\/grandepremio.com\/es\/wp-json\/wp\/v2\/tags?post=21275"},{"taxonomy":"42wp_author","embeddable":true,"href":"https:\/\/grandepremio.com\/es\/wp-json\/wp\/v2\/42wp_author?post=21275"}],"curies":[{"name":"wp","href":"https:\/\/api.w.org\/{rel}","templated":true}]}}