{"id":21283,"date":"2022-10-13T11:31:37","date_gmt":"2022-10-13T14:31:37","guid":{"rendered":"https:\/\/grandepremio.com\/es\/2022\/10\/13\/alpine-lando-norris-mercedes-mclaren\/"},"modified":"2022-10-13T11:31:39","modified_gmt":"2022-10-13T14:31:39","slug":"alpine-lando-norris-mercedes-mclaren","status":"publish","type":"post","link":"https:\/\/grandepremio.com\/es\/f1\/alpine-lando-norris-mercedes-mclaren\/","title":{"rendered":"Alpine responde a Norris y dice que est\u00e1 &#8220;m\u00e1s centrada en Mercedes&#8221; que en McLaren"},"content":{"rendered":"\n<p class=\"wp-block-paragraph\"><strong>Alpine<\/strong> se apresur\u00f3 a comentar <a href=\"https:\/\/grandepremio.com\/es\/\/f1\/norris-inferioridad-mclaren-critica-alpine\/\">las declaraciones de <strong>Lando Norris<\/strong><\/a> en las que afirmaba no entender c\u00f3mo la escuder\u00eda francesa est\u00e1 s\u00f3lo 13 puntos por delante de <strong>McLaren<\/strong> en la temporada 2022 de <strong>F\u00f3rmula 1<\/strong> pese a tener un coche mucho m\u00e1s r\u00e1pido. El director deportivo, <strong>Alan Permane<\/strong>, dijo que, de hecho, el equipo de <strong>Woking<\/strong> no es una preocupaci\u00f3n, sino todo lo contrario: &#8220;con el coche que tiene&#8221;, la lucha de los de Enstone es vencer a <strong>Mercedes<\/strong>.<\/p>\n\n\n\n<p class=\"wp-block-paragraph\">Alpine y McLaren mantienen un duelo particular por el cuarto puesto en el <strong>Mundial de Constructores<\/strong>, pero los franceses han conseguido hacerse con el control a partir de <strong>Austria<\/strong>. Sin embargo, en la pen\u00faltima ronda en <strong>Singapur<\/strong>, un doble abandono de <strong>Esteban Ocon<\/strong> y <strong>Fernando Alonso<\/strong> hizo que McLaren volviera a la cuarta posici\u00f3n.<\/p>\n\n\n\n<p class=\"wp-block-paragraph\"><strong><strong><strong>\u00a1Conoce el canal de Grande Pr\u00eamio en Espa\u00f1ol en\u00a0<a href=\"https:\/\/www.youtube.com\/channel\/UCDxWojGVUi9gWYhrY0pGbIQ\" target=\"_blank\" rel=\"noreferrer noopener\">YouTube<\/a>!<br>\u00a1Sigue a\u00a0Grande Pr\u00eamio en Espa\u00f1ol\u00a0en\u00a0<a href=\"https:\/\/twitter.com\/grandepremioES\" target=\"_blank\" rel=\"noreferrer noopener\">Twitter\u00a0<\/a>y en\u00a0<a href=\"https:\/\/www.instagram.com\/grandepremioes\/\" target=\"_blank\" rel=\"noreferrer noopener\">Instagram<\/a>!<\/strong><\/strong><\/strong><\/p>\n\n\n\n<figure class=\"wp-block-image size-large\"><img decoding=\"async\" src=\"https:\/\/www.grandepremio.com\/br\/wp-content\/uploads\/2020\/05\/000_32KY3W3-1024x683.jpg\" alt=\"\" class=\"wp-image-621760\"\/><figcaption>Fernando Alonso ayud\u00f3 a Alpine a recuperar el cuarto puesto en el Campeonato Mundial de Constructores (Foto: Toshifumi Kitamura\/AFP)<\/figcaption><\/figure>\n\n\n\n<p class=\"wp-block-paragraph\">En <strong>Jap\u00f3n<\/strong>, Alpine volvi\u00f3 a tener una gran actuaci\u00f3n y lograron un gran cuarto puesto con Ocon y vio a Alonso s\u00e9ptimo, mientras que McLaren se qued\u00f3 con un solo punto por el d\u00e9cimo puesto de Norris. De este modo, el equipo de Enstone vuelve a ser la cuarta fuerza en la tabla de clasificaci\u00f3n.<\/p>\n\n\n\n<p class=\"wp-block-paragraph\"><strong>VER TAMBI\u00c9N<br><a href=\"https:\/\/grandepremio.com\/es\/\/f1\/detalles-acuerdo-gasly-alpine\/\">15 millones de euros y 3 a\u00f1os de v\u00ednculo: los detalles del acuerdo entre Gasly y Alpine<\/a><br><a href=\"https:\/\/grandepremio.com\/es\/\/f1\/alpine-negociacion-ricciardo-2023\/\">Alpine revela negociaci\u00f3n con Ricciardo sobre lugar en 2023: \u00abConversamos al inicio\u00bb<\/a><br><a href=\"https:\/\/grandepremio.com\/es\/\/f1\/alex-palou-ensayo-mclaren-austria-formula-1\/\">Palou eval\u00faa segundo ensayo con un McLaren de F1 en la pista de Austria: \u00abMuy divertido\u00bb<\/a><\/strong><\/p>\n\n\n\n<p class=\"wp-block-paragraph\">&#8220;Lando sigue diciendo eso, \u00bfno? S\u00f3lo tenemos que estar al frente. No s\u00e9 por qu\u00e9 insiste en eso, creo que le hemos puesto nervioso&#8221;, replic\u00f3 Permane. &#8220;Estamos mucho m\u00e1s centrados en Mercedes. Estamos tratando de vencer a Mercedes, eso es lo que estamos tratando de hacer. Buscamos llegar a ese nivel&#8221;, a\u00f1adi\u00f3 el director, quien tambi\u00e9n dijo que tras el rev\u00e9s sufrido en Singapur, Alpine pudo &#8220;volver a la normalidad&#8221; en <strong>Suzuka<\/strong>.<\/p>\n\n\n\n<p class=\"wp-block-paragraph\">&#8220;Creo que podemos hacer lo mismo en las pr\u00f3ximas carreras. El coche es claramente m\u00e1s r\u00e1pido, y creo que nos estamos acercando a los de arriba&#8221;, concluy\u00f3 Permane.<\/p>\n","protected":false},"excerpt":{"rendered":"<p>El director deportivo de Alpine, Alan Permane, ha contraatacado a las declaraciones de Lando Norris, afirmando que &#8220;con el coche que tiene&#8221;, la escuder\u00eda francesa aspira a superar a Mercedes, actualmente tercera en el Mundial de Constructores.<\/p>\n","protected":false},"author":0,"featured_media":1010089215,"comment_status":"closed","ping_status":"closed","sticky":false,"template":"","format":"standard","meta":{"42wp_featured_image_caption":"","42wp_featured_image_credits":"","42wp_featured_video":"","42wp_featured_image_hidden":false,"42wp_authors_list":[],"footnotes":""},"categories":[5],"tags":[1514,678,362,181,1495,184,179,1488,2237,268,197],"42wp_author":[14234],"class_list":["post-21283","post","type-post","status-publish","format-standard","has-post-thumbnail","hentry","category-f1","tag-alan-permane","tag-alpine","tag-esteban-ocon","tag-f1","tag-f1-2022","tag-fernando-alonso","tag-formula-1","tag-grande-premio","tag-grandepremio","tag-lando-norris","tag-mercedes","42wp_author-douglas-rocha"],"_links":{"self":[{"href":"https:\/\/grandepremio.com\/es\/wp-json\/wp\/v2\/posts\/21283","targetHints":{"allow":["GET"]}}],"collection":[{"href":"https:\/\/grandepremio.com\/es\/wp-json\/wp\/v2\/posts"}],"about":[{"href":"https:\/\/grandepremio.com\/es\/wp-json\/wp\/v2\/types\/post"}],"replies":[{"embeddable":true,"href":"https:\/\/grandepremio.com\/es\/wp-json\/wp\/v2\/comments?post=21283"}],"version-history":[{"count":0,"href":"https:\/\/grandepremio.com\/es\/wp-json\/wp\/v2\/posts\/21283\/revisions"}],"wp:featuredmedia":[{"embeddable":true,"href":"https:\/\/grandepremio.com\/es\/wp-json\/wp\/v2\/media\/1010089215"}],"wp:attachment":[{"href":"https:\/\/grandepremio.com\/es\/wp-json\/wp\/v2\/media?parent=21283"}],"wp:term":[{"taxonomy":"category","embeddable":true,"href":"https:\/\/grandepremio.com\/es\/wp-json\/wp\/v2\/categories?post=21283"},{"taxonomy":"post_tag","embeddable":true,"href":"https:\/\/grandepremio.com\/es\/wp-json\/wp\/v2\/tags?post=21283"},{"taxonomy":"42wp_author","embeddable":true,"href":"https:\/\/grandepremio.com\/es\/wp-json\/wp\/v2\/42wp_author?post=21283"}],"curies":[{"name":"wp","href":"https:\/\/api.w.org\/{rel}","templated":true}]}}