{"id":21285,"date":"2022-10-13T10:04:57","date_gmt":"2022-10-13T13:04:57","guid":{"rendered":"https:\/\/grandepremio.com\/es\/2022\/10\/13\/ceo-mclaren-ricciardo-divorcio\/"},"modified":"2022-10-13T11:23:32","modified_gmt":"2022-10-13T14:23:32","slug":"ceo-mclaren-ricciardo-divorcio","status":"publish","type":"post","link":"https:\/\/grandepremio.com\/es\/f1\/ceo-mclaren-ricciardo-divorcio\/","title":{"rendered":"CEO de McLaren halaga a Ricciardo tras divorcio: &#8220;Soy un gran fan, y eso nunca cambiar\u00e1&#8221;"},"content":{"rendered":"\n<p class=\"wp-block-paragraph\">En mayo de este a\u00f1o, <strong>Zak Brown<\/strong> fue el primero en criticar p\u00fablicamente a <strong>Daniel Ricciardo<\/strong> por su rendimiento decepcionante en la actual temporada de <a href=\"https:\/\/grandepremio.com\/es\/\/categoria\/f1\/\" target=\"_blank\" rel=\"noreferrer noopener\">F\u00f3rmula 1<\/a>. Tres meses despu\u00e9s, cuando el equipo de Woking rescindi\u00f3 oficialmente el contrato del australiano, en previsi\u00f3n de anunciar a <strong>Oscar Piastri<\/strong>, el director ejecutivo del grupo suaviz\u00f3 el tono y llen\u00f3 de elogios al futuro ex piloto.<\/p>\n\n\n\n<p class=\"wp-block-paragraph\">Ahora, con la confirmaci\u00f3n de la pareja <strong>Lando Norris<\/strong> y <strong>Piastri<\/strong> para 2023, deja a <strong>Ricciardo<\/strong> sin esperanzas de permanecer en la parrilla para la pr\u00f3xima temporada de F1. Por ello, las cosas se han calmado. Presente en <strong>Bathurst 1000<\/strong>, una carrera de coches de turismo de 1000 kil\u00f3metros celebrada en <strong>Australia<\/strong>, en lugar de asistir al GP de Jap\u00f3n, <strong>Brown<\/strong> volvi\u00f3 a hablar con cari\u00f1o sobre el piloto de 33 a\u00f1os.<\/p>\n\n\n\n<p class=\"wp-block-paragraph\">\u201cAl final, no est\u00e1bamos obteniendo los resultados que quer\u00edamos y llev\u00e1bamos un a\u00f1o y medio en eso. Todos nos esforzamos mucho. Amamos a <strong>Daniel<\/strong>, es genial trabajar con \u00e9l y todav\u00eda lo es. Pero estamos en un negocio de resultados, y los resultados no estaban llegando, y sentimos que lo hab\u00edamos intentado todo\u201d, dijo <strong>Brown<\/strong> a <em>Kayo Sports<\/em>.<\/p>\n\n\n\n<p class=\"wp-block-paragraph\"><strong><strong>\u00a1Conoce el canal de Grande Pr\u00eamio en Espa\u00f1ol en\u00a0<a href=\"https:\/\/www.youtube.com\/channel\/UCDxWojGVUi9gWYhrY0pGbIQ\" target=\"_blank\" rel=\"noreferrer noopener\">YouTube<\/a>!<br>\u00a1Sigue a\u00a0Grande Pr\u00eamio en Espa\u00f1ol\u00a0en\u00a0<a href=\"https:\/\/twitter.com\/grandepremioES\" target=\"_blank\" rel=\"noreferrer noopener\">Twitter\u00a0<\/a>y en\u00a0<a href=\"https:\/\/www.instagram.com\/grandepremioes\/\" target=\"_blank\" rel=\"noreferrer noopener\">Instagram<\/a>!<\/strong><\/strong><\/p>\n\n\n\n<figure class=\"wp-block-image size-large\"><img decoding=\"async\" src=\"https:\/\/www.grandepremio.com\/br\/wp-content\/uploads\/2021\/08\/30_ZakBrown-scaled-e1663438013363-1024x824.jpg\" alt=\"ZAK BROWN; MCLAREN;\" class=\"wp-image-500195\"\/><figcaption>Zak Brown coment\u00f3 la salida de Daniel Ricciardo del equipo (Foto: McLaren)<\/figcaption><\/figure>\n\n\n\n<p class=\"wp-block-paragraph\">\u201cRealmente no sabemos por qu\u00e9 \u2018no se encendi\u00f3\u2019, y no es culpa de nadie. Hicimos nuestro mejor esfuerzo, \u00e9l tambi\u00e9n. Simplemente nos quedamos sin alternativas. A veces, los atletas pasan por un per\u00edodo de ca\u00edda o necesitan un cambio de ambiente\u201d, complet\u00f3.<\/p>\n\n\n\n<p class=\"wp-block-paragraph\"><strong>Ricciardo<\/strong> lleg\u00f3 a <strong>McLaren<\/strong> con muchas expectativas tras su marcha de <strong>Red Bull<\/strong> y dos buenos a\u00f1os en Renault. <strong>Brown<\/strong> incluso revel\u00f3 que intent\u00f3 fichar al australiano en 2018, y confirm\u00f3 nuevamente que incluso habl\u00f3 con el australiano sobre un posible cambio de categor\u00eda, a\u00fan compitiendo por el equipo naranja.<\/p>\n\n\n\n<p class=\"wp-block-paragraph\">\u201cTrat\u00e9 de contratar a <strong>Daniel<\/strong> antes de que se fuera a <strong>Renault<\/strong>, as\u00ed que fue un proceso de a\u00f1os. Soy un gran admirador suyo, todav\u00eda lo soy, y eso nunca cambiar\u00e1. Le pregunt\u00e9 si quer\u00eda conducir para nosotros en <strong>IndyCar<\/strong> o <strong>F\u00f3rmula E<\/strong>\u2026 Me encantar\u00eda mantener a <strong>Daniel<\/strong> en la familia, pero todav\u00eda est\u00e1 muy concentrado en la <strong>F\u00f3rmula 1<\/strong>, y lo entiendo, es la categor\u00eda m\u00e1s importante del mundo&#8221;, afirm\u00f3.<\/p>\n\n\n\n<figure class=\"wp-block-image size-large\"><img decoding=\"async\" src=\"https:\/\/www.grandepremio.com\/br\/wp-content\/uploads\/2022\/10\/mclaren-danielricciardo-02-3-1024x683.jpg\" alt=\"\" class=\"wp-image-621140\"\/><figcaption>Daniel Ricciardo no estar\u00e1 en la F\u00f3rmula 1 en 2023 (Foto: McLaren)<\/figcaption><\/figure>\n\n\n\n<p class=\"wp-block-paragraph\"><strong>Brown<\/strong> revel\u00f3 que dejar ir a <strong>Ricciardo<\/strong> antes de que finalice su contrato, que terminar\u00e1 la temporada 2023, fue &#8220;probablemente lo m\u00e1s dif\u00edcil con lo que tuve que lidiar durante mi carrera en el automovilismo&#8221;.<\/p>\n\n\n\n<p class=\"wp-block-paragraph\">\u201cNo fue agradable ni divertido. Pero mi trabajo, junto con <strong>Andreas<\/strong> (Seidl, director del equipo de F1), es tomar decisiones dif\u00edciles, y lo hicimos porque realmente no hemos visto ning\u00fan progreso. Solo necesit\u00e1bamos hacer un cambio para ambas partes involucradas y, con suerte, ponerlo en una situaci\u00f3n en la que pueda volver a ser competitivo y en un coche de <strong>F1<\/strong>, sea del equipo que sea. Pero fue una gran frustraci\u00f3n\u201d, apunt\u00f3.<\/p>\n\n\n\n<p class=\"wp-block-paragraph\">El d\u00eda que el <strong>CRB<\/strong> (Contract Recognition Board) de la <strong>FIA<\/strong> reconoci\u00f3 como v\u00e1lido el contrato entre Piastri y <strong>McLaren<\/strong>, el joven australiano fue anunciado por el equipo. El mismo d\u00eda, se revel\u00f3 que el v\u00ednculo entre las partes se firm\u00f3 el 4 de julio de este a\u00f1o \u2013al ser consultado al respecto, <strong>Ricciardo<\/strong> afirm\u00f3 que desconoc\u00eda este hecho. Finalmente, sobre todo este tema, el director general del grupo trat\u00f3 de excusarse.<\/p>\n\n\n\n<p class=\"wp-block-paragraph\">\u201cS\u00e9 que hubo mucha especulaci\u00f3n en los medios sobre cu\u00e1ndo sucedi\u00f3 todo y c\u00f3mo sucedi\u00f3. <strong>Daniel<\/strong> y yo sabemos lo que realmente pas\u00f3 y creo que es por eso que todav\u00eda tenemos una relaci\u00f3n muy fuerte. Todo fue transparente, bien comunicado y, a veces, podemos decirle a la gente lo que est\u00e1 pasando, otras veces no. Lo m\u00e1s importante para m\u00ed es que cuando <strong>Daniel<\/strong> y yo nos encontremos, nos vamos a abrazar. Todav\u00eda tenemos carreras por delante y vamos a darlo todo. No tengo nada m\u00e1s que grandes cosas que decir sobre \u00e9l. Es un gran individuo&#8221;, concluy\u00f3 <strong>Brown<\/strong>.<\/p>\n","protected":false},"excerpt":{"rendered":"<p>Zak Brown habl\u00f3 sobre la salida del australiano. El director ejecutivo llen\u00f3 a Ricciardo de elogios, volvi\u00f3 a confirmar que trat\u00f3 de llevarlo a Indy\/F\u00f3rmula E y dijo que dejar ir al piloto &#8220;fue probablemente lo m\u00e1s dif\u00edcil con lo que tuve que lidiar en mi carrera&#8221;.<\/p>\n","protected":false},"author":0,"featured_media":1010089204,"comment_status":"closed","ping_status":"closed","sticky":false,"template":"","format":"standard","meta":{"42wp_featured_image_caption":"","42wp_featured_image_credits":"","42wp_featured_video":"","42wp_featured_image_hidden":false,"42wp_authors_list":[],"footnotes":""},"categories":[5],"tags":[2083,365,181,1495,179,2236,3438,2237,269,2858,328],"42wp_author":[14233],"class_list":["post-21285","post","type-post","status-publish","format-standard","has-post-thumbnail","hentry","category-f1","tag-ceo-de-mclaren","tag-daniel-ricciardo","tag-f1","tag-f1-2022","tag-formula-1","tag-grande-premio-2","tag-grande-premio-en-espanol","tag-grandepremio","tag-mclaren","tag-mercado-de-pilotos","tag-zak-brown","42wp_author-eric-calduch"],"_links":{"self":[{"href":"https:\/\/grandepremio.com\/es\/wp-json\/wp\/v2\/posts\/21285","targetHints":{"allow":["GET"]}}],"collection":[{"href":"https:\/\/grandepremio.com\/es\/wp-json\/wp\/v2\/posts"}],"about":[{"href":"https:\/\/grandepremio.com\/es\/wp-json\/wp\/v2\/types\/post"}],"replies":[{"embeddable":true,"href":"https:\/\/grandepremio.com\/es\/wp-json\/wp\/v2\/comments?post=21285"}],"version-history":[{"count":0,"href":"https:\/\/grandepremio.com\/es\/wp-json\/wp\/v2\/posts\/21285\/revisions"}],"wp:featuredmedia":[{"embeddable":true,"href":"https:\/\/grandepremio.com\/es\/wp-json\/wp\/v2\/media\/1010089204"}],"wp:attachment":[{"href":"https:\/\/grandepremio.com\/es\/wp-json\/wp\/v2\/media?parent=21285"}],"wp:term":[{"taxonomy":"category","embeddable":true,"href":"https:\/\/grandepremio.com\/es\/wp-json\/wp\/v2\/categories?post=21285"},{"taxonomy":"post_tag","embeddable":true,"href":"https:\/\/grandepremio.com\/es\/wp-json\/wp\/v2\/tags?post=21285"},{"taxonomy":"42wp_author","embeddable":true,"href":"https:\/\/grandepremio.com\/es\/wp-json\/wp\/v2\/42wp_author?post=21285"}],"curies":[{"name":"wp","href":"https:\/\/api.w.org\/{rel}","templated":true}]}}