{"id":21310,"date":"2022-10-10T16:47:23","date_gmt":"2022-10-10T19:47:23","guid":{"rendered":"https:\/\/grandepremio.com\/es\/2022\/10\/10\/fabricio-pezzini-campeon-tcr-sudamericano\/"},"modified":"2022-10-10T16:47:25","modified_gmt":"2022-10-10T19:47:25","slug":"fabricio-pezzini-campeon-tcr-sudamericano","status":"publish","type":"post","link":"https:\/\/grandepremio.com\/es\/turismo\/fabricio-pezzini-campeon-tcr-sudamericano\/","title":{"rendered":"Pezzini logra el t\u00edtulo en el TCR Sudamericano; Barrio y Rosso vencen en San Juan"},"content":{"rendered":"\n<p class=\"wp-block-paragraph\">El argentino <strong>Fabricio Pezzini <\/strong>es el nuevo campe\u00f3n del <strong>TCR Sudamericano<\/strong>. El piloto de <strong>PMO Motorsport <\/strong>se asegur\u00f3 el t\u00edtulo en la carrera 1 celebrada este domingo en San Juan, Argentina. Saliendo desde la pole, Pezzini se encontr\u00f3 en una situaci\u00f3n extremadamente c\u00f3moda, ya que su compatriota <strong>Juan \u00c1ngel Rosso,<\/strong> \u00fanico piloto que luchaba por el campeonato, larg\u00f3 \u00faltimo.<\/p>\n\n\n\n<p class=\"wp-block-paragraph\">Fabricio hizo una carrera conservadora y termin\u00f3 en cuarta posici\u00f3n. Rosso incluso logr\u00f3 recuperarse, terminando quinto, pero el resultado fue suficiente para garantizarle el t\u00edtulo a Pezzini. La victoria fue para el joven argentino Jorge Barrio, de s\u00f3lo 18 a\u00f1os. El brasile\u00f1o Raphael Reis termin\u00f3 segundo y el argentino Bernardo Llaver cerr\u00f3 el podio.<\/p>\n\n\n\n<p class=\"wp-block-paragraph\">&#8220;Nos coronamos campeones del TCR Sudamericano. Ha sido una gran temporada en una gran categor\u00eda. Estoy muy agradecido a todos los directivos y tambi\u00e9n a todos los chicos que trabajan en el auto&#8221;, declar\u00f3 el argentino.<\/p>\n\n\n\n<p class=\"wp-block-paragraph\"><strong>\u00a1Conoce el canal de Grande Pr\u00eamio en Espa\u00f1ol en\u00a0<a href=\"https:\/\/www.youtube.com\/channel\/UCDxWojGVUi9gWYhrY0pGbIQ\" target=\"_blank\" rel=\"noreferrer noopener\">YouTube<\/a>!<br>\u00a1Sigue a\u00a0Grande Pr\u00eamio en Espa\u00f1ol\u00a0en\u00a0<a href=\"https:\/\/twitter.com\/grandepremioES\" target=\"_blank\" rel=\"noreferrer noopener\">Twitter\u00a0<\/a>y en\u00a0<a href=\"https:\/\/www.instagram.com\/grandepremioes\/\" target=\"_blank\" rel=\"noreferrer noopener\">Instagram<\/a>!<\/strong><\/p>\n\n\n\n<figure class=\"wp-block-image size-large\"><img decoding=\"async\" src=\"https:\/\/grandepremio.com\/es\/\/wp-content\/uploads\/2022\/10\/Barrio-TCR-1024x683.jpg\" alt=\"\" class=\"wp-image-89007\"\/><figcaption>Jorge Barrio, vencedor de una de las competencias disputadas en El Villicum. (Foto: TCR Sudamericano)<\/figcaption><\/figure>\n\n\n\n<p class=\"wp-block-paragraph\">&#8220;Nunca me han tratado tan bien en otro sitio, nunca me he sentido tan bien en otra categor\u00eda y coronarlo con este resultado supone un enorme agradecimiento al equipo, porque han hecho un trabajo extremadamente profesional. Hubo cero errores y eso fue fundamental para la regularidad que presentamos este a\u00f1o&#8221;, celebr\u00f3 Pezzini.<\/p>\n\n\n\n<p class=\"wp-block-paragraph\">La segunda carrera, que puso fin a la temporada 2022, fue m\u00e1s accidentada. Figo Bessone sali\u00f3 desde la pole y el auto de seguridad se activ\u00f3 ya en la segunda vuelta. Bessone mantuvo el liderazgo en la reanudaci\u00f3n, pero luego fue superado por Llaver y Pezzini. Bessone y Pezzini luchaban por el segundo puesto cuando chocaron en la recta principal del circuito de Villicum, lo que hizo que el auto de seguridad volviera a la pista.<\/p>\n\n\n\n<p class=\"wp-block-paragraph\">La carrera se reanud\u00f3 con Llaver en cabeza, seguido de Barrio y Rosso. Bernardo fue superado por sus dos compatriotas poco despu\u00e9s de la reanudaci\u00f3n. A falta de cuatro vueltas, Juan \u00c1ngel realiz\u00f3 una bonita maniobra para adelantar a Jorge y asegurarse la victoria en la \u00faltima carrera de 2022, con Llaver heredando la segunda posici\u00f3n tras una sanci\u00f3n a Barrio.<\/p>\n\n\n\n<p class=\"wp-block-paragraph\">Con estos resultados, Pezzini termin\u00f3 la temporada 2022 del TCR Sudamericano con 486 puntos, 26 m\u00e1s que Rosso. Reis fue tercero, con 432, seguido del argentino Jos\u00e9 Manuel Sapag, con 346, y del brasile\u00f1o Pedro Aizza, con 309.<\/p>\n","protected":false},"excerpt":{"rendered":"<p>En el cierre del TCR Sudamericano disputado en El Villicum, el argentino Fabricio Pezzini, del equipo PMO Motorsport, se consagr\u00f3 campe\u00f3n de la categor\u00eda. <\/p>\n","protected":false},"author":0,"featured_media":1010089004,"comment_status":"closed","ping_status":"closed","sticky":false,"template":"","format":"standard","meta":{"42wp_featured_image_caption":"","42wp_featured_image_credits":"","42wp_featured_video":"","42wp_featured_image_hidden":false,"42wp_authors_list":[],"footnotes":""},"categories":[11],"tags":[3549,2450,3548,3064,1460,1320],"42wp_author":[14223],"class_list":["post-21310","post","type-post","status-publish","format-standard","has-post-thumbnail","hentry","category-turismo","tag-el-villicum","tag-fabricio-pezzini","tag-jorge-barrio","tag-juan-angel-rosso","tag-tcr","tag-tcr-sudamericano","42wp_author-esteban-nieto"],"_links":{"self":[{"href":"https:\/\/grandepremio.com\/es\/wp-json\/wp\/v2\/posts\/21310","targetHints":{"allow":["GET"]}}],"collection":[{"href":"https:\/\/grandepremio.com\/es\/wp-json\/wp\/v2\/posts"}],"about":[{"href":"https:\/\/grandepremio.com\/es\/wp-json\/wp\/v2\/types\/post"}],"replies":[{"embeddable":true,"href":"https:\/\/grandepremio.com\/es\/wp-json\/wp\/v2\/comments?post=21310"}],"version-history":[{"count":0,"href":"https:\/\/grandepremio.com\/es\/wp-json\/wp\/v2\/posts\/21310\/revisions"}],"wp:featuredmedia":[{"embeddable":true,"href":"https:\/\/grandepremio.com\/es\/wp-json\/wp\/v2\/media\/1010089004"}],"wp:attachment":[{"href":"https:\/\/grandepremio.com\/es\/wp-json\/wp\/v2\/media?parent=21310"}],"wp:term":[{"taxonomy":"category","embeddable":true,"href":"https:\/\/grandepremio.com\/es\/wp-json\/wp\/v2\/categories?post=21310"},{"taxonomy":"post_tag","embeddable":true,"href":"https:\/\/grandepremio.com\/es\/wp-json\/wp\/v2\/tags?post=21310"},{"taxonomy":"42wp_author","embeddable":true,"href":"https:\/\/grandepremio.com\/es\/wp-json\/wp\/v2\/42wp_author?post=21310"}],"curies":[{"name":"wp","href":"https:\/\/api.w.org\/{rel}","templated":true}]}}