{"id":21315,"date":"2022-10-10T13:55:18","date_gmt":"2022-10-10T16:55:18","guid":{"rendered":"https:\/\/grandepremio.com\/es\/2022\/10\/10\/fan-graba-entrada-tractor-japon\/"},"modified":"2022-10-10T15:56:52","modified_gmt":"2022-10-10T18:56:52","slug":"fan-graba-entrada-tractor-japon","status":"publish","type":"post","link":"https:\/\/grandepremio.com\/es\/f1\/fan-graba-entrada-tractor-japon\/","title":{"rendered":"Un fan graba la entrada del tractor en el GP de Jap\u00f3n con coches a alta velocidad"},"content":{"rendered":"\n<p class=\"wp-block-paragraph\">El GP de Jap\u00f3n de <a href=\"https:\/\/grandepremio.com\/es\/\/f1\/max-verstappen-campeon-formula-1-gp-japon\/\" target=\"_blank\" rel=\"noreferrer noopener\">F\u00f3rmula 1,<\/a> celebrado el pasado domingo y que coron\u00f3 el doble campeonato mundial de Max Verstappen, tuvo la fiesta del holand\u00e9s en parte eclipsada por una gran pol\u00e9mica: la presencia de un tractor en la pista de Suzuka, mientras los coches segu\u00edan detr\u00e1s del coche de seguridad. Y un v\u00eddeo grabado en la tribuna del aut\u00f3dromo, difundido este lunes, muestra claramente la presencia de la gr\u00faa al retirar el coche de Carlos Sainz, mientras los coches pasan a gran velocidad.<\/p>\n\n\n\n<p class=\"wp-block-paragraph\">En las im\u00e1genes se puede ver que la velocidad de los pilotos aumenta a medida que se llega al final del pelot\u00f3n, ya que los coches que iban m\u00e1s atr\u00e1s intentaban acercarse a los competidores. Al final, Nicholas Latifi, Sebastian Vettel y Guanyu Zhou pasan a velocidades claramente superiores a los dem\u00e1s, precisamente intentando acercarse al grupo.<\/p>\n\n\n\n<p class=\"wp-block-paragraph\">Finalmente, cuando la imagen ya est\u00e1 desplazada para mostrar a Sainz saliendo de las inmediaciones de la pista, pasa el coche de Pierre Gasly \u2014 el franc\u00e9s, que sal\u00eda desde boxes, se encontr\u00f3 en la primera vuelta con un cartel publicitario en medio de la pista y tuvo que ir a boxes para que AlphaTauri le quitara la pieza. As\u00ed, entr\u00f3 en la segunda vuelta muy por detr\u00e1s de los dem\u00e1s.<\/p>\n\n\n\n<p class=\"wp-block-paragraph\"><strong><strong>\u00a1Conoce el canal de Grande Pr\u00eamio en Espa\u00f1ol en&nbsp;<a href=\"https:\/\/www.youtube.com\/channel\/UCDxWojGVUi9gWYhrY0pGbIQ\" target=\"_blank\" rel=\"noreferrer noopener\">YouTube<\/a>!<br>\u00a1Sigue a&nbsp;Grande Pr\u00eamio en Espa\u00f1ol&nbsp;en&nbsp;<a href=\"https:\/\/twitter.com\/grandepremioES\" target=\"_blank\" rel=\"noreferrer noopener\">Twitter&nbsp;<\/a>y en&nbsp;<a href=\"https:\/\/www.instagram.com\/grandepremioes\/\" target=\"_blank\" rel=\"noreferrer noopener\">Instagram<\/a>!<\/strong><\/strong><\/p>\n\n\n\n<figure class=\"wp-block-video\"><video class=\"video-js vjs-big-play-centered\" data-gp-vjs=\"1\" controls src=\"https:\/\/www.grandepremio.com\/br\/wp-content\/uploads\/2022\/10\/Gasly-1.mp4\"><\/video><figcaption>V\u00eddeo muestra pelot\u00f3n pasando al lado del tractor. Pierre Gasly aparece al final, a alta velocidad y lejos del grupo (V\u00eddeo: Twitter)<\/figcaption><\/figure>\n\n\n\n<p class=\"wp-block-paragraph\">La imagen no muestra el momento exacto donde Gasly pasa cerca del tractor, pero la c\u00e1mara a bordo del piloto mostr\u00f3 el momento, indicando que la visibilidad era muy baja, y el video demuestra que el peligro era inminente, con la gr\u00faa muy cerca de la pista y franc\u00e9s a alta velocidad.<\/p>\n\n\n\n<p class=\"wp-block-paragraph\">A pesar del riesgo para su vida, el piloto fue sancionado con 20 segundos por la FIA por acelerar demasiado bajo una bandera roja, que se activ\u00f3 unos 2 segundos antes de que Gasly pasara por el lugar del accidente. En el video, no es posible ver ninguna indicaci\u00f3n de si la carrera ya se ha detenido; sin embargo, justo antes de que pase Pierre, la se\u00f1al indica el r\u00e9gimen de bandera amarilla cuando se gira la c\u00e1mara.<\/p>\n\n\n\n<p class=\"wp-block-paragraph\">Gasly estaba completamente disgustado mientras a\u00fan estaba dentro del coche de AlphaTauri, consciente de que hab\u00eda pasado muy cerca de una situaci\u00f3n que amenazaba su vida, y transmiti\u00f3 todo su disgusto por la radio. \u201cPodr\u00eda haberme matado. Es inaceptable&#8221;, afirm\u00f3.<\/p>\n\n\n\n<figure class=\"wp-block-video\"><video class=\"video-js vjs-big-play-centered\" data-gp-vjs=\"1\" controls poster=\"https:\/\/www.grandepremio.com\/br\/wp-content\/uploads\/2022\/10\/gasly-trator-f1-f1-2022-formula-1-poster.jpeg\" src=\"https:\/\/www.grandepremio.com\/br\/wp-content\/uploads\/2022\/10\/gasly-trator-f1-f1-2022-formula-1.mp4\"><\/video><figcaption>La misma escena, ahora dede el punto de vista de Gasly: la se\u00f1al de bandera amarilla cambia r\u00e1pidamente para roja (V\u00eddeo: Reproducci\u00f3n\/Twitter)<\/figcaption><\/figure>\n\n\n\n<p class=\"wp-block-paragraph\">Aun as\u00ed, direcci\u00f3n de carrera entendi\u00f3 que Pierre aceleraba demasiado bajo bandera roja, \u201calcanzando velocidades cercanas a los 250 km\/h\u201d, y decidi\u00f3 a\u00f1adir 20 segundos de sanci\u00f3n al tiempo final de carrera del piloto, que era amigo de Jules Bianchi, fallecido tras un accidente contra un tractor en el GP de Jap\u00f3n de 2014, en circunstancias similares. Por ello, el franc\u00e9s abandon\u00f3 el circuito de Suzuka bastante conmocionado tras el incidente.<\/p>\n\n\n\n<p class=\"wp-block-paragraph\">\u201cDespu\u00e9s de pasar por la escena del incidente [con el tractor], el coche #10 continu\u00f3, bajo una bandera roja, a velocidades que excedieron los 200 km\/h en m\u00faltiples ocasiones y alcanzaron los 251 km\/h en un punto. El piloto admiti\u00f3 que ahora entiende que exist\u00eda la posibilidad de que hubiera comisarios u obst\u00e1culos en la pista y reconoci\u00f3 que iba demasiado r\u00e1pido. Sin embargo, al aplicar la sanci\u00f3n, tuvimos en cuenta que, si bien la velocidad no puede clasificarse como &#8216;lenta&#8217; seg\u00fan se describe en las reglas, era inferior a la velocidad m\u00e1xima en esas condiciones. Tambi\u00e9n consideramos la conmoci\u00f3n experimentada por el piloto al ver un tractor en la l\u00ednea de carrera en la vuelta del incidente\u201d, dice el comunicado de la sanci\u00f3n a Gasly.<\/p>\n","protected":false},"excerpt":{"rendered":"<p>Un video grabado en la grada del circuito de Suzuka muestra al tractor cuando el pelot\u00f3n de coches pasaba a alta velocidad. Uno de ellos fue Pierre Gasly, que lleg\u00f3 a pasar muy cerca del veh\u00edculo de gran porte. <\/p>\n","protected":false},"author":0,"featured_media":1010088984,"comment_status":"closed","ping_status":"closed","sticky":false,"template":"","format":"standard","meta":{"42wp_featured_image_caption":"","42wp_featured_image_credits":"","42wp_featured_video":"","42wp_featured_image_hidden":false,"42wp_authors_list":[],"footnotes":""},"categories":[5],"tags":[508,302,181,1495,3547,185,263,179,1422,2236,3438,2237,3539,1999,427,3484,3538,170],"42wp_author":[14233],"class_list":["post-21315","post","type-post","status-publish","format-standard","has-post-thumbnail","hentry","category-f1","tag-alphatauri","tag-carlos-sainz","tag-f1","tag-f1-2022","tag-fan","tag-ferrari","tag-fia","tag-formula-1","tag-gp-de-japon","tag-grande-premio-2","tag-grande-premio-en-espanol","tag-grandepremio","tag-grua","tag-japon","tag-pierre-gasly","tag-suzuka","tag-tractor","tag-video","42wp_author-eric-calduch"],"_links":{"self":[{"href":"https:\/\/grandepremio.com\/es\/wp-json\/wp\/v2\/posts\/21315","targetHints":{"allow":["GET"]}}],"collection":[{"href":"https:\/\/grandepremio.com\/es\/wp-json\/wp\/v2\/posts"}],"about":[{"href":"https:\/\/grandepremio.com\/es\/wp-json\/wp\/v2\/types\/post"}],"replies":[{"embeddable":true,"href":"https:\/\/grandepremio.com\/es\/wp-json\/wp\/v2\/comments?post=21315"}],"version-history":[{"count":0,"href":"https:\/\/grandepremio.com\/es\/wp-json\/wp\/v2\/posts\/21315\/revisions"}],"wp:featuredmedia":[{"embeddable":true,"href":"https:\/\/grandepremio.com\/es\/wp-json\/wp\/v2\/media\/1010088984"}],"wp:attachment":[{"href":"https:\/\/grandepremio.com\/es\/wp-json\/wp\/v2\/media?parent=21315"}],"wp:term":[{"taxonomy":"category","embeddable":true,"href":"https:\/\/grandepremio.com\/es\/wp-json\/wp\/v2\/categories?post=21315"},{"taxonomy":"post_tag","embeddable":true,"href":"https:\/\/grandepremio.com\/es\/wp-json\/wp\/v2\/tags?post=21315"},{"taxonomy":"42wp_author","embeddable":true,"href":"https:\/\/grandepremio.com\/es\/wp-json\/wp\/v2\/42wp_author?post=21315"}],"curies":[{"name":"wp","href":"https:\/\/api.w.org\/{rel}","templated":true}]}}