{"id":21368,"date":"2022-10-08T01:34:56","date_gmt":"2022-10-08T04:34:56","guid":{"rendered":"https:\/\/grandepremio.com\/es\/2022\/10\/08\/alphatauri-despide-gasly-curriculum-de-vries\/"},"modified":"2022-10-08T02:46:02","modified_gmt":"2022-10-08T05:46:02","slug":"alphatauri-despide-gasly-curriculum-de-vries","status":"publish","type":"post","link":"https:\/\/grandepremio.com\/es\/f1\/alphatauri-despide-gasly-curriculum-de-vries\/","title":{"rendered":"AlphaTauri se despide de Gasly y destaca curr\u00edculum de De Vries: &#8220;Lo gan\u00f3 todo&#8221;"},"content":{"rendered":"\n<p class=\"wp-block-paragraph\">Despu\u00e9s de nueve a\u00f1os de asociaci\u00f3n, <strong>Pierre Gasly<\/strong> y <strong>Red Bull<\/strong> confirmaron este viernes que seguir\u00e1n caminos diferentes a partir de 2023: el franc\u00e9s se despide de <strong>AlphaTauri<\/strong> al final de la temporada y parte para un nuevo desaf\u00edo en <strong>Alpine<\/strong>. El equipo de <strong>Faenza<\/strong> se movi\u00f3 r\u00e1pido<a href=\"https:\/\/grandepremio.com\/es\/\/f1\/alphatauri-anuncia-de-vries-2023\/\" target=\"_blank\" rel=\"noreferrer noopener\"> y ya asegur\u00f3 el reemplazo del franc\u00e9s<\/a>: es <strong>Nyck de Vries.<\/strong><\/p>\n\n\n\n<p class=\"wp-block-paragraph\">Poco despu\u00e9s de confirmar la llegada del holand\u00e9s, el jefe de <strong>AlphaTauri<\/strong>, <strong>Franz Tost<\/strong>, dio la bienvenida a su nuevo pilotos, no sin antes, por supuesto, despedirse p\u00fablicamente de Gasly.<\/p>\n\n\n\n<p class=\"wp-block-paragraph\">\u201c<strong>AlphaTauri<\/strong> tuvo un per\u00edodo muy exitoso con <strong>Pierre<\/strong>. Nunca olvidaremos su fant\u00e1stica victoria en <strong>Monza<\/strong> y sus podios en <strong>Brasil<\/strong> y <strong>Azerbaiy\u00e1n<\/strong>. Quiero agradecerle por todos sus esfuerzos en los \u00faltimos a\u00f1os y le deseo lo mejor para su futuro\u201d, dijo Tost.<\/p>\n\n\n\n<p class=\"wp-block-paragraph\"><strong><strong>\u00a1Conoce el canal de Grande Pr\u00eamio en Espa\u00f1ol en&nbsp;<a href=\"https:\/\/www.youtube.com\/channel\/UCDxWojGVUi9gWYhrY0pGbIQ\" target=\"_blank\" rel=\"noreferrer noopener\">YouTube<\/a>!<br>\u00a1Sigue a&nbsp;Grande Pr\u00eamio en Espa\u00f1ol&nbsp;en&nbsp;<a href=\"https:\/\/twitter.com\/grandepremioES\" target=\"_blank\" rel=\"noreferrer noopener\">Twitter&nbsp;<\/a>y en&nbsp;<a href=\"https:\/\/www.instagram.com\/grandepremioes\/\" target=\"_blank\" rel=\"noreferrer noopener\">Instagram<\/a>!<\/strong><\/strong><\/p>\n\n\n\n<figure class=\"wp-block-image size-large\"><img decoding=\"async\" src=\"https:\/\/www.grandepremio.com\/br\/wp-content\/uploads\/2022\/10\/Pierre-Gasly-completes-2023-BWT-Alpine-F1-Team-driver-line-up-1-1024x683.jpg\" alt=\"\" class=\"wp-image-621386\"\/><figcaption>Pierre Gasly ser\u00e1 piloto de Alpine en 2023 (Foto: Alpine)<\/figcaption><\/figure>\n\n\n\n<p class=\"wp-block-paragraph\">\u201cAhora nos complace comenzar un nuevo cap\u00edtulo con <strong>Nyck<\/strong>, quien es muy bienvenido en <strong>AlphaTauri<\/strong>. Es un piloto muy habilidoso, ya que ha ganado en todas las categor\u00edas en las que ha competido, con muchas carreras y campeonatos en su haber\u201d, afirm\u00f3. \u201cEl \u00faltimo gran \u00e9xito fue ganar el campeonato de <strong>F\u00f3rmula E<\/strong>, y eso es una clara evidencia de que es un piloto muy competitivo, que merece un asiento en la F1\u201d, continu\u00f3.<\/p>\n\n\n\n<p class=\"wp-block-paragraph\">\u201cTengo muchas ganas de verlo en nuestro coche y conf\u00edo en que con <strong>Yuki<\/strong> y <strong>Nyck<\/strong> tendremos una alineaci\u00f3n de pilotos muy s\u00f3lida para 2023\u201d.<\/p>\n\n\n\n<p class=\"wp-block-paragraph\">El compa\u00f1ero de <strong>De Vries<\/strong> en el equipo de <strong>Faenza<\/strong> ser\u00e1 <strong>Yuki Tsunoda<\/strong>, cuyo contrato ha sido renovado. Inicialmente, <strong>AlphaTauri<\/strong> pretend\u00eda contar con el estadounidense <strong>Colton Herta <\/strong>para el pr\u00f3ximo a\u00f1o. Pero la Federaci\u00f3n Internacional de Automovilismo puso el pie en el suelo y no hizo excepci\u00f3n con el piloto de <strong>Andretti<\/strong>, que no cuenta con los puntos necesarios para obtener la superlicencia.<\/p>\n\n\n\n<p class=\"wp-block-paragraph\">En busca de otras opciones interesantes, ya prepar\u00e1ndose para la marcha de <strong>Pierre Gasly<\/strong> a <strong>Alpine<\/strong> -tambi\u00e9n anunciada este viernes-, el equipo de Faenza comenz\u00f3 a mostrar inter\u00e9s por <strong>Nyck<\/strong> tras la impresionante actuaci\u00f3n en <strong>Monza<\/strong>. Ese viernes en Italia, el piloto particip\u00f3 en los primeros entrenamientos libres con el coche de <strong>Aston Martin<\/strong>. El s\u00e1bado, al d\u00eda siguiente, se despert\u00f3 y recibi\u00f3 una llamada de emergencia por si pod\u00eda reemplazar a<strong> Alexander Albon,<\/strong> con apendicitis, en <strong>Williams<\/strong>.<\/p>\n\n\n\n<figure class=\"wp-block-image size-large\"><img decoding=\"async\" src=\"https:\/\/www.grandepremio.com\/br\/wp-content\/uploads\/2021\/10\/SI202110080243_hires_jpeg_24bit_rgb-1024x683.jpg\" alt=\"\" class=\"wp-image-515853\"\/><figcaption>Franz Tost elogi\u00f3 al nuevo piloto, Nyck de Vries (Foto: Red Bull Content Pool)<\/figcaption><\/figure>\n\n\n\n<p class=\"wp-block-paragraph\"><strong>De Vries<\/strong> se sent\u00f3 en el coche, lleg\u00f3 a la Q2 de la clasificaci\u00f3n y, con las muchas penalizaciones aplicadas por la parrilla, comenz\u00f3 octavo. Estuvo toda la carrera pr\u00e1cticamente en zona de puntos y termin\u00f3 noveno. La actuaci\u00f3n llam\u00f3 la atenci\u00f3n entre sus compa\u00f1eros. <strong>Nyck<\/strong> fue elogiado por <strong>Lewis Hamilton y Max Verstappen<\/strong>, quienes calificaron la actuaci\u00f3n de \u00abimpresionante\u00bb.<\/p>\n\n\n\n<p class=\"wp-block-paragraph\">El nombre del campe\u00f3n de\u00a0<a href=\"https:\/\/grandepremio.com\/es\/\/formula-e\/\" target=\"_blank\" rel=\"noreferrer noopener\">F\u00f3rmula E<\/a>\u00a0de 2021 circulaba en Haas, en el propio <strong>Williams<\/strong> e incluso en <strong>Alpine<\/strong>. El jefe del equipo de Grove, <strong>Jost Capito<\/strong>, tambi\u00e9n lanz\u00f3 elogios e indic\u00f3 que el acuerdo estaba cerca despu\u00e9s de los 2 puntos en el <strong>GP de Italia.<\/strong> Pero las cosas empezaron a cambiar cuando <strong>De Vries<\/strong> fue visto en Graz, Austria, donde se reuni\u00f3 con <strong>Helmut Marko.<\/strong><\/p>\n\n\n\n<p class=\"wp-block-paragraph\">El propio holand\u00e9s confirm\u00f3 m\u00e1s tarde que efectivamente hab\u00eda tenido una reuni\u00f3n con el consultor de <strong>Red Bull<\/strong>, pero subray\u00f3 que no estaba en condiciones de elegir d\u00f3nde ir en la <strong>F\u00f3rmula 1.<\/strong> En un mercado de pilotos que se ha puesto patas arriba tras el anuncio de la retirada de Sebastian Vettel, <strong>Nyck<\/strong> finalmente se convirti\u00f3 en un nombre codiciado y decidi\u00f3 firmar con <strong>AlphaTauri<\/strong>.<\/p>\n","protected":false},"excerpt":{"rendered":"<p>Franz Tost declar\u00f3 que AlphaTauri nunca olvidar\u00e1 la victoria de Gasly en Monza 2020. Adem\u00e1s, el jefe del equipo de Faenza calific\u00f3 a su sustituto, Nyck de Vries, como h\u00e1bil y competitivo.<\/p>\n","protected":false},"author":0,"featured_media":1010088499,"comment_status":"closed","ping_status":"closed","sticky":false,"template":"","format":"standard","meta":{"42wp_featured_image_caption":"","42wp_featured_image_credits":"","42wp_featured_video":"","42wp_featured_image_hidden":false,"42wp_authors_list":[],"footnotes":""},"categories":[5],"tags":[508,3401,181,1495,1676,3384,179,1425,1422,2236,3438,2237,1999,2858,1540,427,3484],"42wp_author":[14233],"class_list":["post-21368","post","type-post","status-publish","format-standard","has-post-thumbnail","hentry","category-f1","tag-alphatauri","tag-despedida","tag-f1","tag-f1-2022","tag-f1-2023","tag-fichaje","tag-formula-1","tag-franz-tost","tag-gp-de-japon","tag-grande-premio-2","tag-grande-premio-en-espanol","tag-grandepremio","tag-japon","tag-mercado-de-pilotos","tag-nyck-de-vries","tag-pierre-gasly","tag-suzuka","42wp_author-eric-calduch"],"_links":{"self":[{"href":"https:\/\/grandepremio.com\/es\/wp-json\/wp\/v2\/posts\/21368","targetHints":{"allow":["GET"]}}],"collection":[{"href":"https:\/\/grandepremio.com\/es\/wp-json\/wp\/v2\/posts"}],"about":[{"href":"https:\/\/grandepremio.com\/es\/wp-json\/wp\/v2\/types\/post"}],"replies":[{"embeddable":true,"href":"https:\/\/grandepremio.com\/es\/wp-json\/wp\/v2\/comments?post=21368"}],"version-history":[{"count":0,"href":"https:\/\/grandepremio.com\/es\/wp-json\/wp\/v2\/posts\/21368\/revisions"}],"wp:featuredmedia":[{"embeddable":true,"href":"https:\/\/grandepremio.com\/es\/wp-json\/wp\/v2\/media\/1010088499"}],"wp:attachment":[{"href":"https:\/\/grandepremio.com\/es\/wp-json\/wp\/v2\/media?parent=21368"}],"wp:term":[{"taxonomy":"category","embeddable":true,"href":"https:\/\/grandepremio.com\/es\/wp-json\/wp\/v2\/categories?post=21368"},{"taxonomy":"post_tag","embeddable":true,"href":"https:\/\/grandepremio.com\/es\/wp-json\/wp\/v2\/tags?post=21368"},{"taxonomy":"42wp_author","embeddable":true,"href":"https:\/\/grandepremio.com\/es\/wp-json\/wp\/v2\/42wp_author?post=21368"}],"curies":[{"name":"wp","href":"https:\/\/api.w.org\/{rel}","templated":true}]}}