{"id":21375,"date":"2022-10-07T22:17:14","date_gmt":"2022-10-08T01:17:14","guid":{"rendered":"https:\/\/grandepremio.com\/es\/2022\/10\/07\/alphatauri-anuncia-de-vries-2023\/"},"modified":"2022-10-07T22:55:19","modified_gmt":"2022-10-08T01:55:19","slug":"alphatauri-anuncia-de-vries-2023","status":"publish","type":"post","link":"https:\/\/grandepremio.com\/es\/f1\/alphatauri-anuncia-de-vries-2023\/","title":{"rendered":"AlphaTauri pone fin al culebr\u00f3n y anuncia a De Vries para la temporada 2023 de F1"},"content":{"rendered":"\n<p class=\"wp-block-paragraph\">AlphaTauri anunci\u00f3 este s\u00e1bado el fichaje del holand\u00e9s Nyck de Vries para la temporada 2023 de <a href=\"https:\/\/grandepremio.com\/es\/\/categoria\/f1\/\" target=\"_blank\" rel=\"noreferrer noopener\">F\u00f3rmula 1<\/a>. El campe\u00f3n de F\u00f3rmula 2 de 2019 finalmente tendr\u00e1 su primera gran oportunidad en la m\u00e1xima categor\u00eda del automovilismo mundial a los 27 a\u00f1os. De Vries tambi\u00e9n fue codiciado por Williams, equipo con el que debut\u00f3 en la categor\u00eda en el GP de Italia, finalizando en la novena posici\u00f3n, la mejor posici\u00f3n del equipo en 2022.<\/p>\n\n\n\n<p class=\"wp-block-paragraph\">\u201cEstoy extremadamente emocionado de unirme a AlphaTauri en 2023\u201d, dijo de Vries, y agreg\u00f3: \u201cY quiero agradecer a Red Bull y al equipo por darme la oportunidad de conducir en F1\u201d.<\/p>\n\n\n\n<p class=\"wp-block-paragraph\">\u201cDespu\u00e9s de la F2, tom\u00e9 un camino ligeramente diferente con el automovilismo, pero la F1 siempre ha sido mi sue\u00f1o y estoy agradecido de poder cumplirlo ahora\u201d, complet\u00f3.<\/p>\n\n\n\n<p class=\"wp-block-paragraph\">&#8220;He tenido muchas oportunidades de probar coches de 2022 este a\u00f1o y creo que me coloc\u00f3 en una excelente posici\u00f3n para la pr\u00f3xima temporada, espero que me haya ayudado a prepararme para lo que est\u00e1 por venir&#8221;.<\/p>\n\n\n\n<p class=\"wp-block-paragraph\"><strong><strong>\u00a1Conoce el canal de Grande Pr\u00eamio en Espa\u00f1ol en\u00a0<a href=\"https:\/\/www.youtube.com\/channel\/UCDxWojGVUi9gWYhrY0pGbIQ\" target=\"_blank\" rel=\"noreferrer noopener\">YouTube<\/a>!<br>\u00a1Sigue a\u00a0Grande Pr\u00eamio en Espa\u00f1ol\u00a0en\u00a0<a href=\"https:\/\/twitter.com\/grandepremioES\" target=\"_blank\" rel=\"noreferrer noopener\">Twitter\u00a0<\/a>y en\u00a0<a href=\"https:\/\/www.instagram.com\/grandepremioes\/\" target=\"_blank\" rel=\"noreferrer noopener\">Instagram<\/a>!<\/strong><\/strong><\/p>\n\n\n\n<figure class=\"wp-block-image size-large\"><img decoding=\"async\" src=\"https:\/\/www.grandepremio.com\/br\/wp-content\/uploads\/2022\/09\/williams-nyckdevries-01-2-1024x684.jpg\" alt=\"\" class=\"wp-image-613701\"\/><figcaption>De Vries debut\u00f3 con un noveno lugar en Italia (Foto: Williams)<\/figcaption><\/figure>\n\n\n\n<p class=\"wp-block-paragraph\">&#8220;Habiendo pasado la mayor parte de mi adolescencia en Italia en karting, siempre me sent\u00ed como en casa all\u00ed, as\u00ed que para m\u00ed es genial unirme a un equipo italiano, que ya tiene un ambiente familiar real, y estoy deseando conocer a todos y empezar a construir nuestra relaci\u00f3n antes de la pr\u00f3xima temporada\u201d.<\/p>\n\n\n\n<p class=\"wp-block-paragraph\">Inicialmente, AlphaTauri pretend\u00eda contar con el estadounidense Colton Herta para el pr\u00f3ximo a\u00f1o. Pero la Federaci\u00f3n Internacional de Automovilismo puso el pie en el suelo y no hizo excepci\u00f3n con el piloto de Andretti, que no cuenta con los puntos necesarios para obtener la superlicencia.<\/p>\n\n\n\n<p class=\"wp-block-paragraph\">En busca de otras opciones interesantes, ya prepar\u00e1ndose para la marcha de Pierre Gasly a Alpine -tambi\u00e9n anunciada este viernes-, el equipo de Faenza comenz\u00f3 a mostrar inter\u00e9s por Nyck tras la impresionante actuaci\u00f3n en Monza. Ese viernes en Italia, el piloto particip\u00f3 en los primeros entrenamientos libres con el coche de Aston Martin. El s\u00e1bado, al d\u00eda siguiente, se despert\u00f3 y recibi\u00f3 una llamada de emergencia por si pod\u00eda reemplazar a Alexander Albon, con apendicitis, en Williams.<\/p>\n\n\n\n<p class=\"wp-block-paragraph\">De Vries se sent\u00f3 en el coche, lleg\u00f3 a la Q2 de la clasificaci\u00f3n y, con las muchas penalizaciones aplicadas por la parrilla, comenz\u00f3 octavo. Estuvo toda la carrera pr\u00e1cticamente en zona de puntos y termin\u00f3 noveno. La actuaci\u00f3n llam\u00f3 la atenci\u00f3n entre sus compa\u00f1eros. Nyck fue elogiado por Lewis Hamilton y Max Verstappen, quienes calificaron la actuaci\u00f3n de &#8220;impresionante&#8221;.<\/p>\n\n\n\n<p class=\"wp-block-paragraph\">El nombre del campe\u00f3n de F\u00f3rmula E de 2021 circulaba en Haas, en el propio Williams e incluso en Alpine. El jefe del equipo de Grove, Jost Capito, tambi\u00e9n lanz\u00f3 elogios e indic\u00f3 que el acuerdo estaba cerca despu\u00e9s de los 2 puntos en el GP de Italia. Pero las cosas empezaron a cambiar cuando De Vries fue visto en Graz, Austria, donde se reuni\u00f3 con Helmut Marko.<\/p>\n\n\n\n<figure class=\"wp-block-image size-large\"><img decoding=\"async\" src=\"https:\/\/www.grandepremio.com\/br\/wp-content\/uploads\/2022\/09\/williams-nyckdevries-02-1-1024x684.jpg\" alt=\"\" class=\"wp-image-613702\"\/><figcaption>Nyck De Vries debut\u00f3 en la F1 en el GP da Italia (Foto: Williams)<\/figcaption><\/figure>\n\n\n\n<p class=\"wp-block-paragraph\">El propio holand\u00e9s confirm\u00f3 m\u00e1s tarde que efectivamente hab\u00eda tenido una reuni\u00f3n con el consultor de Red Bull, pero subray\u00f3 que no estaba en condiciones de elegir d\u00f3nde ir en la F\u00f3rmula 1. En un mercado de pilotos que se ha puesto patas arriba tras el anuncio de la retirada de Sebastian Vettel, Nyck finalmente se convirti\u00f3 en un nombre codiciado y decidi\u00f3 firmar con AlphaTauri.<\/p>\n\n\n\n<p class=\"wp-block-paragraph\">\u201cAhora nos complace comenzar un nuevo cap\u00edtulo con Nyck, quien es bienvenido a AlphaTauri. Es un piloto muy habilidoso, ya que ha ganado en todas las categor\u00edas en las que ha competido, con muchas carreras y campeonatos en su haber\u201d, dijo el jefe del equipo Faenza, Franz Tost.<\/p>\n\n\n\n<p class=\"wp-block-paragraph\">\u201cEl \u00faltimo gran \u00e9xito fue ganar el campeonato de F\u00f3rmula E, y eso es una clara evidencia de que es un piloto muy competitivo, que merece un asiento en la F1\u201d, afirm\u00f3.<\/p>\n\n\n\n<p class=\"wp-block-paragraph\">\u201cTengo muchas ganas de verlo en nuestro coche y conf\u00edo en que con Yuki y Nyck tendremos una alineaci\u00f3n de pilotos muy s\u00f3lida para 2023\u201d.<\/p>\n\n\n\n<p class=\"wp-block-paragraph\">El compa\u00f1ero de De Vries en el equipo de Faenza ser\u00e1 Yuki Tsunoda, cuyo contrato ha sido renovado. Gasly, que ha llevado al equipo a la espalda durante los \u00faltimos a\u00f1os, pone rumbo a Alpine para formar equipo con Esteban Ocon.<\/p>\n\n\n\n<p class=\"wp-block-paragraph\">Con la confirmaci\u00f3n de Nyck De Vries en AlphaTauri, solo quedan dos lugares en la parrilla de F\u00f3rmula 1 en 2023: Haas y Williams.<\/p>\n","protected":false},"excerpt":{"rendered":"<p>AlphaTauri se antepuso a Williams y fich\u00f3 a Nyck de Vries para la temporada 2023 de F\u00f3rmula 1, donde sustituir\u00e1 a Pierre Gasly, reci\u00e9n anunciado como piloto de Alpine para la pr\u00f3xima temporada..<\/p>\n","protected":false},"author":0,"featured_media":1010088471,"comment_status":"closed","ping_status":"closed","sticky":false,"template":"","format":"standard","meta":{"42wp_featured_image_caption":"","42wp_featured_image_credits":"","42wp_featured_video":"","42wp_featured_image_hidden":false,"42wp_authors_list":[],"footnotes":""},"categories":[5],"tags":[508,678,3109,181,1495,1676,3384,179,1422,2236,3438,2237,1999,2858,1540,427,3484],"42wp_author":[14233],"class_list":["post-21375","post","type-post","status-publish","format-standard","has-post-thumbnail","hentry","category-f1","tag-alphatauri","tag-alpine","tag-anuncio","tag-f1","tag-f1-2022","tag-f1-2023","tag-fichaje","tag-formula-1","tag-gp-de-japon","tag-grande-premio-2","tag-grande-premio-en-espanol","tag-grandepremio","tag-japon","tag-mercado-de-pilotos","tag-nyck-de-vries","tag-pierre-gasly","tag-suzuka","42wp_author-eric-calduch"],"_links":{"self":[{"href":"https:\/\/grandepremio.com\/es\/wp-json\/wp\/v2\/posts\/21375","targetHints":{"allow":["GET"]}}],"collection":[{"href":"https:\/\/grandepremio.com\/es\/wp-json\/wp\/v2\/posts"}],"about":[{"href":"https:\/\/grandepremio.com\/es\/wp-json\/wp\/v2\/types\/post"}],"replies":[{"embeddable":true,"href":"https:\/\/grandepremio.com\/es\/wp-json\/wp\/v2\/comments?post=21375"}],"version-history":[{"count":0,"href":"https:\/\/grandepremio.com\/es\/wp-json\/wp\/v2\/posts\/21375\/revisions"}],"wp:featuredmedia":[{"embeddable":true,"href":"https:\/\/grandepremio.com\/es\/wp-json\/wp\/v2\/media\/1010088471"}],"wp:attachment":[{"href":"https:\/\/grandepremio.com\/es\/wp-json\/wp\/v2\/media?parent=21375"}],"wp:term":[{"taxonomy":"category","embeddable":true,"href":"https:\/\/grandepremio.com\/es\/wp-json\/wp\/v2\/categories?post=21375"},{"taxonomy":"post_tag","embeddable":true,"href":"https:\/\/grandepremio.com\/es\/wp-json\/wp\/v2\/tags?post=21375"},{"taxonomy":"42wp_author","embeddable":true,"href":"https:\/\/grandepremio.com\/es\/wp-json\/wp\/v2\/42wp_author?post=21375"}],"curies":[{"name":"wp","href":"https:\/\/api.w.org\/{rel}","templated":true}]}}