{"id":21384,"date":"2022-10-07T07:37:36","date_gmt":"2022-10-07T10:37:36","guid":{"rendered":"https:\/\/grandepremio.com\/es\/2022\/10\/07\/alonso-1o-lugar-fp1-japon\/"},"modified":"2022-10-07T07:43:20","modified_gmt":"2022-10-07T10:43:20","slug":"alonso-1o-lugar-fp1-japon","status":"publish","type":"post","link":"https:\/\/grandepremio.com\/es\/f1\/alonso-1o-lugar-fp1-japon\/","title":{"rendered":"Alonso destaca 1\u00ba lugar en FP1 de Jap\u00f3n, pero espera el fin de la lluvia: &#8220;Lo siento por fans&#8221;"},"content":{"rendered":"\n<p class=\"wp-block-paragraph\"><strong>Fernando Alonso<\/strong> tuvo un d\u00eda destacado en medio de la lluvia que se apoder\u00f3 del circuito de <strong>Suzuka<\/strong> este viernes, cuando la <a href=\"https:\/\/grandepremio.com\/es\/\/categoria\/f1\/\" target=\"_blank\" rel=\"noreferrer noopener\">F\u00f3rmula 1<\/a> realiz\u00f3 el primer d\u00eda de actividades en el <strong>GP de Jap\u00f3n<\/strong>. El piloto de <strong>Alpine<\/strong> consigui\u00f3 finalizar la <strong>FP1<\/strong> con un tiempo de 1min42s248, el m\u00e1s r\u00e1pido de la sesi\u00f3n y 0s3 por delante de <strong>Carlos Sainz<\/strong>, en segunda posici\u00f3n. Tras la conclusi\u00f3n de la jornada y a pesar del buen resultado, el asturiano admiti\u00f3 que no le gusta que las condiciones meteorol\u00f3gicas sean adversas y destac\u00f3 la incomodidad de los aficionados que quieren seguir a los coches en la pista.<\/p>\n\n\n\n<p class=\"wp-block-paragraph\">\u201cFue un buen d\u00eda para nosotros y es genial estar de vuelta en <strong>Suzuka<\/strong>\u201d, dijo <strong>Alonso<\/strong>. \u201cPor mucho que la lluvia no ayude con nuestra preparaci\u00f3n, me siento mal por los aficionados que se quedaron en las gradas en estas condiciones. La verdad es que siempre prefiero el tiempo seco\u201d, admiti\u00f3 el experimentado espa\u00f1ol.<\/p>\n\n\n\n<p class=\"wp-block-paragraph\"><strong>Alonso<\/strong> destac\u00f3 la sensaci\u00f3n de terminar los primeros libres del fin de semana delante, aunque el resultado vale poco en t\u00e9rminos pr\u00e1cticos. En la segunda sesi\u00f3n del d\u00eda, el espa\u00f1ol ha marcado un tiempo de 1min43s533, suficiente para asegurar la s\u00e9ptima plaza.<\/p>\n\n\n\n<p class=\"wp-block-paragraph\"><strong><strong>\u00a1Conoce el canal de Grande Pr\u00eamio en Espa\u00f1ol en\u00a0<a href=\"https:\/\/www.youtube.com\/channel\/UCDxWojGVUi9gWYhrY0pGbIQ\" target=\"_blank\" rel=\"noreferrer noopener\">YouTube<\/a>!<br>\u00a1Sigue a\u00a0Grande Pr\u00eamio en Espa\u00f1ol\u00a0en\u00a0<a href=\"https:\/\/twitter.com\/grandepremioES\" target=\"_blank\" rel=\"noreferrer noopener\">Twitter\u00a0<\/a>y en\u00a0<a href=\"https:\/\/www.instagram.com\/grandepremioes\/\" target=\"_blank\" rel=\"noreferrer noopener\">Instagram<\/a>!<\/strong><\/strong><\/p>\n\n\n\n<figure class=\"wp-block-image size-full\"><img decoding=\"async\" src=\"https:\/\/grandepremio.com\/es\/\/wp-content\/uploads\/2022\/10\/alpine-fernandoalonso-afp-01-1024x683-1.jpg\" alt=\"\" class=\"wp-image-88440\"\/><figcaption>Alonso destac\u00f3 el impacto de la lluvia en la afici\u00f3n que ocupaba las gradas de Suzuka (Foto: AFP)<\/figcaption><\/figure>\n\n\n\n<p class=\"wp-block-paragraph\">A pesar del buen resultado obtenido en la FP1, <strong>Alonso<\/strong> admiti\u00f3 que espera que las condiciones meteorol\u00f3gicas cambien de un d\u00eda para otro y el sol aparezca en <strong>Suzuka<\/strong> durante el resto del fin de semana. <strong>Alpine<\/strong> busca desesperadamente un buen resultado tras la doble retirada de <strong>Singapur<\/strong>, que acab\u00f3 cost\u00e1ndole el cuarto puesto en el <strong>Mundial de Constructores<\/strong> con <strong>McLaren<\/strong>.<\/p>\n\n\n\n<p class=\"wp-block-paragraph\">\u201cEl coche se sinti\u00f3 bien en las dos sesiones de hoy para nosotros, y fue bueno estar en la primera posici\u00f3n al final de la <strong>FP1<\/strong>\u201d, admiti\u00f3 el dos veces campe\u00f3n del mundo. &#8220;Espero con ansias el d\u00eda de ma\u00f1ana y veremos qu\u00e9 podemos hacer en condiciones de pista seca&#8221;, finaliz\u00f3.<\/p>\n","protected":false},"excerpt":{"rendered":"<p>Fernando Alonso incluso termin\u00f3 la primera sesi\u00f3n de entrenamientos libres del GP de Jap\u00f3n en cabeza, pero espera un cambio meteorol\u00f3gico y quiere una pista seca para el resto del fin de semana en Suzuka.<\/p>\n","protected":false},"author":0,"featured_media":1010088439,"comment_status":"closed","ping_status":"closed","sticky":false,"template":"","format":"standard","meta":{"42wp_featured_image_caption":"","42wp_featured_image_credits":"","42wp_featured_video":"","42wp_featured_image_hidden":false,"42wp_authors_list":[],"footnotes":""},"categories":[5],"tags":[678,181,1495,184,179,1422,2236,3438,2237,1999,1779,1655],"42wp_author":[14233],"class_list":["post-21384","post","type-post","status-publish","format-standard","has-post-thumbnail","hentry","category-f1","tag-alpine","tag-f1","tag-f1-2022","tag-fernando-alonso","tag-formula-1","tag-gp-de-japon","tag-grande-premio-2","tag-grande-premio-en-espanol","tag-grandepremio","tag-japon","tag-libres-1","tag-lluvia","42wp_author-eric-calduch"],"_links":{"self":[{"href":"https:\/\/grandepremio.com\/es\/wp-json\/wp\/v2\/posts\/21384","targetHints":{"allow":["GET"]}}],"collection":[{"href":"https:\/\/grandepremio.com\/es\/wp-json\/wp\/v2\/posts"}],"about":[{"href":"https:\/\/grandepremio.com\/es\/wp-json\/wp\/v2\/types\/post"}],"replies":[{"embeddable":true,"href":"https:\/\/grandepremio.com\/es\/wp-json\/wp\/v2\/comments?post=21384"}],"version-history":[{"count":0,"href":"https:\/\/grandepremio.com\/es\/wp-json\/wp\/v2\/posts\/21384\/revisions"}],"wp:featuredmedia":[{"embeddable":true,"href":"https:\/\/grandepremio.com\/es\/wp-json\/wp\/v2\/media\/1010088439"}],"wp:attachment":[{"href":"https:\/\/grandepremio.com\/es\/wp-json\/wp\/v2\/media?parent=21384"}],"wp:term":[{"taxonomy":"category","embeddable":true,"href":"https:\/\/grandepremio.com\/es\/wp-json\/wp\/v2\/categories?post=21384"},{"taxonomy":"post_tag","embeddable":true,"href":"https:\/\/grandepremio.com\/es\/wp-json\/wp\/v2\/tags?post=21384"},{"taxonomy":"42wp_author","embeddable":true,"href":"https:\/\/grandepremio.com\/es\/wp-json\/wp\/v2\/42wp_author?post=21384"}],"curies":[{"name":"wp","href":"https:\/\/api.w.org\/{rel}","templated":true}]}}