{"id":21394,"date":"2022-10-07T04:29:32","date_gmt":"2022-10-07T07:29:32","guid":{"rendered":"https:\/\/grandepremio.com\/es\/2022\/10\/07\/nicholas-latifi-entrada-pit-lane-japon\/"},"modified":"2022-10-07T04:29:34","modified_gmt":"2022-10-07T07:29:34","slug":"nicholas-latifi-entrada-pit-lane-japon","status":"publish","type":"post","link":"https:\/\/grandepremio.com\/es\/f1\/nicholas-latifi-entrada-pit-lane-japon\/","title":{"rendered":"Latifi confunde la entrada al pit lane y se pasea por carril auxiliar en los FP2 en Jap\u00f3n"},"content":{"rendered":"\n<figure class=\"wp-block-video\"><video class=\"video-js vjs-big-play-centered\" data-gp-vjs=\"1\" controls src=\"https:\/\/www.grandepremio.com\/br\/wp-content\/uploads\/2022\/10\/CsvMEoeOJIsfUyfp.mp4\"><\/video><figcaption>Nicholas Latifi se equivoc\u00f3 en la entrada al pit lane en Suzuka (V\u00eddeo: Playback\/F1 TV)<\/figcaption><\/figure>\n\n\n\n<p class=\"wp-block-paragraph\"><strong>Nicholas Latifi<\/strong> cometi\u00f3 un error t\u00edpico al principio de la segunda sesi\u00f3n de entrenamientos del <strong>GP de Jap\u00f3n<\/strong> en <strong>Suzuka<\/strong> este viernes.<\/p>\n\n\n\n<p class=\"wp-block-paragraph\">El piloto de <strong>Williams<\/strong> confundi\u00f3 la entrada al pit lane con la salida de la chicane y se pase\u00f3 por el carril auxiliar del circuito, provocando una c\u00f3mica escena en Jap\u00f3n.<\/p>\n\n\n\n<p class=\"wp-block-paragraph\"><strong>\u00a1Conoce el canal de Grande Pr\u00eamio en Espa\u00f1ol en\u00a0<a href=\"https:\/\/www.youtube.com\/channel\/UCDxWojGVUi9gWYhrY0pGbIQ\" target=\"_blank\" rel=\"noreferrer noopener\">YouTube<\/a>!<br>\u00a1Sigue a\u00a0Grande Pr\u00eamio en Espa\u00f1ol\u00a0en\u00a0<a href=\"https:\/\/twitter.com\/grandepremioES\" target=\"_blank\" rel=\"noreferrer noopener\">Twitter\u00a0<\/a>y en\u00a0<a href=\"https:\/\/www.instagram.com\/grandepremioes\/\" target=\"_blank\" rel=\"noreferrer noopener\">Instagram<\/a>!<\/strong><\/p>\n\n\n\n<figure class=\"wp-block-image size-large\"><img decoding=\"async\" src=\"https:\/\/www.grandepremio.com\/br\/wp-content\/uploads\/2022\/10\/image-1-1-1024x576.png\" alt=\"\" class=\"wp-image-621113\"\/><figcaption>Latifi protagoniz\u00f3 una divertida escena durante los TL2 en Suzuka (Foto: Reproducci\u00f3n\/ F1 TV)<\/figcaption><\/figure>\n\n\n\n<p class=\"wp-block-paragraph\">Con el error, se vio obligado a retroceder y as\u00ed volvi\u00f3 a la pista para dirigirse a los boxes del circuito.<\/p>\n\n\n\n<p class=\"wp-block-paragraph\">El canadiense a\u00fan no ha sumado puntos en la temporada 2022 de la F\u00f3rmula 1 y, en la primera actividad disputada en suelo japon\u00e9s, termin\u00f3 17\u00ba.<\/p>\n\n\n\n<p class=\"wp-block-paragraph\"><strong>GRANDE PR\u00caMIO<\/strong> sigue todas las actividades del Gran Premio de Jap\u00f3n de F\u00f3rmula 1.<\/p>\n\n\n\n<p class=\"wp-block-paragraph\"><strong>VER TAMBI\u00c9N<br><a href=\"https:\/\/grandepremio.com\/es\/\/f1\/williams-companero-albon-2023-abu-dhabi\/\">Williams espera definir compa\u00f1ero de Albon para 2023 \u00abprobablemente tras Abu Dhabi\u00bb<\/a><br><a href=\"https:\/\/grandepremio.com\/es\/\/f1\/gasly-fama-tsunoda-japon-ejemplo\/\">Gasly presencia la fama de Tsunoda en Jap\u00f3n y elogia: \u00abSe convirti\u00f3 en un ejemplo\u00bb<\/a><\/strong><\/p>\n","protected":false},"excerpt":{"rendered":"<p>Nicholas Latifi cometi\u00f3 una espectacular metedura de pata durante los entrenamientos de Suzuka, al tomar una curva equivocada para entrar en el pit lane.<\/p>\n","protected":false},"author":0,"featured_media":1010088317,"comment_status":"closed","ping_status":"closed","sticky":false,"template":"","format":"standard","meta":{"42wp_featured_image_caption":"","42wp_featured_image_credits":"","42wp_featured_video":"","42wp_featured_image_hidden":false,"42wp_authors_list":[],"footnotes":""},"categories":[5],"tags":[181,1495,179,1422,1488,2237,422,3516,3484,204],"42wp_author":[14234],"class_list":["post-21394","post","type-post","status-publish","format-standard","has-post-thumbnail","hentry","category-f1","tag-f1","tag-f1-2022","tag-formula-1","tag-gp-de-japon","tag-grande-premio","tag-grandepremio","tag-nicholas-latifi","tag-pit-lane-japon","tag-suzuka","tag-williams","42wp_author-douglas-rocha"],"_links":{"self":[{"href":"https:\/\/grandepremio.com\/es\/wp-json\/wp\/v2\/posts\/21394","targetHints":{"allow":["GET"]}}],"collection":[{"href":"https:\/\/grandepremio.com\/es\/wp-json\/wp\/v2\/posts"}],"about":[{"href":"https:\/\/grandepremio.com\/es\/wp-json\/wp\/v2\/types\/post"}],"replies":[{"embeddable":true,"href":"https:\/\/grandepremio.com\/es\/wp-json\/wp\/v2\/comments?post=21394"}],"version-history":[{"count":0,"href":"https:\/\/grandepremio.com\/es\/wp-json\/wp\/v2\/posts\/21394\/revisions"}],"wp:featuredmedia":[{"embeddable":true,"href":"https:\/\/grandepremio.com\/es\/wp-json\/wp\/v2\/media\/1010088317"}],"wp:attachment":[{"href":"https:\/\/grandepremio.com\/es\/wp-json\/wp\/v2\/media?parent=21394"}],"wp:term":[{"taxonomy":"category","embeddable":true,"href":"https:\/\/grandepremio.com\/es\/wp-json\/wp\/v2\/categories?post=21394"},{"taxonomy":"post_tag","embeddable":true,"href":"https:\/\/grandepremio.com\/es\/wp-json\/wp\/v2\/tags?post=21394"},{"taxonomy":"42wp_author","embeddable":true,"href":"https:\/\/grandepremio.com\/es\/wp-json\/wp\/v2\/42wp_author?post=21394"}],"curies":[{"name":"wp","href":"https:\/\/api.w.org\/{rel}","templated":true}]}}