{"id":21425,"date":"2022-10-04T11:11:57","date_gmt":"2022-10-04T14:11:57","guid":{"rendered":"https:\/\/grandepremio.com\/es\/2022\/10\/04\/dorna-investigacion-agresion-tom-booth-amos\/"},"modified":"2022-10-04T11:11:59","modified_gmt":"2022-10-04T14:11:59","slug":"dorna-investigacion-agresion-tom-booth-amos","status":"publish","type":"post","link":"https:\/\/grandepremio.com\/es\/motogp\/dorna-investigacion-agresion-tom-booth-amos\/","title":{"rendered":"Dorna abre investigaci\u00f3n por la agresi\u00f3n a Booth-Amos por un mec\u00e1nico en 2019"},"content":{"rendered":"\n<p class=\"wp-block-paragraph\">Dorna, el promotor del <strong>Mundial de Motociclismo<\/strong>, ha abierto una investigaci\u00f3n sobre la agresi\u00f3n sufrida por <strong>Tom Booth-Amos<\/strong> dentro del paddock del <strong>GP de Tailandia<\/strong> de la temporada <strong>2019<\/strong> de <strong>Moto3<\/strong>. La informaci\u00f3n fue confirmada por <strong>GRANDE PR\u00caMIO<\/strong> con la empresa espa\u00f1ola.<\/p>\n\n\n\n<p class=\"wp-block-paragraph\">El viernes pasado sali\u00f3 a la luz un v\u00eddeo en el que Booth-Amos recibe una patada de un miembro de <strong>CIP<\/strong> tras una carrera. La agresi\u00f3n contin\u00faa tras entrar en la carpa que sirvi\u00f3 de boxes para el equipo durante la etapa.<\/p>\n\n\n\n<p class=\"wp-block-paragraph\"><strong>\u00a1Conoce el canal de Grande Pr\u00eamio en Espa\u00f1ol en\u00a0<a href=\"https:\/\/www.youtube.com\/channel\/UCDxWojGVUi9gWYhrY0pGbIQ\" target=\"_blank\" rel=\"noreferrer noopener\">YouTube<\/a>!<br>\u00a1Sigue a\u00a0Grande Pr\u00eamio en Espa\u00f1ol\u00a0en\u00a0<a href=\"https:\/\/twitter.com\/grandepremioES\" target=\"_blank\" rel=\"noreferrer noopener\">Twitter\u00a0<\/a>y en\u00a0<a href=\"https:\/\/www.instagram.com\/grandepremioes\/\" target=\"_blank\" rel=\"noreferrer noopener\">Instagram<\/a>!<\/strong><\/p>\n\n\n\n<figure class=\"wp-block-video\"><video class=\"video-js vjs-big-play-centered\" data-gp-vjs=\"1\" controls poster=\"https:\/\/www.grandepremio.com\/br\/wp-content\/uploads\/2022\/10\/kT8UlYmvuRaCNpFB-poster.jpeg\" src=\"https:\/\/www.grandepremio.com\/br\/wp-content\/uploads\/2022\/10\/kT8UlYmvuRaCNpFB.mp4\"><\/video><figcaption>El v\u00eddeo de 2019 se hizo viral este a\u00f1o y provocar\u00e1 una investigaci\u00f3n de Dorna (v\u00eddeo: reproducci\u00f3n\/Twitter)<\/figcaption><\/figure>\n\n\n\n<p class=\"wp-block-paragraph\">En las redes sociales, el brit\u00e1nico, que ahora corre en el <strong>Mundial de Supersport 600<\/strong>, confirm\u00f3 que fue v\u00edctima de la agresi\u00f3n, pero que no denunci\u00f3 el caso a Dorna ni a sus propios responsables, ya que quer\u00eda mantener su plaza en el a\u00f1o siguiente.<\/p>\n\n\n\n<p class=\"wp-block-paragraph\">&#8220;Hubo muchos problemas con el equipo ese a\u00f1o, que nunca se revelaron&#8221;, escribi\u00f3 Booth-Amos. &#8220;Me qued\u00e9 callado porque quer\u00eda asegurar mi puesto para la temporada 2020, era mi sue\u00f1o seguir en el paddock. Esto ocurri\u00f3 despu\u00e9s de una carrera, cuando mi moto se rompi\u00f3 por un error de los mec\u00e1nicos. Me advirtieron que me quedara callado. Nunca dije nada a nadie, ni a Dorna ni a mi agente. Fue una de las cosas que ocurrieron ese a\u00f1o. La gente no sabe lo que ocurre detr\u00e1s de las c\u00e1maras&#8221;, a\u00f1adi\u00f3.<\/p>\n\n\n\n<p class=\"wp-block-paragraph\">Al d\u00eda siguiente de la manifestaci\u00f3n del conductor, ahora de 26 a\u00f1os, el CIP tambi\u00e9n utiliz\u00f3 las redes sociales para pronunciarse. El equipo conden\u00f3 la agresi\u00f3n y dijo que el empleado ya no forma parte de la plantilla del equipo.<\/p>\n\n\n\n<p class=\"wp-block-paragraph\"><strong>VER TAMBI\u00c9N<br><a href=\"https:\/\/grandepremio.com\/es\/\/motogp\/oliveira-lluvioso-gp-tailandia\/\">Oliveira bate a Miller y gana un lluvioso GP de Tailandia; Quartararo solo es 17\u00ba<\/a><br><a href=\"https:\/\/grandepremio.com\/es\/\/motogp\/marc-marquez-copa-ducati-apuesta-moto-francesco-bagnaia\/\">M\u00e1rquez habla de \u00abCopa Ducati\u00bb en MotoGP y apuesta por la \u00abmoto de Bagnaia\u00bb para el t\u00edtulo<\/a><\/strong><\/p>\n\n\n\n<p class=\"wp-block-paragraph\">&#8220;Sobre el v\u00eddeo de 2019, rechazamos ese tipo de comportamiento. Y queremos disculparnos p\u00fablicamente con Booth-Amos. Un equipo no tiene \u00e9xito solo, sino cuando est\u00e1 formado por varias personas. Por eso este entrenador ya no forma parte de nuestro equipo&#8221;, declar\u00f3 el IPC. &#8220;La violencia, de cualquier tipo, no es aceptable en nuestro deporte ni en ning\u00fan sitio. Hemos tomado medidas para garantizar que esto no vuelva a ocurrir en el futuro&#8221;, a\u00f1adi\u00f3.<\/p>\n\n\n\n<p class=\"wp-block-paragraph\">Consultada por <strong>GRANDE PR\u00caMIO<\/strong>, Dorna confirm\u00f3 que ha abierto una investigaci\u00f3n sobre el caso pero, a pesar de ser preguntada, no habl\u00f3 de posibles sanciones. &#8220;Recientemente ha salido a la luz el incidente ocurrido en el <strong>GP de Tailandia<\/strong> de 2019 en el que se vieron implicados el piloto de Moto3 Tom Booth-Amos y su antiguo equipo&#8221;, se\u00f1al\u00f3 Dorna en un comunicado. &#8220;Por lo tanto, se est\u00e1 investigando&#8221;, a\u00f1adi\u00f3.<\/p>\n\n\n\n<p class=\"wp-block-paragraph\"><strong>GP<\/strong> tambi\u00e9n se puso en contacto con la <strong>FIM<\/strong> (Federaci\u00f3n Internacional de Motociclismo), pero no recibi\u00f3 respuesta al cierre de esta nota.<\/p>\n\n\n\n<p class=\"wp-block-paragraph\">Sin embargo, seg\u00fan el portal brit\u00e1nico <strong>The Race<\/strong>, el agresor de Booth-Amos, cuyo nombre no fue revelado, sigue trabajando en el paddock, pero ahora en <strong>MAX<\/strong>. <strong>GRANDE PR\u00caMIO<\/strong> se ha puesto en contacto con <strong>Peter \u00d6ettl<\/strong>, el jefe del equipo, y actualizar\u00e1 el informe en cuanto tenga una respuesta.<\/p>\n\n\n\n<p class=\"wp-block-paragraph\">MotoGP vuelve a la pista el pr\u00f3ximo d\u00eda 13 para la primera jornada de entrenamientos del GP de Australia en <strong>Phillip Island<\/strong>. <strong>GRANDE PR\u00caMIO<\/strong> seguir\u00e1 todas las actividades del <strong>Mundial de Motociclismo 2022<\/strong>.<\/p>\n","protected":false},"excerpt":{"rendered":"<p>A GRANDE PR\u00caMIO, Dorna, el promotor del Mundial de Motociclismo, ha confirmado que ha abierto una investigaci\u00f3n sobre el incidente protagonizado por Tom Booth-Amos y un ahora ex miembro del CIP en el paddock de Tailandia para la temporada 2019 de Moto3. La empresa espa\u00f1ola no habl\u00f3 de posibles sanciones.<\/p>\n","protected":false},"author":0,"featured_media":1010087940,"comment_status":"closed","ping_status":"closed","sticky":false,"template":"","format":"standard","meta":{"42wp_featured_image_caption":"","42wp_featured_image_credits":"","42wp_featured_video":"","42wp_featured_image_hidden":false,"42wp_authors_list":[],"footnotes":""},"categories":[8],"tags":[1678,3489,1448,1488,2237,1293,3487,1341,3490,3488],"42wp_author":[14234],"class_list":["post-21425","post","type-post","status-publish","format-standard","has-post-thumbnail","hentry","category-motogp","tag-dorna","tag-federacion-internacional-del-motociclismo","tag-fim","tag-grande-premio","tag-grandepremio","tag-motogp","tag-motogp-2019","tag-motogp-2022","tag-supersport-600","tag-tom-booth-amos","42wp_author-douglas-rocha"],"_links":{"self":[{"href":"https:\/\/grandepremio.com\/es\/wp-json\/wp\/v2\/posts\/21425","targetHints":{"allow":["GET"]}}],"collection":[{"href":"https:\/\/grandepremio.com\/es\/wp-json\/wp\/v2\/posts"}],"about":[{"href":"https:\/\/grandepremio.com\/es\/wp-json\/wp\/v2\/types\/post"}],"replies":[{"embeddable":true,"href":"https:\/\/grandepremio.com\/es\/wp-json\/wp\/v2\/comments?post=21425"}],"version-history":[{"count":0,"href":"https:\/\/grandepremio.com\/es\/wp-json\/wp\/v2\/posts\/21425\/revisions"}],"wp:featuredmedia":[{"embeddable":true,"href":"https:\/\/grandepremio.com\/es\/wp-json\/wp\/v2\/media\/1010087940"}],"wp:attachment":[{"href":"https:\/\/grandepremio.com\/es\/wp-json\/wp\/v2\/media?parent=21425"}],"wp:term":[{"taxonomy":"category","embeddable":true,"href":"https:\/\/grandepremio.com\/es\/wp-json\/wp\/v2\/categories?post=21425"},{"taxonomy":"post_tag","embeddable":true,"href":"https:\/\/grandepremio.com\/es\/wp-json\/wp\/v2\/tags?post=21425"},{"taxonomy":"42wp_author","embeddable":true,"href":"https:\/\/grandepremio.com\/es\/wp-json\/wp\/v2\/42wp_author?post=21425"}],"curies":[{"name":"wp","href":"https:\/\/api.w.org\/{rel}","templated":true}]}}